{"id":976,"date":"2018-04-20T13:10:23","date_gmt":"2018-04-20T11:10:23","guid":{"rendered":"https:\/\/hespel.fr\/?p=976"},"modified":"2024-12-30T14:49:23","modified_gmt":"2024-12-30T13:49:23","slug":"the-final-cut-ou-une-selection-de-logiciels-de-montage-gratuits","status":"publish","type":"post","link":"https:\/\/hespel.fr\/?p=976","title":{"rendered":"The Final Cut ou une s\u00e9lection de logiciels de montage gratuits"},"content":{"rendered":"<p>Depuis qu&rsquo;Apple a officiellement annonc\u00e9 l&rsquo;impossibilit\u00e9 pour <a href=\"https:\/\/www.redsharknews.com\/post-vfx\/item\/4909-remembering-final-cut-pro-7\" rel=\"noopener noreferrer\" target=\"_blank\">Final Cut Pro 7 de fonctionner sous MacOS 10.13 High Sierra<\/a>, je me suis activement mis \u00e0 la recherche de son successeur. Mon quotidien tournant de mani\u00e8re importante autour du montage vid\u00e9o, ce n&rsquo;\u00e9tait pas une d\u00e9cision \u00e0 prendre \u00e0 la l\u00e9g\u00e8re et j&rsquo;ai donc entrepris de tester les trois solutions de remplacement les plus \u00e9videntes, \u00e0 savoir <strong>Adobe Premiere Pro CC, Final Cut Pro X et DaVinci Resolve<\/strong>.<\/p>\n<p>De prime abord, on pourrait croire que la derni\u00e8re version de <strong>Final Cut Pro X<\/strong> est l&rsquo;h\u00e9ritier tout d\u00e9sign\u00e9 de la version 7. Bien entendu, il n&rsquo;en est rien puisqu&rsquo;Apple a radicalement chang\u00e9 son logiciel de montage et si je ne suis pas forc\u00e9ment allergique au changement, il faut avouer qu&rsquo;ici, on perd de fait tous ses rep\u00e8res. A l&rsquo;origine un peu trop proche de iMovie, <a href=\"https:\/\/www.apple.com\/fr\/final-cut-pro\/\" rel=\"noopener noreferrer\" target=\"_blank\">Final Cut Pro X<\/a> s&rsquo;est mis \u00e0 jour continuellement depuis pour apporter des options plus professionnelles. De mon point de vue, son apport le plus int\u00e9ressant reste la prise en charge du contenu VR et autres vid\u00e9os \u00e0 360\u00b0, de mani\u00e8re assez intuitive. C&rsquo;est malheureusement la seule chose intuitive que j&rsquo;ai trouv\u00e9 dans le logiciel, le reste me faisant m&rsquo;arracher les cheveux.<!--more--><\/p>\n<p><strong>Adobe Premiere Pro CC <\/strong>\u00e9tait donc une alternative int\u00e9ressante. Bien int\u00e9gr\u00e9 dans la suite Adobe (Photoshop, After Effects), le logiciel propose une interface facilement reconnaissable et de nombreuses options pour les professionnels. Une base solide qui inspire la confiance. Son seul d\u00e9faut ? Son co\u00fbt. <a href=\"https:\/\/www.adobe.com\/be_fr\/products\/premiere.html\" rel=\"noopener noreferrer\" target=\"_blank\">Premiere Pro<\/a> est uniquement disponible via un abonnement mensuel qui le rend rapidement hors de prix par rapport aux autres solutions et implique de s&rsquo;enfermer dans l&rsquo;\u00e9cosyst\u00e8me Adobe. Sans \u00eatre claustrophobe, je n&rsquo;aime pas qu&rsquo;on m&rsquo;enferme.<\/p>\n<p><a href=\"https:\/\/hespel.fr\/wp-content\/uploads\/2018\/04\/adobecc.jpg\"><img loading=\"lazy\" decoding=\"async\" data-attachment-id=\"986\" data-permalink=\"https:\/\/hespel.fr\/?attachment_id=986\" data-orig-file=\"https:\/\/hespel.fr\/wp-content\/uploads\/2018\/04\/adobecc.jpg\" data-orig-size=\"1453,923\" data-comments-opened=\"1\" data-image-meta=\"{&quot;aperture&quot;:&quot;0&quot;,&quot;credit&quot;:&quot;&quot;,&quot;camera&quot;:&quot;&quot;,&quot;caption&quot;:&quot;&quot;,&quot;created_timestamp&quot;:&quot;0&quot;,&quot;copyright&quot;:&quot;&quot;,&quot;focal_length&quot;:&quot;0&quot;,&quot;iso&quot;:&quot;0&quot;,&quot;shutter_speed&quot;:&quot;0&quot;,&quot;title&quot;:&quot;&quot;,&quot;orientation&quot;:&quot;1&quot;}\" data-image-title=\"adobecc\" data-image-description=\"\" data-image-caption=\"\" data-large-file=\"https:\/\/hespel.fr\/wp-content\/uploads\/2018\/04\/adobecc-1024x650.jpg\" src=\"https:\/\/hespel.fr\/wp-content\/uploads\/2018\/04\/adobecc-1024x650.jpg\" alt=\"\" width=\"780\" height=\"495\" class=\"aligncenter size-large wp-image-986\" srcset=\"https:\/\/hespel.fr\/wp-content\/uploads\/2018\/04\/adobecc-1024x650.jpg 1024w, https:\/\/hespel.fr\/wp-content\/uploads\/2018\/04\/adobecc-300x191.jpg 300w, https:\/\/hespel.fr\/wp-content\/uploads\/2018\/04\/adobecc-768x488.jpg 768w, https:\/\/hespel.fr\/wp-content\/uploads\/2018\/04\/adobecc.jpg 1453w\" sizes=\"auto, (max-width: 780px) 100vw, 780px\" \/><\/a><\/p>\n<p>Entre en piste <strong>DaVinci Resolve<\/strong>, l&rsquo;outsider. Si les deux pr\u00e9c\u00e9dents logiciels offrent des versions d&rsquo;\u00e9valuation (7 jours pour <a href=\"https:\/\/www.adobe.com\/be_fr\/products\/premiere\/free-trial-download.html\" rel=\"noopener noreferrer\" target=\"_blank\">Adobe Premiere<\/a>, 30 jours pour <a href=\"https:\/\/www.apple.com\/fr\/final-cut-pro\/trial\/\" rel=\"noopener noreferrer\" target=\"_blank\">Final Cut Pro X<\/a>), <a href=\"https:\/\/www.blackmagicdesign.com\/products\/davinciresolve\" rel=\"noopener noreferrer\" target=\"_blank\">DaVinci Resolve<\/a> offre lui une version compl\u00e8tement gratuite en compl\u00e9ment de sa version studio. Et cette version gratuite est d\u00e9j\u00e0 impressionnante. Facile \u00e0 prendre en main, elle offre d\u00e9j\u00e0 un beau terrain de jeu et peut d\u00e9j\u00e0 suffire \u00e0 la majorit\u00e9 des monteurs. Le logiciel, en version gratuite ou payante, souffre encore de quelques limitations \u00e9tranges par rapport \u00e0 Adobe Premiere par exemple, mais il \u00e9volue vite et la nouvelle version 15 qui s&rsquo;annonce pourrait bien combler les derniers manques. Deux b\u00e9mols tout de m\u00eame : son instabilit\u00e9 relative par rapport \u00e0 Adobe Premiere, et l&rsquo;absence d&rsquo;option pour traiter de la vid\u00e9o VR.<\/p>\n<div class=\"jetpack-video-wrapper\"><span class=\"embed-youtube\" style=\"text-align:center; display: block;\"><iframe loading=\"lazy\" class=\"youtube-player\" width=\"780\" height=\"439\" src=\"https:\/\/www.youtube.com\/embed\/84e7iCI9Jkk?version=3&#038;rel=1&#038;showsearch=0&#038;showinfo=1&#038;iv_load_policy=1&#038;fs=1&#038;hl=fr-FR&#038;autohide=2&#038;wmode=transparent\" allowfullscreen=\"true\" style=\"border:0;\" sandbox=\"allow-scripts allow-same-origin allow-popups allow-presentation allow-popups-to-escape-sandbox\"><\/iframe><\/span><\/div>\n<p>Verdict ? En terme de rapport qualit\u00e9 \/ prix, DaVinci Resolve se d\u00e9marque forc\u00e9ment. Sa version gratuite est impressionnante, multiplateforme (ce qui n&rsquo;est pas le cas de Final Cut Pro X) et difficile \u00e0 mettre en d\u00e9faut. Final Cut Pro X garde ma pr\u00e9f\u00e9rence pour traiter de la vid\u00e9o \u00e0 360\u00b0, mais je ne vois pas ce qui me pousserait \u00e0 l&rsquo;utiliser sinon. Que reste-t-il \u00e0 Adobe Premiere ? Son \u00e9cosyst\u00e8me et sa place importante dans l&rsquo;industrie, qui en font presque un standard. A consid\u00e9rer si on peut y mettre le prix&#8230;<\/p>\n<h3>Les alternatives : les meilleurs logiciels de montage gratuits<\/h3>\n<p>Si DaVinci Resolve me para\u00eet \u00eatre le meilleur logiciel de montage gratuit actuellement sur le march\u00e9 (il propose en plus des outils d&rsquo;\u00e9talonnage et de mixage son), il demande une configuration assez muscl\u00e9e pour fonctionner de mani\u00e8re optimale. Il existe heureusement des alternatives un peu moins gourmandes.<\/p>\n<p><strong>HitFilm Express<\/strong><br \/>\nHitfilm fonctionne sous Windows et sous OS X et est absolument gratuit dans sa version Express (alternative \u00e0 sa version Pro \u00e0 400 euros). Il faut juste partager la nouvelle sur les r\u00e9seaux sociaux pour avoir acc\u00e8s au t\u00e9l\u00e9chargement. L\u2019interface est assez standard pour qui est habitu\u00e9 aux solutions r\u00e9ellement pro mais en m\u00eame temps assez bien pens\u00e9e pour ne pas perdre les utilisateurs moins exp\u00e9riment\u00e9s. Une tr\u00e8s bonne alternative \u00e0 DaVinci Resolve. <a href=\"https:\/\/fxhome.com\/product\/hitfilm\" rel=\"noopener noreferrer\" target=\"_blank\">Essayer Hitfilm Express 4.<\/a><\/p>\n<p><strong>Shotcut<\/strong><br \/>\nGratuit lui aussi, et compl\u00e8tement open source, Shotcut est une autre alternative cr\u00e9dible pour s&rsquo;essayer au montage. Il fonctionne \u00e0 la fois sous Windows et Mac OS X, mais aussi sur Linux. Il vient avec ses propres codecs et peut m\u00eame \u00eatre ex\u00e9cut\u00e9 comme une Portable App, \u00e0 partir d&rsquo;un disque dur ou d&rsquo;une cl\u00e9 USB. Un couteau suisse bien pens\u00e9 qui s\u00e9duira les adeptes de l&rsquo;Open Source et peut-\u00eatre aussi les autres. <a href=\"https:\/\/www.shotcut.org\/download\/\" rel=\"noopener noreferrer\" target=\"_blank\">Essayer Shotcut.<\/a><\/p>\n<p><a href=\"https:\/\/hespel.fr\/wp-content\/uploads\/2018\/04\/shotcut.jpg\"><img loading=\"lazy\" decoding=\"async\" data-attachment-id=\"988\" data-permalink=\"https:\/\/hespel.fr\/?attachment_id=988\" data-orig-file=\"https:\/\/hespel.fr\/wp-content\/uploads\/2018\/04\/shotcut.jpg\" data-orig-size=\"1177,584\" data-comments-opened=\"1\" data-image-meta=\"{&quot;aperture&quot;:&quot;0&quot;,&quot;credit&quot;:&quot;&quot;,&quot;camera&quot;:&quot;&quot;,&quot;caption&quot;:&quot;&quot;,&quot;created_timestamp&quot;:&quot;0&quot;,&quot;copyright&quot;:&quot;&quot;,&quot;focal_length&quot;:&quot;0&quot;,&quot;iso&quot;:&quot;0&quot;,&quot;shutter_speed&quot;:&quot;0&quot;,&quot;title&quot;:&quot;&quot;,&quot;orientation&quot;:&quot;1&quot;}\" data-image-title=\"shotcut\" data-image-description=\"\" data-image-caption=\"\" data-large-file=\"https:\/\/hespel.fr\/wp-content\/uploads\/2018\/04\/shotcut-1024x508.jpg\" src=\"https:\/\/hespel.fr\/wp-content\/uploads\/2018\/04\/shotcut-1024x508.jpg\" alt=\"\" width=\"780\" height=\"387\" class=\"aligncenter size-large wp-image-988\" srcset=\"https:\/\/hespel.fr\/wp-content\/uploads\/2018\/04\/shotcut-1024x508.jpg 1024w, https:\/\/hespel.fr\/wp-content\/uploads\/2018\/04\/shotcut-300x149.jpg 300w, https:\/\/hespel.fr\/wp-content\/uploads\/2018\/04\/shotcut-768x381.jpg 768w, https:\/\/hespel.fr\/wp-content\/uploads\/2018\/04\/shotcut.jpg 1177w\" sizes=\"auto, (max-width: 780px) 100vw, 780px\" \/><\/a><\/p>\n<p><strong>Lightworks<\/strong><br \/>\nAvec Lightworks, on revient dans la cat\u00e9gorie professionnelle du montage vid\u00e9o, l\u00e0 o\u00f9 HitFilm Express et Shotcut s&rsquo;adressait davantage \u00e0 ceux qui pratiquent le montage comme un hobby. Malheureusement, la version gratuite de Lightworks est aussi plus limit\u00e9 que ses concurrents, histoire de mieux justifier sa version payante, disponible en abonnement mensuel, annuel, ou \u00e0 l&rsquo;achat d&rsquo;une licence valable \u00e0 vie. Lightworks a \u00e9t\u00e9 utilis\u00e9 sur des grosses productions telles que Batman ou Mission Impossible et reste un peu complexe \u00e0 prendre en main \u00e0 mon sens, jouant la carte de l&rsquo;innovation en terme d&rsquo;ergonomie plut\u00f4t que de se reposer sur les standards de l&rsquo;industrie. A r\u00e9server aux plus aventureux donc&#8230; Lightworks est multiplateforme et, si \u00e7a n&rsquo;a pas chang\u00e9 depuis mon test, demande une connexion internet pour fonctionner. <a href=\"https:\/\/www.lwks.com\/\" rel=\"noopener noreferrer\" target=\"_blank\">Essayer Lightworks.<\/a><\/p>\n<p><a href=\"https:\/\/hespel.fr\/wp-content\/uploads\/2018\/04\/lightworks.jpg\"><img loading=\"lazy\" decoding=\"async\" data-attachment-id=\"985\" data-permalink=\"https:\/\/hespel.fr\/?attachment_id=985\" data-orig-file=\"https:\/\/hespel.fr\/wp-content\/uploads\/2018\/04\/lightworks.jpg\" data-orig-size=\"960,1080\" data-comments-opened=\"1\" data-image-meta=\"{&quot;aperture&quot;:&quot;0&quot;,&quot;credit&quot;:&quot;&quot;,&quot;camera&quot;:&quot;&quot;,&quot;caption&quot;:&quot;&quot;,&quot;created_timestamp&quot;:&quot;0&quot;,&quot;copyright&quot;:&quot;&quot;,&quot;focal_length&quot;:&quot;0&quot;,&quot;iso&quot;:&quot;0&quot;,&quot;shutter_speed&quot;:&quot;0&quot;,&quot;title&quot;:&quot;&quot;,&quot;orientation&quot;:&quot;1&quot;}\" data-image-title=\"lightworks\" data-image-description=\"\" data-image-caption=\"\" data-large-file=\"https:\/\/hespel.fr\/wp-content\/uploads\/2018\/04\/lightworks-910x1024.jpg\" src=\"https:\/\/hespel.fr\/wp-content\/uploads\/2018\/04\/lightworks-910x1024.jpg\" alt=\"\" width=\"780\" height=\"878\" class=\"aligncenter size-large wp-image-985\" srcset=\"https:\/\/hespel.fr\/wp-content\/uploads\/2018\/04\/lightworks-910x1024.jpg 910w, https:\/\/hespel.fr\/wp-content\/uploads\/2018\/04\/lightworks-267x300.jpg 267w, https:\/\/hespel.fr\/wp-content\/uploads\/2018\/04\/lightworks-768x864.jpg 768w, https:\/\/hespel.fr\/wp-content\/uploads\/2018\/04\/lightworks.jpg 960w\" sizes=\"auto, (max-width: 780px) 100vw, 780px\" \/><\/a><\/p>\n<p><strong>Avid Media Composer First<\/strong><br \/>\nHistoriquement, Avid \u00e9tait le logiciel de montage par excellence, en situation de quasi monopole dans l&rsquo;industrie cin\u00e9matographique et m\u00eame en t\u00e9l\u00e9vision. L&rsquo;arriv\u00e9e d&rsquo;Adobe Premiere et de Final Cut Pro lui ont fait perdre beaucoup de parts de march\u00e9 et s&rsquo;il figure toujours aujourd&rsquo;hui en bonne place dans le monde professionnel, il n&rsquo;en reste pas moins qu&rsquo;il a un peu d\u00e9gringol\u00e9 dans le classement des logiciels de montage les plus utilis\u00e9s. Pour essayer de se refaire une sant\u00e9, Avid s&rsquo;est inspir\u00e9 du mod\u00e8le de DaVinci Resolve en lan\u00e7ant l&rsquo;ann\u00e9e derni\u00e8re une version gratuite. Celle-ci n&rsquo;est pas parfaite et, comme celle de Lightworks, souffre de <a href=\"https:\/\/www.avid.com\/media-composer\" rel=\"noopener noreferrer\" target=\"_blank\">limitations un peu p\u00e9nibles<\/a>, qu&rsquo;on ne retrouve pas dans HitFilm Express ou Shotcut. Personnellement, j&rsquo;ai aussi toujours trouv\u00e9 l&rsquo;interface d&rsquo;Avid tr\u00e8s peu ergonomique et je ne le conseillerai donc pas sp\u00e9cialement. <a href=\"https:\/\/www.avid.com\/media-composer-first\" rel=\"noopener noreferrer\" target=\"_blank\">Essayer Avid Media Composer First.<\/a><\/p>\n<p>J&rsquo;ai volontairement laiss\u00e9 de c\u00f4t\u00e9 iMovie et Photos, le rempla\u00e7ant de Windows Movie Maker, qui viennent respectivement install\u00e9s d&rsquo;office avec Mac OS et Windows et qui peuvent malgr\u00e9 tout constituer une premi\u00e8re \u00e9tape pour ceux qui souhaiteraient s&rsquo;essayer au montage vid\u00e9o. Ces outils permettent d\u00e9j\u00e0 de s&rsquo;amuser mais montrent vite leurs limites. Si vous en avez d\u00e9j\u00e0 fait le tour, n&rsquo;importe quel logiciel cit\u00e9 ci-dessus devrait vous permettre d&rsquo;aller plus loin. Bref, si vous pensiez qu&rsquo;il \u00e9tait encore n\u00e9cessaire de pirater pour utiliser un logiciel de montage vid\u00e9o professionnel, vous n&rsquo;avez plus d&rsquo;excuse !<\/p>\n<p><em>N&rsquo;h\u00e9sitez pas \u00e0 partager votre exp\u00e9rience avec ces diff\u00e9rents logiciels en commentaire.<\/em><\/p>\n<p><span class=\"imdbRatingPlugin\" data-user=\"ur22055856\" data-title=\"tt0364343\" data-style=\"t1\"><br \/>\n<a href=\"https:\/\/www.imdb.com\/title\/tt0364343\/?ref_=tt_plg_rt\"\n><img decoding=\"async\" alt=\"The Final Cut (2004) on IMDb\" src=\"https:\/\/ia.media-imdb.com\/images\/G\/01\/imdb\/plugins\/rating\/images\/imdb_46x22.png\"><br \/>\n<\/a><\/span><br \/>\n<script>\n(function(d,s,id){var js,stags=d.getElementsByTagName(s)[0];\nif(d.getElementById(id)){return;}js=d.createElement(s);js.id=id;\njs.src=\"https:\/\/ia.media-imdb.com\/images\/G\/01\/imdb\/plugins\/rating\/js\/rating.js\";\nstags.parentNode.insertBefore(js,stags);})(document,'script','imdb-rating-api');    \n<\/script>                    <\/p>\n","protected":false},"excerpt":{"rendered":"<p>Depuis qu&rsquo;Apple a officiellement annonc\u00e9 l&rsquo;impossibilit\u00e9 pour Final Cut Pro 7 de fonctionner sous MacOS 10.13 High Sierra, je me suis activement mis \u00e0 la recherche de son successeur. Mon quotidien tournant de mani\u00e8re importante autour du montage vid\u00e9o, ce n&rsquo;\u00e9tait pas une d\u00e9cision \u00e0 prendre \u00e0 la l\u00e9g\u00e8re et j&rsquo;ai donc entrepris de tester<\/p>\n<footer class=\"entry-footer index-entry\">\n<div class=\"post-social pull-left\"><a href=\"https:\/\/www.facebook.com\/sharer\/sharer.php?u=https%3A%2F%2Fhespel.fr%2F%3Fp%3D976\" target=\"_blank\" class=\"social-icons\"><i class=\"fa fa-facebook\" aria-hidden=\"true\"><\/i><\/a><a href=\"https:\/\/twitter.com\/home?status=https%3A%2F%2Fhespel.fr%2F%3Fp%3D976\" target=\"_blank\" class=\"social-icons\"><i class=\"fa fa-twitter\" aria-hidden=\"true\"><\/i><\/a><a href=\"https:\/\/www.linkedin.com\/shareArticle?mini=true&#038;url=https%3A%2F%2Fhespel.fr%2F%3Fp%3D976&#038;title=The+Final+Cut+ou+une+s%C3%A9lection+de+logiciels+de+montage+gratuits\" target=\"_blank\" class=\"social-icons\"><i class=\"fa fa-linkedin\" aria-hidden=\"true\"><\/i><\/a><\/div>\n<p class=\"link-more\"><a href=\"https:\/\/hespel.fr\/?p=976\" class=\"more-link\">Continue reading <span class=\"meta-nav\">\u2192<\/span><\/a><\/p>\n<\/footer>\n","protected":false},"author":3,"featured_media":0,"comment_status":"open","ping_status":"open","sticky":false,"template":"","format":"standard","meta":{"jetpack_post_was_ever_published":false,"footnotes":""},"categories":[448,6],"tags":[673,43,672,671,144,674,676,215,675,637],"class_list":["post-976","post","type-post","status-publish","format-standard","hentry","category-tests","category-video","tag-adobe-premiere","tag-avid","tag-davinci-resolve","tag-final-cut-pro-x","tag-gratuit","tag-hitfilm","tag-lightworks","tag-montage","tag-shotcut","tag-video"],"aioseo_notices":[],"jetpack_featured_media_url":"","jetpack_shortlink":"https:\/\/wp.me\/p97UKg-fK","jetpack-related-posts":[{"id":56416,"url":"https:\/\/hespel.fr\/?p=56416","url_meta":{"origin":976,"position":0},"title":"Minority Report ou les mises \u00e0 jour d&rsquo;Adobe","author":"R. Hespel","date":"novembre 4, 2023","format":false,"excerpt":"\u00c7a doit faire des ann\u00e9es que je r\u00e2le sur la politique de mise \u00e0 jour de la suite Adobe Creative Cloud. Je n'ai pas \u00e9t\u00e9 le dernier \u00e0 les accuser de jouer le jeu de l'obsolescence programm\u00e9e, m\u00eame si c'\u00e9tait peut-\u00eatre \u00e0 tort... jusqu'\u00e0 aujourd'hui. Peut-\u00eatre aviez-vous re\u00e7u le m\u00e9mo\u2026","rel":"","context":"Dans &quot;Nouvelles technologies&quot;","block_context":{"text":"Nouvelles technologies","link":"https:\/\/hespel.fr\/?cat=5"},"img":{"alt_text":"Les versions 24.0 de nos applications vid\u00e9o n\u00e9cessiteront des processeurs prenant en charge Advanced Vector Extensions 2 (AVX2). ","src":"https:\/\/i0.wp.com\/hespel.fr\/wp-content\/uploads\/2023\/10\/Adobe001.jpg?resize=350%2C200&ssl=1","width":350,"height":200,"srcset":"https:\/\/i0.wp.com\/hespel.fr\/wp-content\/uploads\/2023\/10\/Adobe001.jpg?resize=350%2C200&ssl=1 1x, https:\/\/i0.wp.com\/hespel.fr\/wp-content\/uploads\/2023\/10\/Adobe001.jpg?resize=525%2C300&ssl=1 1.5x, https:\/\/i0.wp.com\/hespel.fr\/wp-content\/uploads\/2023\/10\/Adobe001.jpg?resize=700%2C400&ssl=1 2x"},"classes":[]},{"id":42,"url":"https:\/\/hespel.fr\/?p=42","url_meta":{"origin":976,"position":1},"title":"La Guerre des Mondes ou Mac vs PC","author":"R. Hespel","date":"novembre 16, 2009","format":false,"excerpt":"A l'heure actuelle, qu'y a-t-il sur PC qu'on ne puisse faire sur Mac ? Et inversement ? Pas grand chose, sinon rien. Les deux syst\u00e8mes ont leurs partisans, car ils ont chacun leurs avantages et leurs d\u00e9fauts. Ceux-ci sont d\u00e9termin\u00e9s par les usages et les besoins qu'on a des deux\u2026","rel":"","context":"Dans &quot;Nouvelles technologies&quot;","block_context":{"text":"Nouvelles technologies","link":"https:\/\/hespel.fr\/?cat=5"},"img":{"alt_text":"","src":"","width":0,"height":0},"classes":[]},{"id":81,"url":"https:\/\/hespel.fr\/?p=81","url_meta":{"origin":976,"position":2},"title":"Le sequel ou le passage \u00e0 2010","author":"R. Hespel","date":"janvier 6, 2010","format":false,"excerpt":"Par cette article, je vous pr\u00e9sente officiellement mes meilleurs voeux pour l'ann\u00e9e 2010. Qu'elle soit pour vous source de succ\u00e8s, bonheur et r\u00e9ussite. J'aurais pu simplement poster une vid\u00e9o pour vous le souhaiter. Ma foi, j'avais m\u00eame pr\u00e9vu de le faire \u00e0 la suite de ce texte. Mais Adobe Premiere\u2026","rel":"","context":"Dans &quot;R\u00e9flexions&quot;","block_context":{"text":"R\u00e9flexions","link":"https:\/\/hespel.fr\/?cat=4"},"img":{"alt_text":"","src":"","width":0,"height":0},"classes":[]},{"id":57235,"url":"https:\/\/hespel.fr\/?p=57235","url_meta":{"origin":976,"position":3},"title":"Blanche Neige ou filmer \u00e0 l&rsquo;iPhone","author":"R. Hespel","date":"novembre 7, 2023","format":false,"excerpt":"La semaine derni\u00e8re avait lieu le \"Scary Fast\", un \u00e9v\u00e9nement Apple comme on en conna\u00eet maintenant r\u00e9guli\u00e8rement, durant lequel la marque \u00e0 la pomme a annonc\u00e9 ses nouveaux Macbooks, \u00e9quip\u00e9s \u00e0 pr\u00e9sent de puces M3. Rien de bien surprenant, a priori. Sauf que l'\u00e9v\u00e9nement se terminait sur une touche inhabituelle,\u2026","rel":"","context":"Dans &quot;Nouvelles technologies&quot;","block_context":{"text":"Nouvelles technologies","link":"https:\/\/hespel.fr\/?cat=5"},"img":{"alt_text":"This event was shot on iPhone","src":"https:\/\/i0.wp.com\/hespel.fr\/wp-content\/uploads\/2023\/11\/AppleEventScaryFast-1024x576.jpg?resize=350%2C200&ssl=1","width":350,"height":200,"srcset":"https:\/\/i0.wp.com\/hespel.fr\/wp-content\/uploads\/2023\/11\/AppleEventScaryFast-1024x576.jpg?resize=350%2C200&ssl=1 1x, https:\/\/i0.wp.com\/hespel.fr\/wp-content\/uploads\/2023\/11\/AppleEventScaryFast-1024x576.jpg?resize=525%2C300&ssl=1 1.5x, https:\/\/i0.wp.com\/hespel.fr\/wp-content\/uploads\/2023\/11\/AppleEventScaryFast-1024x576.jpg?resize=700%2C400&ssl=1 2x"},"classes":[]},{"id":4213,"url":"https:\/\/hespel.fr\/?p=4213","url_meta":{"origin":976,"position":4},"title":"Small Soldiers ou les applications de montage sur Android","author":"R. Hespel","date":"mai 10, 2020","format":false,"excerpt":"Quand on parle de montage vid\u00e9o sur smartphone, l'application qui arrive souvent la premi\u00e8re sur les l\u00e8vres est LumaFusion. Puissante sur iPhone, certains n'h\u00e9sitent pas \u00e0 dire qu'elle vaut \u00e0 elle seule l'achat d'un iPad Pro. Malheureusement, elle n'existe pas sur Android, syst\u00e8me qui \u00e9quipe quand m\u00eame 80% des smartphones\u2026","rel":"","context":"Dans &quot;Nouvelles technologies&quot;","block_context":{"text":"Nouvelles technologies","link":"https:\/\/hespel.fr\/?cat=5"},"img":{"alt_text":"KineMaster","src":"https:\/\/i0.wp.com\/hespel.fr\/wp-content\/uploads\/2020\/05\/kinemaster.png?resize=350%2C200&ssl=1","width":350,"height":200,"srcset":"https:\/\/i0.wp.com\/hespel.fr\/wp-content\/uploads\/2020\/05\/kinemaster.png?resize=350%2C200&ssl=1 1x, https:\/\/i0.wp.com\/hespel.fr\/wp-content\/uploads\/2020\/05\/kinemaster.png?resize=525%2C300&ssl=1 1.5x"},"classes":[]},{"id":108,"url":"https:\/\/hespel.fr\/?p=108","url_meta":{"origin":976,"position":5},"title":"[Rec]\u00b2 ou le Kodak Zi8 avec un Netbook","author":"R. Hespel","date":"janvier 25, 2010","format":false,"excerpt":"Apr\u00e8s ma pr\u00e9sentation de la Kodak Zi8 la semaine derni\u00e8re, j'ai souhait\u00e9 aborder la cam\u00e9ra de poche dans un angle plus pratique. Du point de vue de la mobilit\u00e9, l'engin de Kodak est parfait. On le glisse dans sa poche et il se fait vite oublier. Mais si on est\u2026","rel":"","context":"Dans &quot;Nouvelles technologies&quot;","block_context":{"text":"Nouvelles technologies","link":"https:\/\/hespel.fr\/?cat=5"},"img":{"alt_text":"","src":"","width":0,"height":0},"classes":[]}],"_links":{"self":[{"href":"https:\/\/hespel.fr\/index.php?rest_route=\/wp\/v2\/posts\/976","targetHints":{"allow":["GET"]}}],"collection":[{"href":"https:\/\/hespel.fr\/index.php?rest_route=\/wp\/v2\/posts"}],"about":[{"href":"https:\/\/hespel.fr\/index.php?rest_route=\/wp\/v2\/types\/post"}],"author":[{"embeddable":true,"href":"https:\/\/hespel.fr\/index.php?rest_route=\/wp\/v2\/users\/3"}],"replies":[{"embeddable":true,"href":"https:\/\/hespel.fr\/index.php?rest_route=%2Fwp%2Fv2%2Fcomments&post=976"}],"version-history":[{"count":10,"href":"https:\/\/hespel.fr\/index.php?rest_route=\/wp\/v2\/posts\/976\/revisions"}],"predecessor-version":[{"id":93464,"href":"https:\/\/hespel.fr\/index.php?rest_route=\/wp\/v2\/posts\/976\/revisions\/93464"}],"wp:attachment":[{"href":"https:\/\/hespel.fr\/index.php?rest_route=%2Fwp%2Fv2%2Fmedia&parent=976"}],"wp:term":[{"taxonomy":"category","embeddable":true,"href":"https:\/\/hespel.fr\/index.php?rest_route=%2Fwp%2Fv2%2Fcategories&post=976"},{"taxonomy":"post_tag","embeddable":true,"href":"https:\/\/hespel.fr\/index.php?rest_route=%2Fwp%2Fv2%2Ftags&post=976"}],"curies":[{"name":"wp","href":"https:\/\/api.w.org\/{rel}","templated":true}]}}