{"id":941,"date":"2018-02-17T16:42:33","date_gmt":"2018-02-17T15:42:33","guid":{"rendered":"https:\/\/hespel.fr\/?p=941"},"modified":"2024-01-22T11:15:55","modified_gmt":"2024-01-22T10:15:55","slug":"la-nuit-au-musee-ou-la-place-de-la-video-dans-un-musee","status":"publish","type":"post","link":"https:\/\/hespel.fr\/?p=941","title":{"rendered":"La Nuit au Mus\u00e9e ou la place de la vid\u00e9o dans un mus\u00e9e"},"content":{"rendered":"<p>Pour la premi\u00e8re fois, <strong>j&rsquo;ai des vid\u00e9os qui tournent simultan\u00e9ment dans trois mus\u00e9es<\/strong> ou expositions de la r\u00e9gion li\u00e9geoise. Une petite r\u00e9volution en soit tant j&rsquo;ai toujours \u00e9t\u00e9 tr\u00e8s prudent quant \u00e0 <strong>la place \u00e0 accorder \u00e0 des vid\u00e9os dans de telles institutions<\/strong>. Comme bien souvent, j&rsquo;ai l&rsquo;impression qu&rsquo;on cherche \u00e0 faire une vid\u00e9o simplement pour avoir une vid\u00e9o, sans se poser la question du r\u00f4le que doit jouer le m\u00e9dium dans cette situation pr\u00e9cise ni de la forme qu&rsquo;il doit adopter.<\/p>\n<p>Si on reproche bien souvent aux mus\u00e9es d&rsquo;\u00eatre des institutions poussi\u00e9reuses, ce n&rsquo;est \u00e0 mon sens pas une justification n\u00e9cessaire pour y faire entrer les \u00e9crans \u00e0 tous prix. Quand on m&rsquo;a approch\u00e9 fin 2015 pour mettre au points les vid\u00e9os du nouvel espace de l&rsquo;Aquarium-Mus\u00e9um de Li\u00e8ge, j&rsquo;ai donc cherch\u00e9 quelques ressources en ligne afin de d\u00e9terminer comment composer au mieux une r\u00e9alisation adapt\u00e9e au projet. J&rsquo;ai \u00e9t\u00e9 un peu d\u00e9\u00e7u du peu de litt\u00e9rature disponible sur le sujet.<br \/>\n<!--more--><\/p>\n<h1>Quelle place pour la vid\u00e9o dans un mus\u00e9e?<\/h1>\n<p>Si on s&rsquo;interroge bien souvent sur <a href=\"https:\/\/creators.vice.com\/fr\/article\/vvppzj\/a-quoi-ressemblerons-les-musees-du-futur\" rel=\"noopener noreferrer\" target=\"_blank\">ce \u00e0 quoi ressembleront les mus\u00e9es du futur<\/a>, la r\u00e9ponse est loin d&rsquo;\u00eatre toute trouv\u00e9e. On parle de multim\u00e9dia, on est d\u00e9j\u00e0 \u00e0 moiti\u00e9 d\u00e9pass\u00e9 en envisageant des applications mobiles, on r\u00eave en envisageant le potentiel de la r\u00e9alit\u00e9 virtuelle (qui a effectivement un potentiel \u00e9norme mais au co\u00fbt correspondant). La vid\u00e9o n&rsquo;est m\u00eame plus consid\u00e9r\u00e9e comme novatrice, ayant trouv\u00e9 depuis longtemps sa place sur des \u00e9crans. A croire qu&rsquo;\u00e0 partir du moment o\u00f9 on a une image qui bouge, l&rsquo;essentiel est fait.<\/p>\n<p><img decoding=\"async\" src=\"https:\/\/www.news.uliege.be\/upload\/docs\/image\/jpeg\/2017-09\/dir1\/actu_20_ans_2030.jpg\" alt=\"\" \/><\/p>\n<p>Plus qu&rsquo;\u00e0 l&rsquo;int\u00e9rieur des mus\u00e9es, la vid\u00e9o est \u00e0 pr\u00e9sent consid\u00e9r\u00e9 comme un vecteur de promotion \u00e0 diffuser \u00e0 l&rsquo;ext\u00e9rieur pour attirer le public. Elle sert <a href=\"https:\/\/wistia.com\/learn\/marketing\/how-mfa-uses-video\" rel=\"noopener noreferrer\" target=\"_blank\">par exemple<\/a> \u00e0 pr\u00e9senter le travail et le point de vue des artistes ou \u00e0 faire expliquer aux responsables d&rsquo;une exposition la mani\u00e8re dont ils l&rsquo;ont con\u00e7ue, dans des formats toujours plus adapt\u00e9s \u00e0 la diffusion sur les r\u00e9seaux sociaux.<\/p>\n<p>Le questionnement semble donc se porter davantage sur la mani\u00e8re dont le Mus\u00e9e en tant que tel doit \u00eatre mis en valeur, comme en t\u00e9moigne encore le concours vid\u00e9o <a href=\"https:\/\/www.sitem.fr\/musees-emportables\/\" rel=\"noopener noreferrer\" target=\"_blank\">Mus\u00e9es (em)portables<\/a> organis\u00e9 par <a href=\"https:\/\/www.sitem.fr\/\" rel=\"noopener noreferrer\" target=\"_blank\">Museum Experts<\/a>. Pourtant, la r\u00e9flexion derri\u00e8re ce type de concours n&rsquo;est pas inint\u00e9ressante puisque plut\u00f4t que de voir le mus\u00e9e communiquer vers l&rsquo;ext\u00e9rieur, il interroge directement le public vis\u00e9 pour lui demander comment il voit le mus\u00e9e ou comment il re\u00e7oit une exposition.<\/p>\n<p>A partir de ces quelques pistes, je me suis inspir\u00e9 de ma propre exp\u00e9rience pour concevoir les vid\u00e9os. Ainsi, \u00e0 mon sens, une vid\u00e9o dans un mus\u00e9e a plus d&rsquo;un point commun avec une vid\u00e9o r\u00e9alis\u00e9e \u00e0 destination du web : m\u00eame si on a tendance \u00e0 \u00eatre naturellement attir\u00e9 par ce m\u00e9dium, si les premi\u00e8res secondes ne captivent pas notre attention, si le rythme est trop lent ou la technique mal ma\u00eetris\u00e9e, on se d\u00e9tournera vite de l&rsquo;\u00e9cran pour aller voir ailleurs si on ne trouve pas quelque chose de plus int\u00e9ressant. Le public est certes un peu plus captif, mais pas compl\u00e8tement prisonnier. Par contre, si une vid\u00e9o diffus\u00e9 sur le web peut avoir sa vie propre, il me semble que la vid\u00e9o d&rsquo;un mus\u00e9e ne doit pas vivre ind\u00e9pendamment du contexte dans lequel elle s&rsquo;ins\u00e8re. Il faut qu&rsquo;elle enrichisse et qu&rsquo;elle soit enrichie par ce qui se trouve autour d&rsquo;elle.<\/p>\n<h1>O\u00f9 retrouver mes vid\u00e9os ?<\/h1>\n<h3>Dans la salle Tr\u00e9Zoor de l&rsquo;Aquarium-Mus\u00e9um de Li\u00e8ge<\/h3>\n<p>Un des plus grands d\u00e9fis auquel j&rsquo;ai d\u00fb faire face en terme de r\u00e9alisation vid\u00e9o ces derni\u00e8res ann\u00e9es. Il faut savoir que dans l&rsquo;espace o\u00f9 se tient l&rsquo;exposition, tous les \u00e9crans sont dispos\u00e9s de mani\u00e8re verticale, un choix conscient qui prend en compte autant la mus\u00e9ographie que l&rsquo;espace restreint disponible. Du coup, j&rsquo;ai d\u00fb filmer, puis monter, les cinq vid\u00e9os qui tournent dans l&rsquo;exposition \u00e0 la verticale.<\/p>\n<p><img decoding=\"async\" src=\"http:\/\/200.ulg.ac.be\/img\/trezoor\/00012-jacques-ninane-trezoor.jpg\" alt=\"\" \/><\/p>\n<p>En terme de mat\u00e9riel, ce choix s&rsquo;est traduit par l&rsquo;utilisation d&rsquo;un appareil photo DSLR de type Reflex plut\u00f4t qu&rsquo;une cam\u00e9ra traditionnelle, afin de pouvoir le basculer plus facilement et disposer d&rsquo;un cadre 9\/16e en lieu et place du 16\/9e habituellement. L\u00e0 encore, je me suis int\u00e9ress\u00e9 \u00e0 la mani\u00e8re dont le format vertical \u00e9tait mis \u00e0 profit ailleurs, mais les choses \u00e9taient encore timides de ce c\u00f4t\u00e9.  Ma principale source d&rsquo;inspiration fut alors le concours <a href=\"https:\/\/www.nespresso.com\/talents\/int\/fr\/contest\" rel=\"noopener noreferrer\" target=\"_blank\">Nespresso Talents<\/a> dont le but est de raconter une histoire dans une vid\u00e9o au format vertical. On trouve parmi les laur\u00e9ats des r\u00e9alisations vraiment tr\u00e8s ing\u00e9nieuses. Au niveau de la vid\u00e9o verticale, depuis 2015, la situation a bien \u00e9volu\u00e9e puisqu&rsquo;on retrouve \u00e0 pr\u00e9sent du 9\/16e dans les r\u00e9seaux sociaux, que ce soit sur Snapchat ou Facebook.<\/p>\n<p>Le r\u00e9sultat est \u00e0 d\u00e9couvrir dans <a href=\"https:\/\/www.aquarium-museum.uliege.be\/aqmu\/trezoor\" rel=\"noopener noreferrer\" target=\"_blank\">la salle Tr\u00e9Zoor<\/a>. L&rsquo;exposition est permanente.<\/p>\n<h3>Dans l&rsquo;exposition \u00ab\u00a0J&rsquo;aurais 20 ans en 2030\u00a0\u00bb<\/h3>\n<p>C&rsquo;est un peu par hasard que j&rsquo;ai une vid\u00e9o visible dans cette exposition qui prend place \u00e0 la Gare des Guillemins, \u00e0 Li\u00e8ge, dans le cadre du bicentenaire de l&rsquo;Universit\u00e9 de Li\u00e8ge. La demande des organisateurs de l&rsquo;exposition \u00e9tait d&rsquo;abord la mise \u00e0 disposition de mati\u00e8re vid\u00e9o, \u00e0 piocher dans les nombreux rushes qui ont \u00e9t\u00e9 tourn\u00e9s depuis la cr\u00e9ation de la webTV de l&rsquo;ULi\u00e8ge en 2011. Cette mati\u00e8re devait ensuite \u00eatre r\u00e9utilis\u00e9e dans des productions propres. J&rsquo;ai donc \u00e9t\u00e9 un peu surpris en visitant l&rsquo;exposition de constater qu&rsquo;une de mes vid\u00e9os y \u00e9tait diffus\u00e9e dans son int\u00e9gralit\u00e9.<\/p>\n<p><img decoding=\"async\" src=\"https:\/\/ds1.static.rtbf.be\/article\/image\/1920xAuto\/d\/f\/f\/fd4c8e59b8a7add298869bd9fef2417c-1506071982.jpg\" alt=\"L'expo \"J'aurai 20 ans en 2030\"  \u00a9 RTBF - Erik Dagonnier\" \/><\/p>\n<p>Le cas est donc tr\u00e8s diff\u00e9rent ici. Il s&rsquo;agit d&rsquo;un reportage traditionnel, r\u00e9alis\u00e9 initialement pour le web et qui n&rsquo;a pas du tout pris en compte l&rsquo;espace dans lequel il allait \u00eatre int\u00e9gr\u00e9. De par sa forme assez passe-partout et par sa construction qui le rend tout \u00e0 fait ind\u00e9pendant, le reportage ne d\u00e9tonne pas dans l&rsquo;exposition, qui compte par ailleurs un (tr\u00e8s) grand nombre d&rsquo;autres \u00e9crans. C&rsquo;est un peu l&rsquo;exception qui confirme la r\u00e8gle. <\/p>\n<p>Si vous \u00eates curieux, vous pouvez retrouver ce reportage qui  traite de l&rsquo;Aquaponie dans la partie \u00ab\u00a0Alimentation du futur\u00a0\u00bb de l&rsquo;exposition <a href=\"http:\/\/200.ulg.ac.be\/evenements\/expo-20-ans-en-2030.html\" rel=\"noopener noreferrer\" target=\"_blank\">\u00ab\u00a0J&rsquo;aurais 20 ans en 2030\u00a0\u00bb<\/a>, \u00e0 la gare des Guillemins jusqu&rsquo;au 03\/06\/2018.<\/p>\n<h3>Au sein de l&rsquo;exposition \u00ab\u00a0Art m\u00e9canique\u00a0\u00bb<\/h3>\n<p>Pour cette exposition temporaire, je suis intervenu assez tard dans le d\u00e9veloppement du projet. La mus\u00e9ographie \u00e9tait d\u00e9j\u00e0 presque int\u00e9gralement arr\u00eat\u00e9e et il \u00e9tait trop tard pour proposer une vid\u00e9o qui s&rsquo;int\u00e8gre parfaitement au reste de l&rsquo;exposition. Il a d&rsquo;abord \u00e9t\u00e9 propos\u00e9 de n&rsquo;utiliser que des vid\u00e9os d\u00e9j\u00e0 existantes, l\u00e9g\u00e8rement remont\u00e9es afin de correspondre \u00e0 la th\u00e9matique. Il est cependant bien vite apparu que sans y ajouter un nouveau contenu, le lien entre ce qui \u00e9tait pr\u00e9vu dans l&rsquo;exposition et les vid\u00e9os allait \u00eatre assez t\u00e9nu. <\/p>\n<p><a href=\"https:\/\/hespel.fr\/wp-content\/uploads\/2018\/02\/arts-m\u00e9caniques-MMIL-3-e1518882296424.jpg\"><img loading=\"lazy\" decoding=\"async\" data-attachment-id=\"949\" data-permalink=\"https:\/\/hespel.fr\/?attachment_id=949\" data-orig-file=\"https:\/\/hespel.fr\/wp-content\/uploads\/2018\/02\/arts-m\u00e9caniques-MMIL-3-e1518882296424.jpg\" data-orig-size=\"2304,2449\" data-comments-opened=\"1\" data-image-meta=\"{&quot;aperture&quot;:&quot;2.8&quot;,&quot;credit&quot;:&quot;&quot;,&quot;camera&quot;:&quot;Canon DIGITAL IXUS 70&quot;,&quot;caption&quot;:&quot;&quot;,&quot;created_timestamp&quot;:&quot;1513787881&quot;,&quot;copyright&quot;:&quot;&quot;,&quot;focal_length&quot;:&quot;5.8&quot;,&quot;iso&quot;:&quot;250&quot;,&quot;shutter_speed&quot;:&quot;0.016666666666667&quot;,&quot;title&quot;:&quot;&quot;,&quot;orientation&quot;:&quot;6&quot;}\" data-image-title=\"arts m\u00e9caniques MMIL (3)\" data-image-description=\"\" data-image-caption=\"\" data-large-file=\"https:\/\/hespel.fr\/wp-content\/uploads\/2018\/02\/arts-m\u00e9caniques-MMIL-3-e1518882296424-963x1024.jpg\" src=\"https:\/\/hespel.fr\/wp-content\/uploads\/2018\/02\/arts-m\u00e9caniques-MMIL-3-e1518882296424-963x1024.jpg\" alt=\"\" width=\"780\" height=\"829\" class=\"aligncenter size-large wp-image-949\" srcset=\"https:\/\/hespel.fr\/wp-content\/uploads\/2018\/02\/arts-m\u00e9caniques-MMIL-3-e1518882296424-963x1024.jpg 963w, https:\/\/hespel.fr\/wp-content\/uploads\/2018\/02\/arts-m\u00e9caniques-MMIL-3-e1518882296424-282x300.jpg 282w, https:\/\/hespel.fr\/wp-content\/uploads\/2018\/02\/arts-m\u00e9caniques-MMIL-3-e1518882296424-768x816.jpg 768w\" sizes=\"auto, (max-width: 780px) 100vw, 780px\" \/><\/a><\/p>\n<p>En plus d&rsquo;une ancienne vid\u00e9o, c&rsquo;est donc un nouveau reportage que j&rsquo;ai r\u00e9alis\u00e9 pour faire le lien entre les chercheurs li\u00e9geois d&rsquo;hier et d&rsquo;aujourd&rsquo;hui, en utilisant \u00e0 la fois de nouvelles interviews et des images d&rsquo;archive. Mon implication ici est sans nulle doute plus modeste que pour l&rsquo;Aquarium-Mus\u00e9um de Li\u00e8ge, mais tend \u00e0 prouver l&rsquo;importance de disposer de la vid\u00e9o ad\u00e9quate pour la moindre exposition. <\/p>\n<p>Rendez-vous \u00e0 la <a href=\"https:\/\/web.archive.org\/web\/20181026203006\/http:\/\/www.mmil.ulg.ac.be:80\/activite\/arts-mecaniques-les-rouages-de-linnovation\/\" rel=\"noopener noreferrer\" target=\"_blank\">Maison de la M\u00e9tallurgie et de l&rsquo;Industrie de Li\u00e8ge<\/a> jusqu&rsquo;au 2 d\u00e9cembre 2018.<\/p>\n<p>A travers ces trois cas de figure, j&rsquo;ai donc pu me confronter \u00e0 la place de la vid\u00e9o dans un espace mus\u00e9al de mani\u00e8re tr\u00e8s diff\u00e9rente : quand elle \u00e9tait pens\u00e9e de mani\u00e8re int\u00e9gr\u00e9e, quand elle \u00e9tait tout \u00e0 fait improvis\u00e9e, et quand il s&rsquo;agissait de r\u00e9cup\u00e9ration. On peut en conclure qu&rsquo;il n&rsquo;y a pas de r\u00e8gle toute faite pour ce type de vid\u00e9o. Si elle est pens\u00e9e d\u00e8s le d\u00e9but, l&rsquo;int\u00e9gration peut \u00eatre des plus r\u00e9ussie. Si elle intervient en fin de course, elle peut \u00eatre plus hasardeuse, plus quelconque aussi, mais pas forc\u00e9ment plus d\u00e9rangeante pour le public. <strong>Les mus\u00e9es du futur doivent-ils tous faire appel \u00e0 la vid\u00e9o ? Je ne le crois pas. La vid\u00e9o est avant tout un m\u00e9dium devant lequel on est passif, or, ce que l&rsquo;on recherche dans un mus\u00e9e, c&rsquo;est la possibilit\u00e9 d&rsquo;\u00eatre actif. J&rsquo;aurais donc tendance \u00e0 pr\u00e9coniser une fonction de d\u00e9cor pour la vid\u00e9o et \u00e0 ne pas h\u00e9siter \u00e0 concevoir une interactivit\u00e9 autour d&rsquo;elle.<\/strong><\/p>\n<p>N&rsquo;h\u00e9sitez pas \u00e0 partager vos r\u00e9flexions en commentaire.<\/p>\n<p><span class=\"imdbRatingPlugin\" data-user=\"ur22055856\" data-title=\"tt0477347\" data-style=\"t1\"><br \/>\n<a href=\"https:\/\/www.imdb.com\/title\/tt0477347\/?ref_=tt_plg_rt\"\n><img decoding=\"async\" alt=\"Night at the Museum (2006) on IMDb\" src=\"https:\/\/ia.media-imdb.com\/images\/G\/01\/imdb\/plugins\/rating\/images\/imdb_46x22.png\"><br \/>\n<\/a><\/span><br \/>\n<script>\n(function(d,s,id){var js,stags=d.getElementsByTagName(s)[0];\nif(d.getElementById(id)){return;}js=d.createElement(s);js.id=id;\njs.src=\"https:\/\/ia.media-imdb.com\/images\/G\/01\/imdb\/plugins\/rating\/js\/rating.js\";\nstags.parentNode.insertBefore(js,stags);})(document,'script','imdb-rating-api');    \n<\/script>                    <\/p>\n","protected":false},"excerpt":{"rendered":"<p>Pour la premi\u00e8re fois, j&rsquo;ai des vid\u00e9os qui tournent simultan\u00e9ment dans trois mus\u00e9es ou expositions de la r\u00e9gion li\u00e9geoise. Une petite r\u00e9volution en soit tant j&rsquo;ai toujours \u00e9t\u00e9 tr\u00e8s prudent quant \u00e0 la place \u00e0 accorder \u00e0 des vid\u00e9os dans de telles institutions. Comme bien souvent, j&rsquo;ai l&rsquo;impression qu&rsquo;on cherche \u00e0 faire une vid\u00e9o simplement<\/p>\n<footer class=\"entry-footer index-entry\">\n<div class=\"post-social pull-left\"><a href=\"https:\/\/www.facebook.com\/sharer\/sharer.php?u=https%3A%2F%2Fhespel.fr%2F%3Fp%3D941\" target=\"_blank\" class=\"social-icons\"><i class=\"fa fa-facebook\" aria-hidden=\"true\"><\/i><\/a><a href=\"https:\/\/twitter.com\/home?status=https%3A%2F%2Fhespel.fr%2F%3Fp%3D941\" target=\"_blank\" class=\"social-icons\"><i class=\"fa fa-twitter\" aria-hidden=\"true\"><\/i><\/a><a href=\"https:\/\/www.linkedin.com\/shareArticle?mini=true&#038;url=https%3A%2F%2Fhespel.fr%2F%3Fp%3D941&#038;title=La+Nuit+au+Mus%C3%A9e+ou+la+place+de+la+vid%C3%A9o+dans+un+mus%C3%A9e\" target=\"_blank\" class=\"social-icons\"><i class=\"fa fa-linkedin\" aria-hidden=\"true\"><\/i><\/a><\/div>\n<p class=\"link-more\"><a href=\"https:\/\/hespel.fr\/?p=941\" class=\"more-link\">Continue reading <span class=\"meta-nav\">\u2192<\/span><\/a><\/p>\n<\/footer>\n","protected":false},"author":3,"featured_media":0,"comment_status":"open","ping_status":"open","sticky":false,"template":"","format":"standard","meta":{"jetpack_post_was_ever_published":false,"footnotes":""},"categories":[412,4],"tags":[667,40,665,666,668,457,664,637],"class_list":["post-941","post","type-post","status-publish","format-standard","hentry","category-projets","category-non-classe","tag-aquarium","tag-art","tag-exposition","tag-guillemins","tag-installation","tag-liege","tag-musee","tag-video"],"aioseo_notices":[],"jetpack_featured_media_url":"","jetpack_shortlink":"https:\/\/wp.me\/p97UKg-fb","jetpack-related-posts":[{"id":527,"url":"https:\/\/hespel.fr\/?p=527","url_meta":{"origin":941,"position":0},"title":"Cast Away ou diffuser son film de voyage","author":"R. Hespel","date":"ao\u00fbt 21, 2013","format":false,"excerpt":"Vous revenez de vacances o\u00f9, gr\u00e2ce \u00e0 votre cam\u00e9ra de poche, votre appareil photo dernier cri, votre smartphone voire m\u00eame votre tablette, vous avez capt\u00e9 chaque instant de votre p\u00e9riple ? Que faire maintenant de toutes les magnifiques images que vous avez prises, de la chambre d'h\u00f4tel au dernier des\u2026","rel":"","context":"Dans &quot;Video&quot;","block_context":{"text":"Video","link":"https:\/\/hespel.fr\/?cat=6"},"img":{"alt_text":"","src":"https:\/\/i0.wp.com\/hespel.fr\/wp-content\/uploads\/2013\/08\/MLV_Evolution_blogues_de_voyages_image3.png?resize=350%2C200&ssl=1","width":350,"height":200,"srcset":"https:\/\/i0.wp.com\/hespel.fr\/wp-content\/uploads\/2013\/08\/MLV_Evolution_blogues_de_voyages_image3.png?resize=350%2C200&ssl=1 1x, https:\/\/i0.wp.com\/hespel.fr\/wp-content\/uploads\/2013\/08\/MLV_Evolution_blogues_de_voyages_image3.png?resize=525%2C300&ssl=1 1.5x"},"classes":[]},{"id":654,"url":"https:\/\/hespel.fr\/?p=654","url_meta":{"origin":941,"position":1},"title":"La vie des autres ou quand Facebook veut devenir Youtube","author":"R. Hespel","date":"janvier 3, 2015","format":false,"excerpt":"Alors que 2014 aura vu Youtube surpasser bon nombre de r\u00e9seaux sociaux en ce qui concerne le taux d'interactions, 2015 pourrait confirmer la place de la vid\u00e9o, et donc toujours de Youtube, comme m\u00e9dia le plus important du web. Tout \u00e7a \u00e0 cause de l'engagement. L'engagement ? La mani\u00e8re dont\u2026","rel":"","context":"Dans &quot;Video&quot;","block_context":{"text":"Video","link":"https:\/\/hespel.fr\/?cat=6"},"img":{"alt_text":"Source : http:\/\/jasondoesstuff.com\/why-posting-youtube-videos-on-facebook-sucks\/","src":"https:\/\/i0.wp.com\/hespel.fr\/wp-content\/uploads\/2015\/01\/facebook-youtube-video.jpg?resize=350%2C200","width":350,"height":200},"classes":[]},{"id":57,"url":"https:\/\/hespel.fr\/?p=57","url_meta":{"origin":941,"position":2},"title":"Mission Impossible ou produire une vid\u00e9o (101)","author":"R. Hespel","date":"novembre 30, 2009","format":false,"excerpt":"Produire une vid\u00e9o n'est pas chose facile lorsqu'on est n\u00e9ophyte en la mati\u00e8re. Il semble y avoir tellement de param\u00e8tres \u00e0 prendre en compte... Par o\u00f9 commencer ? Il y a plusieurs options. On peut \u00e9videmment faire appel \u00e0 un professionnel, ce qui peut \u00eatre le choix le plus fiable,\u2026","rel":"","context":"Dans &quot;Nouvelles technologies&quot;","block_context":{"text":"Nouvelles technologies","link":"https:\/\/hespel.fr\/?cat=5"},"img":{"alt_text":"","src":"http:\/\/www.dailymotion.com\/thumbnail\/video\/xa0tr1","width":350,"height":200},"classes":[]},{"id":507,"url":"https:\/\/hespel.fr\/?p=507","url_meta":{"origin":941,"position":3},"title":"Jaws ou 5 raisons de pr\u00e9f\u00e9rer Youtube \u00e0 Vimeo","author":"R. Hespel","date":"mai 31, 2013","format":false,"excerpt":"Plus t\u00f4t cette semaine, le site am\u00e9ricain Mashable a jou\u00e9 le jeu bien \u00e9trange des comparaisons entre Vimeo et Youtube dans un article intitul\u00e9 \"5 raisons de choisir Vimeo au lieu de Youtube\". Entendons-nous bien, je pense que ce type d'article n'a pas de sens. Si Youtube et Vimeo sont\u2026","rel":"","context":"Dans &quot;Video&quot;","block_context":{"text":"Video","link":"https:\/\/hespel.fr\/?cat=6"},"img":{"alt_text":"05599530-photo-refonte-youtube-decembre-2012","src":"https:\/\/i0.wp.com\/hespel.fr\/wp-content\/uploads\/2013\/05\/05599530-photo-refonte-youtube-decembre-2012-1024x922.png?resize=350%2C200","width":350,"height":200},"classes":[]},{"id":53,"url":"https:\/\/hespel.fr\/?p=53","url_meta":{"origin":941,"position":4},"title":"Rosebud ou la vid\u00e9o en ligne","author":"R. Hespel","date":"novembre 23, 2009","format":false,"excerpt":"Il y a de nombreux param\u00e8tres \u00e0 prendre en compte lorsqu'on pense \"communication web\", surtout lorsque c'est en terme de vid\u00e9o. Avec le web 2.0, on ne peut plus juste proposer un contenu. Il faut l'amener \u00e0 l'utilisateur, et amener avec lui une interaction. La vid\u00e9o sera regard\u00e9e, seul ou\u2026","rel":"","context":"Dans &quot;Video&quot;","block_context":{"text":"Video","link":"https:\/\/hespel.fr\/?cat=6"},"img":{"alt_text":"","src":"","width":0,"height":0},"classes":[]},{"id":1965,"url":"https:\/\/hespel.fr\/?p=1965","url_meta":{"origin":941,"position":5},"title":"Le 5e \u00c9l\u00e9ment ou Lumen5","author":"R. Hespel","date":"avril 16, 2020","format":false,"excerpt":"Et si vous pouviez d\u00e9l\u00e9guer la production de votre prochaine vid\u00e9o \u00e0 une Intelligence Artificielle ? Nombreux sont les sites, services ou applications qui se vantent de pouvoir vous faciliter la production d'une vid\u00e9o, au point qu'il ne se passe pas un jour sans que j'en d\u00e9couvre un nouveau. De\u2026","rel":"","context":"Dans &quot;Tests&quot;","block_context":{"text":"Tests","link":"https:\/\/hespel.fr\/?cat=448"},"img":{"alt_text":"","src":"https:\/\/i0.wp.com\/hespel.fr\/wp-content\/uploads\/2019\/08\/lumen5_01-1024x668.jpg?resize=350%2C200&ssl=1","width":350,"height":200,"srcset":"https:\/\/i0.wp.com\/hespel.fr\/wp-content\/uploads\/2019\/08\/lumen5_01-1024x668.jpg?resize=350%2C200&ssl=1 1x, https:\/\/i0.wp.com\/hespel.fr\/wp-content\/uploads\/2019\/08\/lumen5_01-1024x668.jpg?resize=525%2C300&ssl=1 1.5x, https:\/\/i0.wp.com\/hespel.fr\/wp-content\/uploads\/2019\/08\/lumen5_01-1024x668.jpg?resize=700%2C400&ssl=1 2x"},"classes":[]}],"_links":{"self":[{"href":"https:\/\/hespel.fr\/index.php?rest_route=\/wp\/v2\/posts\/941","targetHints":{"allow":["GET"]}}],"collection":[{"href":"https:\/\/hespel.fr\/index.php?rest_route=\/wp\/v2\/posts"}],"about":[{"href":"https:\/\/hespel.fr\/index.php?rest_route=\/wp\/v2\/types\/post"}],"author":[{"embeddable":true,"href":"https:\/\/hespel.fr\/index.php?rest_route=\/wp\/v2\/users\/3"}],"replies":[{"embeddable":true,"href":"https:\/\/hespel.fr\/index.php?rest_route=%2Fwp%2Fv2%2Fcomments&post=941"}],"version-history":[{"count":14,"href":"https:\/\/hespel.fr\/index.php?rest_route=\/wp\/v2\/posts\/941\/revisions"}],"predecessor-version":[{"id":66214,"href":"https:\/\/hespel.fr\/index.php?rest_route=\/wp\/v2\/posts\/941\/revisions\/66214"}],"wp:attachment":[{"href":"https:\/\/hespel.fr\/index.php?rest_route=%2Fwp%2Fv2%2Fmedia&parent=941"}],"wp:term":[{"taxonomy":"category","embeddable":true,"href":"https:\/\/hespel.fr\/index.php?rest_route=%2Fwp%2Fv2%2Fcategories&post=941"},{"taxonomy":"post_tag","embeddable":true,"href":"https:\/\/hespel.fr\/index.php?rest_route=%2Fwp%2Fv2%2Ftags&post=941"}],"curies":[{"name":"wp","href":"https:\/\/api.w.org\/{rel}","templated":true}]}}