{"id":92,"date":"2010-01-18T21:29:50","date_gmt":"2010-01-19T02:29:50","guid":{"rendered":"http:\/\/rhespel.perso.sfr.fr\/?p=92"},"modified":"2020-02-02T17:59:53","modified_gmt":"2020-02-02T16:59:53","slug":"rec-ou-une-presentation-du-kodak-zi8","status":"publish","type":"post","link":"https:\/\/hespel.fr\/?p=92","title":{"rendered":"[Rec] ou une pr\u00e9sentation du Kodak Zi8"},"content":{"rendered":"<p style=\"text-align: left;\">La <strong>Kodak Zi8<\/strong> n&rsquo;a rien de nouveau. Sortie au mois de septembre 2009, le mod\u00e8le est d\u00e9j\u00e0 \u00e2g\u00e9 de 4 mois ; une \u00e9ternit\u00e9, tant dans le monde de la vid\u00e9o que dans celui des nouvelles technologies. Pourtant, ses concurrents se comptent encore sur les doigts d&rsquo;une seule main et peu importe son \u00e2ge, elle garde encore tous ses avantages.<\/p>\n<p style=\"text-align: left;\">Popularis\u00e9 par <a title=\"Site officiel de Flip\" href=\"https:\/\/en.wikipedia.org\/wiki\/Flip_Video\" target=\"_blank\" rel=\"noopener noreferrer\">Flip<\/a> et ses mod\u00e8les Ultra et Mino (HD ou pas), les cam\u00e9scopes de poches s\u00e9duisent un public toujours plus large. Les derni\u00e8res innovations chez <strong>Flip<\/strong> se r\u00e9sument \u00e0 une plus grande compacit\u00e9 tout en offrant une meilleure prise en main (de par l&rsquo;agrandissement de son \u00e9cran LCD). La cam\u00e9ra de <a title=\"Kodak Zi8 officiel\" href=\"http:\/\/store.kodak.com\/store\/ekconsus\/en_US\/pd\/Zi8_Pocket_Video_Camera\/productID.156585800\" target=\"_blank\" rel=\"noopener noreferrer\">Kodak<\/a> va dans un sens un peu diff\u00e9rent. Voici mon avis la concernant.\u00a0 <!--more--><\/p>\n<p><a href=\"http:\/\/hespel.fr\/wp-content\/uploads\/2010\/01\/IMG_3522.jpg\"><img loading=\"lazy\" decoding=\"async\" data-attachment-id=\"837\" data-permalink=\"https:\/\/hespel.fr\/?attachment_id=837\" data-orig-file=\"https:\/\/hespel.fr\/wp-content\/uploads\/2010\/01\/IMG_3522.jpg\" data-orig-size=\"1600,1200\" data-comments-opened=\"1\" data-image-meta=\"{&quot;aperture&quot;:&quot;2.7&quot;,&quot;credit&quot;:&quot;&quot;,&quot;camera&quot;:&quot;Canon PowerShot S2 IS&quot;,&quot;caption&quot;:&quot;&quot;,&quot;created_timestamp&quot;:&quot;1232290115&quot;,&quot;copyright&quot;:&quot;&quot;,&quot;focal_length&quot;:&quot;6&quot;,&quot;iso&quot;:&quot;71&quot;,&quot;shutter_speed&quot;:&quot;0.016666666666667&quot;,&quot;title&quot;:&quot;&quot;,&quot;orientation&quot;:&quot;1&quot;}\" data-image-title=\"IMG_3522\" data-image-description=\"\" data-image-caption=\"\" data-large-file=\"https:\/\/hespel.fr\/wp-content\/uploads\/2010\/01\/IMG_3522-1024x768.jpg\" src=\"http:\/\/hespel.fr\/wp-content\/uploads\/2010\/01\/IMG_3522-300x225.jpg\" alt=\"\" width=\"300\" height=\"225\" class=\"aligncenter size-medium wp-image-837\" srcset=\"https:\/\/hespel.fr\/wp-content\/uploads\/2010\/01\/IMG_3522-300x225.jpg 300w, https:\/\/hespel.fr\/wp-content\/uploads\/2010\/01\/IMG_3522-768x576.jpg 768w, https:\/\/hespel.fr\/wp-content\/uploads\/2010\/01\/IMG_3522-1024x768.jpg 1024w, https:\/\/hespel.fr\/wp-content\/uploads\/2010\/01\/IMG_3522.jpg 1600w\" sizes=\"auto, (max-width: 300px) 100vw, 300px\" \/><\/a><br \/>\n<\/p>\n<p style=\"text-align: left;\">Contrairement aux cam\u00e9scopes de Flip, la Zi8 n&rsquo;a pas de m\u00e9moire int\u00e9gr\u00e9e. Celle dont elle dispose \u00e0 la base ne permet que de stocker qu&rsquo;un faible nombre de photos. Non, pour en profiter pleinement, il faudra ajouter une carte SD haute capacit\u00e9 (entre 4 et 32 go). Cela peut-\u00eatre vu comme un inconv\u00e9nient (devoir acheter un accessoire suppl\u00e9mentaire) ou comme un avantage (possibilit\u00e9 de changer de carte SD si la premi\u00e8re est remplie).<\/p>\n<p style=\"text-align: left;\">Autre diff\u00e9rence, la cam\u00e9ra de Kodak dispose d&rsquo;une entr\u00e9e son, permettant de brancher un micro externe. Selon les cas (podcast, entrevue, &#8230;), cet apport prendra toute son importance, comme l&rsquo;a soulign\u00e9 <a title=\"Blog de Steve Garfield\" href=\"http:\/\/stevegarfield.blogs.com\/videoblog\/2009\/09\/kodak-zi8-entry-level-mic-tests.html\" target=\"_blank\" rel=\"noopener noreferrer\">Steve Garfield<\/a>. Enfin, ce cam\u00e9scope poss\u00e8de un stabilisateur num\u00e9rique&#8230; L&rsquo;essayer, c&rsquo;est l&rsquo;adopter.<\/p>\n<p><a href=\"http:\/\/hespel.fr\/wp-content\/uploads\/2010\/01\/IMG_3520.jpg\"><img loading=\"lazy\" decoding=\"async\" data-attachment-id=\"836\" data-permalink=\"https:\/\/hespel.fr\/?attachment_id=836\" data-orig-file=\"https:\/\/hespel.fr\/wp-content\/uploads\/2010\/01\/IMG_3520.jpg\" data-orig-size=\"1600,1200\" data-comments-opened=\"1\" data-image-meta=\"{&quot;aperture&quot;:&quot;2.7&quot;,&quot;credit&quot;:&quot;&quot;,&quot;camera&quot;:&quot;Canon PowerShot S2 IS&quot;,&quot;caption&quot;:&quot;&quot;,&quot;created_timestamp&quot;:&quot;1232289971&quot;,&quot;copyright&quot;:&quot;&quot;,&quot;focal_length&quot;:&quot;6&quot;,&quot;iso&quot;:&quot;69&quot;,&quot;shutter_speed&quot;:&quot;0.016666666666667&quot;,&quot;title&quot;:&quot;&quot;,&quot;orientation&quot;:&quot;1&quot;}\" data-image-title=\"IMG_3520\" data-image-description=\"\" data-image-caption=\"\" data-large-file=\"https:\/\/hespel.fr\/wp-content\/uploads\/2010\/01\/IMG_3520-1024x768.jpg\" src=\"http:\/\/hespel.fr\/wp-content\/uploads\/2010\/01\/IMG_3520-300x225.jpg\" alt=\"\" width=\"300\" height=\"225\" class=\"aligncenter size-medium wp-image-836\" srcset=\"https:\/\/hespel.fr\/wp-content\/uploads\/2010\/01\/IMG_3520-300x225.jpg 300w, https:\/\/hespel.fr\/wp-content\/uploads\/2010\/01\/IMG_3520-768x576.jpg 768w, https:\/\/hespel.fr\/wp-content\/uploads\/2010\/01\/IMG_3520-1024x768.jpg 1024w, https:\/\/hespel.fr\/wp-content\/uploads\/2010\/01\/IMG_3520.jpg 1600w\" sizes=\"auto, (max-width: 300px) 100vw, 300px\" \/><\/a><br \/>\n<\/p>\n<p style=\"text-align: left;\">Techniquement, la Kodak Zi8 permet de prendre des photos de 5 megapixels, de filmer au format WVGA (640&#215;480) et au format Haute D\u00e9finition : soit en 720p (30 \u00e0 60 images par seconde), soit en 1080p. L&rsquo;image est d&rsquo;excellente qualit\u00e9 et n&rsquo;a pas \u00e0 rougir face aux autres mod\u00e8les du march\u00e9.<\/p>\n<p style=\"text-align: left;\">Au niveau packaging, par contre, petite d\u00e9ception : la bo\u00eete contient le manuel, la cam\u00e9ra, une batterie, un c\u00e2ble permettant de la recharger via le secteur ou via un port USB, un c\u00e2ble RGB et un c\u00e2ble HDMI. C&rsquo;est d\u00e9j\u00e0 bien, diront certains, mais \u00e7a manque \u00e0 mon go\u00fbt d&rsquo;une pochette pour prot\u00e9ger l&rsquo;engin une fois gliss\u00e9 dans sa poche.<\/p>\n<p><a href=\"http:\/\/hespel.fr\/wp-content\/uploads\/2010\/01\/IMG_3511.jpg\"><img loading=\"lazy\" decoding=\"async\" data-attachment-id=\"834\" data-permalink=\"https:\/\/hespel.fr\/?attachment_id=834\" data-orig-file=\"https:\/\/hespel.fr\/wp-content\/uploads\/2010\/01\/IMG_3511.jpg\" data-orig-size=\"1600,1200\" data-comments-opened=\"1\" data-image-meta=\"{&quot;aperture&quot;:&quot;3.2&quot;,&quot;credit&quot;:&quot;&quot;,&quot;camera&quot;:&quot;Canon PowerShot S2 IS&quot;,&quot;caption&quot;:&quot;&quot;,&quot;created_timestamp&quot;:&quot;1232289518&quot;,&quot;copyright&quot;:&quot;&quot;,&quot;focal_length&quot;:&quot;9.5&quot;,&quot;iso&quot;:&quot;74&quot;,&quot;shutter_speed&quot;:&quot;0.016666666666667&quot;,&quot;title&quot;:&quot;&quot;,&quot;orientation&quot;:&quot;1&quot;}\" data-image-title=\"IMG_3511\" data-image-description=\"\" data-image-caption=\"\" data-large-file=\"https:\/\/hespel.fr\/wp-content\/uploads\/2010\/01\/IMG_3511-1024x768.jpg\" src=\"http:\/\/hespel.fr\/wp-content\/uploads\/2010\/01\/IMG_3511-300x225.jpg\" alt=\"\" width=\"300\" height=\"225\" class=\"aligncenter size-medium wp-image-834\" srcset=\"https:\/\/hespel.fr\/wp-content\/uploads\/2010\/01\/IMG_3511-300x225.jpg 300w, https:\/\/hespel.fr\/wp-content\/uploads\/2010\/01\/IMG_3511-768x576.jpg 768w, https:\/\/hespel.fr\/wp-content\/uploads\/2010\/01\/IMG_3511-1024x768.jpg 1024w, https:\/\/hespel.fr\/wp-content\/uploads\/2010\/01\/IMG_3511.jpg 1600w\" sizes=\"auto, (max-width: 300px) 100vw, 300px\" \/><\/a><br \/>\n<\/p>\n<p style=\"text-align: left;\">Cons\u00e9quemment, j&rsquo;ai compl\u00e9t\u00e9 mon achat par l&rsquo;acquisition d&rsquo;une housse CaseLogic (<a title=\"sur Amazon.com\" href=\"https:\/\/www.amazon.fr\/Case-Logic-Point-Camera-TBC-402\/dp\/B007Y4NWI2\/ref=pd_cp_421_1\/135-9616685-2148509?_encoding=UTF8&amp;pd_rd_i=B007Y4NWI2&amp;pd_rd_r=a6877b50-8d8f-4644-90a9-252947f3f922&amp;pd_rd_w=1CLlY&amp;pd_rd_wg=XykBY&amp;pf_rd_p=592dc715-8438-4207-b7fa-4c7afdeb6112&amp;pf_rd_r=CW3BYEPTSGBCHNHE9YPG&amp;psc=1&amp;refRID=CW3BYEPTSGBCHNHE9YPG\" target=\"_blank\" rel=\"noopener noreferrer\">TBC 3205<\/a>), pour une dizaine de dollars chez <a title=\"Wall-mart\" href=\"http:\/\/www.walmart.com\/\" target=\"_blank\" rel=\"noopener noreferrer\">Wallmart<\/a>. Garantie 25 ans, compacte, offrant une bonne protection : elle est d\u00e9j\u00e0 tomb\u00e9e deux fois avec ma Zi8 \u00e0 l&rsquo;int\u00e9rieur, en la prot\u00e9geant parfaitement. D&rsquo;autres housses toutes aussi fonctionnelles existent, chacun son choix.<\/p>\n<p style=\"text-align: left;\">Je me suis aussi procur\u00e9 un mini-tr\u00e9pied pour compl\u00e9ter mon tr\u00e9pied traditionnel. Car, si comme je l&rsquo;ai dit auparavant, la Zi8 dispose d&rsquo;un stabilisateur num\u00e9rique, il me para\u00eet insuffisant pour la plupart des situations. Les <a title=\"CNN iReport Toolkit\" href=\"https:\/\/web.archive.org\/web\/20100606080703\/http:\/\/www.ireport.com:80\/toolkit-video.jspa\" target=\"_blank\" rel=\"noopener noreferrer\">8 bons conseils<\/a> donn\u00e9s pour filmer comme un professionnel pour le iReport de CNN le rappelle : une image stable est une image plus appr\u00e9ci\u00e9e. Un cam\u00e9scope de poche offre une image qui suit bien trop souvent le moindre mouvement du corps, d&rsquo;o\u00f9 la pr\u00e9f\u00e9rence pour le tr\u00e9pied lorsque c&rsquo;est possible.<\/p>\n<p><a href=\"http:\/\/hespel.fr\/wp-content\/uploads\/2010\/01\/IMG_3522.jpg\"><img loading=\"lazy\" decoding=\"async\" data-attachment-id=\"837\" data-permalink=\"https:\/\/hespel.fr\/?attachment_id=837\" data-orig-file=\"https:\/\/hespel.fr\/wp-content\/uploads\/2010\/01\/IMG_3522.jpg\" data-orig-size=\"1600,1200\" data-comments-opened=\"1\" data-image-meta=\"{&quot;aperture&quot;:&quot;2.7&quot;,&quot;credit&quot;:&quot;&quot;,&quot;camera&quot;:&quot;Canon PowerShot S2 IS&quot;,&quot;caption&quot;:&quot;&quot;,&quot;created_timestamp&quot;:&quot;1232290115&quot;,&quot;copyright&quot;:&quot;&quot;,&quot;focal_length&quot;:&quot;6&quot;,&quot;iso&quot;:&quot;71&quot;,&quot;shutter_speed&quot;:&quot;0.016666666666667&quot;,&quot;title&quot;:&quot;&quot;,&quot;orientation&quot;:&quot;1&quot;}\" data-image-title=\"IMG_3522\" data-image-description=\"\" data-image-caption=\"\" data-large-file=\"https:\/\/hespel.fr\/wp-content\/uploads\/2010\/01\/IMG_3522-1024x768.jpg\" src=\"http:\/\/hespel.fr\/wp-content\/uploads\/2010\/01\/IMG_3522-300x225.jpg\" alt=\"\" width=\"300\" height=\"225\" class=\"aligncenter size-medium wp-image-837\" srcset=\"https:\/\/hespel.fr\/wp-content\/uploads\/2010\/01\/IMG_3522-300x225.jpg 300w, https:\/\/hespel.fr\/wp-content\/uploads\/2010\/01\/IMG_3522-768x576.jpg 768w, https:\/\/hespel.fr\/wp-content\/uploads\/2010\/01\/IMG_3522-1024x768.jpg 1024w, https:\/\/hespel.fr\/wp-content\/uploads\/2010\/01\/IMG_3522.jpg 1600w\" sizes=\"auto, (max-width: 300px) 100vw, 300px\" \/><\/a><br \/>\n<\/p>\n<p style=\"text-align: left;\">Finalement, le seul autre d\u00e9faut que je trouve \u00e0 cette cam\u00e9ra est un d\u00e9faut qui existe aussi chez les autres. Le branchement au PC se fait via une prise USB imbriqu\u00e9e dans la Kodak, ce qui \u00e0 chaque fois me laisse une impression de fragilit\u00e9. Heureusement, il sera aussi possible de retirer la carte SD pour l&rsquo;ins\u00e9rer dans son lecteur de carte. Un double choix bienvenu, m\u00eame si cette alternative ne permet pas l&rsquo;utilisation du logiciel inclus, qui aide \u00e0 envoyer directement les vid\u00e9os sur Youtube. Une perte raisonnable, si comme moi vous ne comptez pas l&rsquo;utiliser.<\/p>\n<p style=\"text-align: left;\"><strong>C&rsquo;est la fin de ma pr\u00e9sentation. Mon prochain billet traitera plus de l&rsquo;aspect pratique de l&rsquo;utilisation de la Kodak Zi8. Si vous cherchez des exemples vid\u00e9os de ce qu&rsquo;est capable de produire cette cam\u00e9ra, il existe de nombreux exemples sur le web, tant sur <a title=\"Vid\u00e9os de la Zi8 sur Youtube\" href=\"http:\/\/www.youtube.com\/results?search_query=zi8&amp;search_type=&amp;aq=f\" target=\"_blank\" rel=\"noopener noreferrer\">Youtube<\/a> que sur <a title=\"Vid\u00e9os de la Zi8 sur Vimeo\" href=\"https:\/\/vimeo.com\/search?q=zi8\" target=\"_blank\" rel=\"noopener noreferrer\">Vimeo<\/a>. Pour ma part, j&rsquo;ai r\u00e9alis\u00e9 une <a title=\"ma vid\u00e9o sur Vimeo\" href=\"http:\/\/www.vimeo.com\/8763066\" target=\"_blank\" rel=\"noopener noreferrer\">petite vid\u00e9o<\/a> pr\u00e9sentant l&rsquo;<a title=\"Blog de l'IdentityCamp\" href=\"http:\/\/quebec.identitycamp.org\/\" target=\"_blank\" rel=\"noopener noreferrer\">IdentityCamp Qu\u00e9bec<\/a> en guise de test. Concluant !<\/strong><\/p>\n","protected":false},"excerpt":{"rendered":"<p>La Kodak Zi8 n&rsquo;a rien de nouveau. Sortie au mois de septembre 2009, le mod\u00e8le est d\u00e9j\u00e0 \u00e2g\u00e9 de 4 mois ; une \u00e9ternit\u00e9, tant dans le monde de la vid\u00e9o que dans celui des nouvelles technologies. Pourtant, ses concurrents se comptent encore sur les doigts d&rsquo;une seule main et peu importe son \u00e2ge, elle garde encore tous ses avantages. J&rsquo;en fait une petite pr\u00e9sentation, avantage et d\u00e9faut, pour dire ce que j&rsquo;en pense.<\/p>\n","protected":false},"author":2,"featured_media":0,"comment_status":"open","ping_status":"open","sticky":false,"template":"","format":"standard","meta":{"jetpack_post_was_ever_published":false,"footnotes":""},"categories":[5,4,6],"tags":[68,69,75,128,148,149,155,160,162,177,211,244,247,267,289,308,341,637,358,363,377,379],"class_list":["post-92","post","type-post","status-publish","format-standard","hentry","category-nouvelles-technologies","category-non-classe","category-video","tag-camescope","tag-camp","tag-caselogic","tag-flip","tag-hd","tag-hdmi","tag-housse","tag-identity","tag-identitycamp","tag-kodak","tag-mino","tag-poche","tag-podcast","tag-quebec","tag-sd","tag-steve-garfield","tag-ultra","tag-video","tag-vimeo","tag-wallmart","tag-youtube","tag-zi8"],"aioseo_notices":[],"jetpack_featured_media_url":"","jetpack_shortlink":"https:\/\/wp.me\/p97UKg-1u","jetpack-related-posts":[{"id":204,"url":"https:\/\/hespel.fr\/?p=204","url_meta":{"origin":92,"position":0},"title":"La Fin des Temps ou les cam\u00e9ras Flip","author":"R. Hespel","date":"avril 13, 2011","format":false,"excerpt":"Les cam\u00e9ras de poche - ou pocket cameras - ont d\u00e9j\u00e0 eu leur moment de gloire sur ce blog. J'ai cru d\u00e8s le d\u00e9but et crois toujours fortement au concept, que j'ai moi-m\u00eame illustr\u00e9 avec la Kodak Zi8. Lors de son achat, j'avais longtemps tergivers\u00e9 entre ce mod\u00e8le et le\u2026","rel":"","context":"Dans &quot;Nouvelles technologies&quot;","block_context":{"text":"Nouvelles technologies","link":"https:\/\/hespel.fr\/?cat=5"},"img":{"alt_text":"Flip Mino HD","src":"https:\/\/i0.wp.com\/live.staticflickr.com\/3012\/3026387619_68050f397f_o.jpg?resize=350%2C200&ssl=1","width":350,"height":200},"classes":[]},{"id":171,"url":"https:\/\/hespel.fr\/?p=171","url_meta":{"origin":92,"position":1},"title":"Mrs Doubtfire ou une cam\u00e9ra dans toutes les poches","author":"R. Hespel","date":"mars 29, 2010","format":false,"excerpt":"C'est \u00e0 l'occasion d'une promotion sur le site de Dell Canada la semaine pass\u00e9e qu'on m'a demand\u00e9 pour la premi\u00e8re fois, de fa\u00e7on directe, des conseils sur une cam\u00e9ra de poche. Les cam\u00e9ras de poche, j'en ai d\u00e9j\u00e0 parl\u00e9 avant sur ce blog. J'ai largement explor\u00e9 ce nouveau petit monde\u2026","rel":"","context":"Dans &quot;Nouvelles technologies&quot;","block_context":{"text":"Nouvelles technologies","link":"https:\/\/hespel.fr\/?cat=5"},"img":{"alt_text":"","src":"https:\/\/i0.wp.com\/hespel.fr\/wp-content\/uploads\/2010\/03\/937_0811.jpg?resize=350%2C200&ssl=1","width":350,"height":200,"srcset":"https:\/\/i0.wp.com\/hespel.fr\/wp-content\/uploads\/2010\/03\/937_0811.jpg?resize=350%2C200&ssl=1 1x, https:\/\/i0.wp.com\/hespel.fr\/wp-content\/uploads\/2010\/03\/937_0811.jpg?resize=525%2C300&ssl=1 1.5x, https:\/\/i0.wp.com\/hespel.fr\/wp-content\/uploads\/2010\/03\/937_0811.jpg?resize=700%2C400&ssl=1 2x"},"classes":[]},{"id":108,"url":"https:\/\/hespel.fr\/?p=108","url_meta":{"origin":92,"position":2},"title":"[Rec]\u00b2 ou le Kodak Zi8 avec un Netbook","author":"R. Hespel","date":"janvier 25, 2010","format":false,"excerpt":"Apr\u00e8s ma pr\u00e9sentation de la Kodak Zi8 la semaine derni\u00e8re, j'ai souhait\u00e9 aborder la cam\u00e9ra de poche dans un angle plus pratique. Du point de vue de la mobilit\u00e9, l'engin de Kodak est parfait. On le glisse dans sa poche et il se fait vite oublier. Mais si on est\u2026","rel":"","context":"Dans &quot;Nouvelles technologies&quot;","block_context":{"text":"Nouvelles technologies","link":"https:\/\/hespel.fr\/?cat=5"},"img":{"alt_text":"","src":"","width":0,"height":0},"classes":[]},{"id":177,"url":"https:\/\/hespel.fr\/?p=177","url_meta":{"origin":92,"position":3},"title":"Suspicion ou choisir son vid\u00e9aste","author":"R. Hespel","date":"avril 28, 2010","format":false,"excerpt":"Essayer de conseiller comment choisir son vid\u00e9aste quand on vend soi-m\u00eame ses services comme tel, cela peut para\u00eetre vain. Pourtant, mon but n'est pas ici de vous inviter \u00e0 m'engager mais plut\u00f4t de vous \u00e9viter de tomber sur un charlatan. Il en existe dans tous les domaines et il s'agit\u2026","rel":"","context":"Dans &quot;R\u00e9flexions&quot;","block_context":{"text":"R\u00e9flexions","link":"https:\/\/hespel.fr\/?cat=4"},"img":{"alt_text":"","src":"","width":0,"height":0},"classes":[]},{"id":776,"url":"https:\/\/hespel.fr\/?p=776","url_meta":{"origin":92,"position":4},"title":"Volte\/Face ou la vid\u00e9o \u00e0 360\u00b0","author":"R. Hespel","date":"mars 31, 2017","format":false,"excerpt":"Comment d\u00e9buter avec une cam\u00e9ra 360 ? J'en ai parl\u00e9 en d\u00e9but d'ann\u00e9e, \u00e0 mon sens, le 360\u00b0 sera l'une des tendances fortes de l'ann\u00e9e. Les g\u00e9ants du web supportent tous d\u00e9j\u00e0 ce format (et m\u00eame le direct en 360\u00b0), les outils de r\u00e9alit\u00e9 virtuelle se d\u00e9mocratisent et les cam\u00e9ras\u2026","rel":"","context":"Dans &quot;Nouvelles technologies&quot;","block_context":{"text":"Nouvelles technologies","link":"https:\/\/hespel.fr\/?cat=5"},"img":{"alt_text":"","src":"https:\/\/i0.wp.com\/hespel.fr\/wp-content\/uploads\/2017\/03\/lg360cam.jpg?resize=350%2C200","width":350,"height":200},"classes":[]},{"id":146,"url":"https:\/\/hespel.fr\/?p=146","url_meta":{"origin":92,"position":5},"title":"Les Incorruptibles ou filmer avec un DSLR","author":"R. Hespel","date":"f\u00e9vrier 15, 2010","format":false,"excerpt":"J'ai beaucoup parl\u00e9 du Kodak Zi8 ces derniers temps, une solution parfaite pour de la vid\u00e9o mobile, \u00e0 peu de frais. Mais qu'en est-il des DSLR, ces appareils photos capables de filmer en HD ? En me basant sur mon exp\u00e9rience lors de la captation du show The Art Of\u2026","rel":"","context":"Dans &quot;R\u00e9flexions&quot;","block_context":{"text":"R\u00e9flexions","link":"https:\/\/hespel.fr\/?cat=4"},"img":{"alt_text":"The Art Of Performing Oral Sex","src":"https:\/\/i0.wp.com\/hespel.fr\/wp-content\/uploads\/2010\/02\/ecbimcoanchidcif.jpg?resize=350%2C200&ssl=1","width":350,"height":200},"classes":[]}],"_links":{"self":[{"href":"https:\/\/hespel.fr\/index.php?rest_route=\/wp\/v2\/posts\/92","targetHints":{"allow":["GET"]}}],"collection":[{"href":"https:\/\/hespel.fr\/index.php?rest_route=\/wp\/v2\/posts"}],"about":[{"href":"https:\/\/hespel.fr\/index.php?rest_route=\/wp\/v2\/types\/post"}],"author":[{"embeddable":true,"href":"https:\/\/hespel.fr\/index.php?rest_route=\/wp\/v2\/users\/2"}],"replies":[{"embeddable":true,"href":"https:\/\/hespel.fr\/index.php?rest_route=%2Fwp%2Fv2%2Fcomments&post=92"}],"version-history":[{"count":11,"href":"https:\/\/hespel.fr\/index.php?rest_route=\/wp\/v2\/posts\/92\/revisions"}],"predecessor-version":[{"id":2823,"href":"https:\/\/hespel.fr\/index.php?rest_route=\/wp\/v2\/posts\/92\/revisions\/2823"}],"wp:attachment":[{"href":"https:\/\/hespel.fr\/index.php?rest_route=%2Fwp%2Fv2%2Fmedia&parent=92"}],"wp:term":[{"taxonomy":"category","embeddable":true,"href":"https:\/\/hespel.fr\/index.php?rest_route=%2Fwp%2Fv2%2Fcategories&post=92"},{"taxonomy":"post_tag","embeddable":true,"href":"https:\/\/hespel.fr\/index.php?rest_route=%2Fwp%2Fv2%2Ftags&post=92"}],"curies":[{"name":"wp","href":"https:\/\/api.w.org\/{rel}","templated":true}]}}