{"id":84187,"date":"2024-08-14T17:59:34","date_gmt":"2024-08-14T15:59:34","guid":{"rendered":"https:\/\/hespel.fr\/?p=84187"},"modified":"2024-08-14T14:02:36","modified_gmt":"2024-08-14T12:02:36","slug":"la-haut-ou-se-former-pour-piloter-un-drone","status":"publish","type":"post","link":"https:\/\/hespel.fr\/?p=84187","title":{"rendered":"L\u00e0-haut ou se former pour piloter un drone"},"content":{"rendered":"<p><strong>Si vous avez un drone, vous n&rsquo;avez l\u00e9galement pas le droit de le faire d\u00e9coller sans vous former un minimum.<\/strong> \u00c7a peut en surprendre certains, mais l&rsquo;usage d&rsquo;un drone peut entra\u00eener de nombreux accidents et avoir un minimum de connaissances th\u00e9oriques est un pr\u00e9-requis pour \u00e9viter le pire. Et c&rsquo;est quelqu&rsquo;un qui a connu son lot de crashs qui vous le dit. J&rsquo;ai r\u00e9cemment d\u00fb mettre \u00e0 jour mes certifications de t\u00e9l\u00e9pilote et je me suis rendu compte que \u00e7a pouvait \u00eatre l&rsquo;occasion pour lister les ressources utiles \u00e0 ce sujet.<\/p>\n<p>Le pilotage de drone a longtemps \u00e9t\u00e9 un far-west au point de vue l\u00e9gal, certains pays adoptant une l\u00e9gislation tr\u00e8s restrictive alors que d&rsquo;autres en \u00e9taient tout \u00e0 fait d\u00e9munis, les l\u00e9gislations \u00e9tant rapidement d\u00e9pass\u00e9es par les \u00e9volutions technologiques propos\u00e9es par les constructeurs&#8230; Depuis 2020 cependant, l&rsquo;Union europ\u00e9enne a pris les choses en main et a l\u00e9gif\u00e9r\u00e9 de mani\u00e8re \u00e0 avoir une r\u00e9glementation unique pour l&rsquo;ensemble de ses pays. Si les premiers aventuriers du drone ont pu regretter l&rsquo;arriv\u00e9e de r\u00e8gles plus restrictives, il faut avouer que cet \u00e9tat de fait a eu au moins un avantage : la possibilit\u00e9 de se former dans n&rsquo;importe quel pays europ\u00e9en et ensuite pouvoir voler dans l&rsquo;ensemble de l&rsquo;Europe (ou presque).<br \/>\n<!--more--><br \/>\nDans mon cas, \u00e7a veut dire me former au Luxembourg, passer les certifications en France et pouvoir voler en Belgique. Mais je vais d\u00e9velopper. D&rsquo;abord, quelques pr\u00e9cisions. Au point de vue l\u00e9gal, un drone est consid\u00e9r\u00e9 comme un a\u00e9ronef sans pilote, ou \u00ab UAS \u00bb (de l\u2019anglais Unmanned Aerial System). L\u2019usage d\u2019un UAS peut se faire \u00e0 titre priv\u00e9 ou professionnel pour r\u00e9aliser des reportages photo et vid\u00e9o, inspecter une toiture, surveiller une zone d\u2019incendie, et tout autre usage ayant un int\u00e9r\u00eat social. Pour maintenir un niveau de s\u00e9curit\u00e9 \u00e9lev\u00e9 dans l\u2019usage de ces a\u00e9ronefs sans pilotes, la r\u00e9glementation europ\u00e9enne exige une formation pour <strong>tous les pilotes<\/strong>.<\/p>\n<p><a href=\"https:\/\/hespel.fr\/wp-content\/uploads\/2024\/08\/Drones_poster4_EN_v4TN.png\"><img loading=\"lazy\" decoding=\"async\" data-attachment-id=\"84190\" data-permalink=\"https:\/\/hespel.fr\/?attachment_id=84190\" data-orig-file=\"https:\/\/hespel.fr\/wp-content\/uploads\/2024\/08\/Drones_poster4_EN_v4TN.png\" data-orig-size=\"1708,1208\" data-comments-opened=\"1\" data-image-meta=\"{&quot;aperture&quot;:&quot;0&quot;,&quot;credit&quot;:&quot;&quot;,&quot;camera&quot;:&quot;&quot;,&quot;caption&quot;:&quot;&quot;,&quot;created_timestamp&quot;:&quot;0&quot;,&quot;copyright&quot;:&quot;&quot;,&quot;focal_length&quot;:&quot;0&quot;,&quot;iso&quot;:&quot;0&quot;,&quot;shutter_speed&quot;:&quot;0&quot;,&quot;title&quot;:&quot;&quot;,&quot;orientation&quot;:&quot;0&quot;}\" data-image-title=\"Drones_poster4_EN_v4TN\" data-image-description=\"\" data-image-caption=\"\" data-large-file=\"https:\/\/hespel.fr\/wp-content\/uploads\/2024\/08\/Drones_poster4_EN_v4TN-1024x724.png\" src=\"https:\/\/hespel.fr\/wp-content\/uploads\/2024\/08\/Drones_poster4_EN_v4TN-1024x724.png\" alt=\"\" width=\"780\" height=\"551\" class=\"aligncenter size-large wp-image-84190\" srcset=\"https:\/\/hespel.fr\/wp-content\/uploads\/2024\/08\/Drones_poster4_EN_v4TN-1024x724.png 1024w, https:\/\/hespel.fr\/wp-content\/uploads\/2024\/08\/Drones_poster4_EN_v4TN-300x212.png 300w, https:\/\/hespel.fr\/wp-content\/uploads\/2024\/08\/Drones_poster4_EN_v4TN-768x543.png 768w, https:\/\/hespel.fr\/wp-content\/uploads\/2024\/08\/Drones_poster4_EN_v4TN-1536x1086.png 1536w, https:\/\/hespel.fr\/wp-content\/uploads\/2024\/08\/Drones_poster4_EN_v4TN.png 1708w\" sizes=\"auto, (max-width: 780px) 100vw, 780px\" \/><\/a><\/p>\n<p>De base, il faut fonv passer une certification de <strong>la cat\u00e9gorie OPEN<\/strong>, permettant l&rsquo;exploitation d\u2019UAS \u00e0 faible risque. Dans cette cat\u00e9gorie, seuls les vols \u00e0 vue sont possibles, \u00e0 une hauteur maximale de 120 m\u00e8tres et avec des UAS d\u2019une masse maximale au d\u00e9collage inf\u00e9rieure \u00e0 25 kg.<\/p>\n<p>Cette cat\u00e9gorie est divis\u00e9e en 3 sous-cat\u00e9gories qui ont chacune des conditions d\u2019exploitations particuli\u00e8res :<\/p>\n<p>    A1 : vol au-dessus de personnes possible pour un temps limit\u00e9 (pas au-dessus d\u2019un rassemblement de personnes)<br \/>\n    A2 : vol proche de personnes possible, mais toujours plus de 30 m des personnes (ou 5 m en configuration \u00ab vol lent \u00bb)<br \/>\n    A3 : vol toujours loin des zones habit\u00e9es (> 150 m)<\/p>\n<p>Au-del\u00e0 de ces imp\u00e9ratifs, il faudra passer \u00e0 <strong>la cat\u00e9gorie SPECIFIC<\/strong>, pour des op\u00e9rations \u00e0 risque accru. Elle permet de voler hors vue, dans des endroits repr\u00e9sentant un risque plus important pour les tiers (en zone peupl\u00e9e, \u00e0 proximit\u00e9 d\u2019un a\u00e9rodrome\u2026), pour largage et au-dessus de 120 m\u00e8tres. Je vais laisser cette cat\u00e9gorie et rester dans la cat\u00e9gorie OPEN pour la suite.<\/p>\n<p>La plupart des utilisateurs n&rsquo;auront besoin que de passer <strong>l&rsquo;examen pour les cat\u00e9gories OPEN A1 et A3<\/strong> : c&rsquo;est facile, gratuit, et tout se fait en ligne (<a href=\"https:\/\/mobilit.lmsdokeos.com\/fr\/users\/sign_in\" rel=\"noopener\" target=\"_blank\">ici en Belgique<\/a> et <a href=\"https:\/\/formation-telepilote.aviation-civile.gouv.fr\" rel=\"noopener\" target=\"_blank\">l\u00e0 en France<\/a>). Il n&rsquo;y a pas de pi\u00e8ge, il s&rsquo;agit avant tout de questions de logique et de bon sens.<\/p>\n<p>Pour ceux qui, comme moi, auraient besoin d&rsquo;<strong>obtenir la certification OPEN A2<\/strong>, les choses se compliquent. Il faut passer un examen th\u00e9orique, comprenant de 30 \u00e0 40 questions : En France, l&rsquo;examen peut se passer dans un centre de formation ou en ligne, pour un co\u00fbt de 30 euros. En Belgique, il est gratuit, mais il n&rsquo;est possible de le passer qu&rsquo;\u00e0 Bruxelles. Dans les deux cas, aucune formation th\u00e9orique n&rsquo;est d\u00e9livr\u00e9e au pr\u00e9alable, c&rsquo;est au candidat de se former, aupr\u00e8s d&rsquo;op\u00e9rateurs priv\u00e9s. Bien s\u00fbr, ces formations ne sont pas gratuites.<\/p>\n<p>Mais figurez-vous qu&rsquo;au Luxembourg, <a href=\"https:\/\/learningzone.eurocontrol.int\/ilp\/pages\/description.jsf#\/users\/@self\/catalogues\/8264768\/courses\/21137687\/description?runningLanguage=fr-FR\" rel=\"noopener\" target=\"_blank\">une formation gratuite<\/a> et en ligne existe : elle passe en revue les diff\u00e9rents sujets \u00e0 conna\u00eetre, \u00e0 savoir m\u00e9t\u00e9orologie, performances de vol UAS et att\u00e9nuations techniques et op\u00e9rationnelles du risque au sol. Je soup\u00e7onne que, d&rsquo;un pays \u00e0 l&rsquo;autre, les questions de l&rsquo;examen soient un peu diff\u00e9rentes et plus ou moins exigeantes sur certains points. N\u00e9anmoins, de ma propre exp\u00e9rience, cette formation constitue une base solide pour pr\u00e9parer l&rsquo;examen th\u00e9orique. Merci le Luxembourg !<\/p>\n<p>De mon c\u00f4t\u00e9, j&rsquo;ai pass\u00e9 l&rsquo;examen en ligne (merci la France !), parce que je n&rsquo;avais pas sp\u00e9cialement envie d&rsquo;aller jusqu&rsquo;\u00e0 Bruxelles. J&rsquo;ai eu droit \u00e0 des questions un peu inattendues et non-couvertes dans la formation luxembourgeoise (connaissez-vous la pression de l&rsquo;air au-dessus de la mer ?) ou sp\u00e9cifique \u00e0 la France (notamment au niveau des diff\u00e9rents organes m\u00e9t\u00e9os fran\u00e7ais), mais dans l&rsquo;ensemble, rien d&rsquo;impossible. Seul regret, ne pas obtenir un questionnaire corrig\u00e9 \u00e0 l&rsquo;issue des r\u00e9sultats. Mais je suppose qu&rsquo;il faut bien entretenir le business des formateurs priv\u00e9s&#8230;<\/p>\n<p>Tant pour les certifications OPEN A1\/A3 que OPEN A2, <strong>il est n\u00e9cessaire de repasser les examens tous les 5 ans<\/strong>. Je vous donne donc rendez-vous en 2029 pour v\u00e9rifier si les exigences ou les r\u00e9glementations ont \u00e9volu\u00e9es, voire si l&rsquo;offre de formation s&rsquo;est diversifi\u00e9e.<\/p>\n<p><span class=\"imdbRatingPlugin\" data-user=\"ur22055856\" data-title=\"tt1049413\" data-style=\"p1\"><a href=\"https:\/\/www.imdb.com\/title\/tt1049413\/?ref_=plg_rt_1\"><img decoding=\"async\" src=\"https:\/\/ia.media-imdb.com\/images\/G\/01\/imdb\/plugins\/rating\/images\/imdb_46x22.png\" alt=\"Up (2009) on IMDb\" \/><br \/>\n<\/a><\/span><script>(function(d,s,id){var js,stags=d.getElementsByTagName(s)[0];if(d.getElementById(id)){return;}js=d.createElement(s);js.id=id;js.src=\"https:\/\/ia.media-imdb.com\/images\/G\/01\/imdb\/plugins\/rating\/js\/rating.js\";stags.parentNode.insertBefore(js,stags);})(document,\"script\",\"imdb-rating-api\");<\/script><\/p>\n","protected":false},"excerpt":{"rendered":"<p>Si vous avez un drone, vous n&rsquo;avez l\u00e9galement pas le droit de le faire d\u00e9coller sans vous former un minimum. \u00c7a peut en surprendre certains, mais l&rsquo;usage d&rsquo;un drone peut entra\u00eener de nombreux accidents et avoir un minimum de connaissances th\u00e9oriques est un pr\u00e9-requis pour \u00e9viter le pire. Et c&rsquo;est quelqu&rsquo;un qui a connu son<\/p>\n<footer class=\"entry-footer index-entry\">\n<div class=\"post-social pull-left\"><a href=\"https:\/\/www.facebook.com\/sharer\/sharer.php?u=https%3A%2F%2Fhespel.fr%2F%3Fp%3D84187\" target=\"_blank\" class=\"social-icons\"><i class=\"fa fa-facebook\" aria-hidden=\"true\"><\/i><\/a><a href=\"https:\/\/twitter.com\/home?status=https%3A%2F%2Fhespel.fr%2F%3Fp%3D84187\" target=\"_blank\" class=\"social-icons\"><i class=\"fa fa-twitter\" aria-hidden=\"true\"><\/i><\/a><a href=\"https:\/\/www.linkedin.com\/shareArticle?mini=true&#038;url=https%3A%2F%2Fhespel.fr%2F%3Fp%3D84187&#038;title=L%C3%A0-haut+ou+se+former+pour+piloter+un+drone\" target=\"_blank\" class=\"social-icons\"><i class=\"fa fa-linkedin\" aria-hidden=\"true\"><\/i><\/a><\/div>\n<p class=\"link-more\"><a href=\"https:\/\/hespel.fr\/?p=84187\" class=\"more-link\">Continue reading <span class=\"meta-nav\">\u2192<\/span><\/a><\/p>\n<\/footer>\n","protected":false},"author":3,"featured_media":0,"comment_status":"open","ping_status":"open","sticky":false,"template":"","format":"standard","meta":{"jetpack_post_was_ever_published":false,"footnotes":""},"categories":[5],"tags":[738,741,642,742,737,740,739],"class_list":["post-84187","post","type-post","status-publish","format-standard","hentry","category-nouvelles-technologies","tag-certification","tag-cours","tag-drone","tag-examen","tag-formation","tag-open","tag-uas"],"aioseo_notices":[],"jetpack_featured_media_url":"","jetpack_shortlink":"https:\/\/wp.me\/p97UKg-lTR","jetpack-related-posts":[{"id":759,"url":"https:\/\/hespel.fr\/?p=759","url_meta":{"origin":84187,"position":0},"title":"In the air ou le drone DJI Phantom 4","author":"R. Hespel","date":"juillet 27, 2016","format":false,"excerpt":"Dire que les drones sont une nouvelle tendance dans le milieu de l'audiovisuel serait une belle erreur. Si on parle de tendances, on peut parler de vid\u00e9o \u00e0 360\u00b0 ou de r\u00e9alit\u00e9 virtuelle, mais certainement pas des drones. Ceux-ci sont sur le march\u00e9 depuis d\u00e9j\u00e0 quelques ann\u00e9es et, si le\u2026","rel":"","context":"Dans &quot;Nouvelles technologies&quot;","block_context":{"text":"Nouvelles technologies","link":"https:\/\/hespel.fr\/?cat=5"},"img":{"alt_text":"maxresdefault","src":"https:\/\/i0.wp.com\/hespel.fr\/wp-content\/uploads\/2016\/07\/maxresdefault-1024x576.jpg?resize=350%2C200","width":350,"height":200},"classes":[]},{"id":104365,"url":"https:\/\/hespel.fr\/?p=104365","url_meta":{"origin":84187,"position":1},"title":"The Conversation ou le DJI Mic Mini","author":"R. Hespel","date":"octobre 16, 2025","format":false,"excerpt":"Oui, je sais, le DJI Mic 3 vient de sortir et voil\u00e0 seulement que je vous parle du DJI Mic Mini, sorti l'ann\u00e9e derni\u00e8re. Qu'est-ce qui m'a pris de soudainement m'int\u00e9resser au DJI Mic Mini ? Tout a commenc\u00e9 avec cette vid\u00e9o, dans laquelle Nigel explique qu'apr\u00e8s de nombreuses ann\u00e9es\u2026","rel":"","context":"Dans &quot;Nouvelles technologies&quot;","block_context":{"text":"Nouvelles technologies","link":"https:\/\/hespel.fr\/?cat=5"},"img":{"alt_text":"blog.studiosport.fr","src":"https:\/\/i0.wp.com\/hespel.fr\/wp-content\/uploads\/2025\/09\/DjiMic_comparaison.jpg?resize=350%2C200&ssl=1","width":350,"height":200,"srcset":"https:\/\/i0.wp.com\/hespel.fr\/wp-content\/uploads\/2025\/09\/DjiMic_comparaison.jpg?resize=350%2C200&ssl=1 1x, https:\/\/i0.wp.com\/hespel.fr\/wp-content\/uploads\/2025\/09\/DjiMic_comparaison.jpg?resize=525%2C300&ssl=1 1.5x, https:\/\/i0.wp.com\/hespel.fr\/wp-content\/uploads\/2025\/09\/DjiMic_comparaison.jpg?resize=700%2C400&ssl=1 2x"},"classes":[]},{"id":57235,"url":"https:\/\/hespel.fr\/?p=57235","url_meta":{"origin":84187,"position":2},"title":"Blanche Neige ou filmer \u00e0 l&rsquo;iPhone","author":"R. Hespel","date":"novembre 7, 2023","format":false,"excerpt":"La semaine derni\u00e8re avait lieu le \"Scary Fast\", un \u00e9v\u00e9nement Apple comme on en conna\u00eet maintenant r\u00e9guli\u00e8rement, durant lequel la marque \u00e0 la pomme a annonc\u00e9 ses nouveaux Macbooks, \u00e9quip\u00e9s \u00e0 pr\u00e9sent de puces M3. Rien de bien surprenant, a priori. Sauf que l'\u00e9v\u00e9nement se terminait sur une touche inhabituelle,\u2026","rel":"","context":"Dans &quot;Nouvelles technologies&quot;","block_context":{"text":"Nouvelles technologies","link":"https:\/\/hespel.fr\/?cat=5"},"img":{"alt_text":"This event was shot on iPhone","src":"https:\/\/i0.wp.com\/hespel.fr\/wp-content\/uploads\/2023\/11\/AppleEventScaryFast-1024x576.jpg?resize=350%2C200&ssl=1","width":350,"height":200,"srcset":"https:\/\/i0.wp.com\/hespel.fr\/wp-content\/uploads\/2023\/11\/AppleEventScaryFast-1024x576.jpg?resize=350%2C200&ssl=1 1x, https:\/\/i0.wp.com\/hespel.fr\/wp-content\/uploads\/2023\/11\/AppleEventScaryFast-1024x576.jpg?resize=525%2C300&ssl=1 1.5x, https:\/\/i0.wp.com\/hespel.fr\/wp-content\/uploads\/2023\/11\/AppleEventScaryFast-1024x576.jpg?resize=700%2C400&ssl=1 2x"},"classes":[]},{"id":1700,"url":"https:\/\/hespel.fr\/?p=1700","url_meta":{"origin":84187,"position":3},"title":"Ch\u00e9rie, j&rsquo;ai r\u00e9tr\u00e9ci l&rsquo;Osmo ou l&rsquo;Osmo Pocket","author":"R. Hespel","date":"juillet 25, 2019","format":false,"excerpt":"Sortie en 2015, la DJI Osmo \u00e9tait une r\u00e9volution. Le constructeur chinois offrait la possibilit\u00e9 \u00e0 tout vid\u00e9aste de remplacer une lourde et imposante steadycam par un outil simple et l\u00e9ger, capable de filmer de mani\u00e8re fluide n'importe quel mouvement, ou presque. De nombreux autres fabricants ont suivi pour surfer\u2026","rel":"","context":"Dans &quot;Nouvelles technologies&quot;","block_context":{"text":"Nouvelles technologies","link":"https:\/\/hespel.fr\/?cat=5"},"img":{"alt_text":"","src":"https:\/\/i0.wp.com\/hespel.fr\/wp-content\/uploads\/2019\/07\/OsmoVsOsmoPocket-1024x576.jpg?resize=350%2C200&ssl=1","width":350,"height":200,"srcset":"https:\/\/i0.wp.com\/hespel.fr\/wp-content\/uploads\/2019\/07\/OsmoVsOsmoPocket-1024x576.jpg?resize=350%2C200&ssl=1 1x, https:\/\/i0.wp.com\/hespel.fr\/wp-content\/uploads\/2019\/07\/OsmoVsOsmoPocket-1024x576.jpg?resize=525%2C300&ssl=1 1.5x, https:\/\/i0.wp.com\/hespel.fr\/wp-content\/uploads\/2019\/07\/OsmoVsOsmoPocket-1024x576.jpg?resize=700%2C400&ssl=1 2x"},"classes":[]},{"id":694,"url":"https:\/\/hespel.fr\/?p=694","url_meta":{"origin":84187,"position":4},"title":"Lord Of The Ring ou un catalogue pour la VOD l\u00e9gale","author":"R. Hespel","date":"f\u00e9vrier 7, 2015","format":false,"excerpt":"Alors que Carrefour vient de lancer sa propre plateforme de vid\u00e9o \u00e0 la demande, baptis\u00e9e \"Nolim\", je me faisais la r\u00e9flexion qu'il commence \u00e0 \u00eatre compliqu\u00e9 de louer ou acheter un film en d\u00e9mat\u00e9rialis\u00e9 sur Internet. O\u00f9 aller en premier lieu ? Ces derniers temps, l'arriv\u00e9e en Europe de Netflix\u2026","rel":"","context":"Dans &quot;Cinema&quot;","block_context":{"text":"Cinema","link":"https:\/\/hespel.fr\/?cat=3"},"img":{"alt_text":"","src":"https:\/\/i0.wp.com\/hespel.fr\/wp-content\/uploads\/2015\/02\/Vid%C3%A9o-%C3%A0-la-demande-10-000-films-%C3%A0-voir-l%C3%A9galement-et-facilement.png?resize=350%2C200&ssl=1","width":350,"height":200,"srcset":"https:\/\/i0.wp.com\/hespel.fr\/wp-content\/uploads\/2015\/02\/Vid%C3%A9o-%C3%A0-la-demande-10-000-films-%C3%A0-voir-l%C3%A9galement-et-facilement.png?resize=350%2C200&ssl=1 1x, https:\/\/i0.wp.com\/hespel.fr\/wp-content\/uploads\/2015\/02\/Vid%C3%A9o-%C3%A0-la-demande-10-000-films-%C3%A0-voir-l%C3%A9galement-et-facilement.png?resize=525%2C300&ssl=1 1.5x, https:\/\/i0.wp.com\/hespel.fr\/wp-content\/uploads\/2015\/02\/Vid%C3%A9o-%C3%A0-la-demande-10-000-films-%C3%A0-voir-l%C3%A9galement-et-facilement.png?resize=700%2C400&ssl=1 2x"},"classes":[]},{"id":35,"url":"https:\/\/hespel.fr\/?p=35","url_meta":{"origin":84187,"position":5},"title":"Matrix ou mes trois conseils \u00e0 R\u00e9zoPointZ\u00e9ro","author":"R. Hespel","date":"novembre 9, 2009","format":false,"excerpt":"The Matrix \u00e9tait un excellent film. Mais une pi\u00e8tre trilogie. Une bonne id\u00e9e au d\u00e9part, mais bien mal exploit\u00e9e. Le tout devenait indigeste, et manquait le coche. R\u00e9zoPointZ\u00e9ro souffre pour l\u2019instant du m\u00eame syndrome. Une bonne id\u00e9e, mais dont la mise en application me laisse perplexe. Pour vous en faire\u2026","rel":"","context":"Dans &quot;Nouvelles technologies&quot;","block_context":{"text":"Nouvelles technologies","link":"https:\/\/hespel.fr\/?cat=5"},"img":{"alt_text":"","src":"","width":0,"height":0},"classes":[]}],"_links":{"self":[{"href":"https:\/\/hespel.fr\/index.php?rest_route=\/wp\/v2\/posts\/84187","targetHints":{"allow":["GET"]}}],"collection":[{"href":"https:\/\/hespel.fr\/index.php?rest_route=\/wp\/v2\/posts"}],"about":[{"href":"https:\/\/hespel.fr\/index.php?rest_route=\/wp\/v2\/types\/post"}],"author":[{"embeddable":true,"href":"https:\/\/hespel.fr\/index.php?rest_route=\/wp\/v2\/users\/3"}],"replies":[{"embeddable":true,"href":"https:\/\/hespel.fr\/index.php?rest_route=%2Fwp%2Fv2%2Fcomments&post=84187"}],"version-history":[{"count":9,"href":"https:\/\/hespel.fr\/index.php?rest_route=\/wp\/v2\/posts\/84187\/revisions"}],"predecessor-version":[{"id":84651,"href":"https:\/\/hespel.fr\/index.php?rest_route=\/wp\/v2\/posts\/84187\/revisions\/84651"}],"wp:attachment":[{"href":"https:\/\/hespel.fr\/index.php?rest_route=%2Fwp%2Fv2%2Fmedia&parent=84187"}],"wp:term":[{"taxonomy":"category","embeddable":true,"href":"https:\/\/hespel.fr\/index.php?rest_route=%2Fwp%2Fv2%2Fcategories&post=84187"},{"taxonomy":"post_tag","embeddable":true,"href":"https:\/\/hespel.fr\/index.php?rest_route=%2Fwp%2Fv2%2Ftags&post=84187"}],"curies":[{"name":"wp","href":"https:\/\/api.w.org\/{rel}","templated":true}]}}