{"id":81,"date":"2010-01-06T16:36:52","date_gmt":"2010-01-06T21:36:52","guid":{"rendered":"http:\/\/rhespel.perso.sfr.fr\/?p=81"},"modified":"2020-01-20T17:07:13","modified_gmt":"2020-01-20T16:07:13","slug":"le-sequel-ou-bonne-annee-2010","status":"publish","type":"post","link":"https:\/\/hespel.fr\/?p=81","title":{"rendered":"Le sequel ou le passage \u00e0 2010"},"content":{"rendered":"<p>Par cette article, je vous pr\u00e9sente officiellement <strong>mes meilleurs voeux pour l&rsquo;ann\u00e9e 2010<\/strong>. Qu&rsquo;elle soit pour vous source de succ\u00e8s, bonheur et r\u00e9ussite. J&rsquo;aurais pu simplement poster une vid\u00e9o pour vous le souhaiter. Ma foi, j&rsquo;avais m\u00eame pr\u00e9vu de le faire \u00e0 la suite de ce texte. Mais Adobe Premiere Pro \u00e9tant un logiciel faillible, il faudra attendre que je trouve la source de mon probl\u00e8me d&rsquo;exportation. Et dire que certains se demandent pourquoi je lui pr\u00e9f\u00e8re de loin Final Cut Pro&#8230;<\/p>\n<p>Mais avant de me mettre au montage d&rsquo;une vid\u00e9o pour la nouvelle ann\u00e9e, je me suis pos\u00e9 plusieurs questions. <strong>Est-ce parce qu&rsquo;on travaille dans la vid\u00e9o qu&rsquo;on doit forc\u00e9ment faire passer tous ses messages par la vid\u00e9o ?<\/strong> J&rsquo;aurai pu vous souhaiter une bonne ann\u00e9e par une simple ligne de texte, par une image&#8230; Non, je travaille dans la vid\u00e9o, il faut une vid\u00e9o. Est-il utile d&rsquo;\u00eatre \u00e0 ce point r\u00e9barbatif ?\u00a0 <!--more--><\/p>\n<p>Ce questionnement m&rsquo;est venu suite \u00e0 la visite du blog de <a title=\"Blog de Videoqualia\" href=\"http:\/\/videoqualia.blogspot.com\/\" target=\"_blank\" rel=\"noopener noreferrer\">Videoqualia<\/a>. <a title=\"profil sur blogger\" href=\"http:\/\/www.blogger.com\/profile\/11141864128730377478\" target=\"_blank\" rel=\"noopener noreferrer\">Marie-Louise Gari\u00e9py<\/a> ne s&rsquo;est pas g\u00ean\u00e9e pour le faire. Une vid\u00e9o rapide, sans effet mais efficace, directement orient\u00e9e dans son domaine : la webvid\u00e9o. Elle se vend potentiellement, et il n&rsquo;y a aucune raison que \u00e7a ne fonctionne pas. Je ne suis cependant pas partisan de ce type de cheminement. Peut-\u00eatre est-ce idiot de ma part, mais si on me lit, si on me voit, si on m&rsquo;\u00e9coute, <strong>j&rsquo;esp\u00e8re qu&rsquo;on arrivera \u00e0 comprendre que je travaille dans la vid\u00e9o, qu&rsquo;on entreverra mes comp\u00e9tences et mon exp\u00e9rience, sans avoir besoin de montrer ce que je sais faire<\/strong>.<\/p>\n<p>Parce qu&rsquo;\u00e0 ce moment-l\u00e0, pourquoi me fatiguerais-je \u00e0 faire autre chose ? Parce que \u00e7a me pla\u00eet ? Et puis quoi encore ! Non, il se peut simplement que mes autres talents soient utiles et me compl\u00e8tent dans mon expertise vid\u00e9o. Si mon esprit de synth\u00e8se se manifeste \u00e0 l&rsquo;\u00e9crit, il en sera peut-\u00eatre de m\u00eame \u00e0 l&rsquo;\u00e9cran&#8230; Au m\u00eame titre qu&rsquo;il est aussi int\u00e9ressant d&rsquo;indiquer dans <a title=\"Twitter\" href=\"https:\/\/www.twitter.com\" target=\"_blank\" rel=\"noopener noreferrer\">Twitter<\/a> ou <a title=\"LinkedIn\" href=\"http:\/\/www.linkedin.com\" target=\"_blank\" rel=\"noopener noreferrer\">Linkedin<\/a> son domaine de travail que ses passions personnelles.<\/p>\n<p><a title=\"Le blog d'Adrien O'Leary\" href=\"http:\/\/www.b-unique.ca\/\" target=\"_blank\" rel=\"noopener noreferrer\">Adrien O&rsquo;Leary<\/a> m&rsquo;avait pos\u00e9 la question suivante : pour le site d&rsquo;une personne qui travaille dans la vid\u00e9o, l&rsquo;apparence doit-elle \u00eatre \u00e9labor\u00e9e ou rester sobre ? Je n&rsquo;avais su que r\u00e9pondre. Apr\u00e8s r\u00e9flexion, je ne jugerai jamais un vid\u00e9ographe sur l&rsquo;apparence de son site web ou de son blogue. C&rsquo;est le contenu qui m&rsquo;int\u00e9ressera (m\u00eame si, effectivement, la forme pourrait me rebuter &#8211; surtout si c&rsquo;est du Flash).<\/p>\n<p><strong>Alors pourquoi ai-je d\u00e9cid\u00e9 de finalement publier une vid\u00e9o pour vous souhaiter une bonne et heure ann\u00e9e 2010 ? Mon blog \u00e9vitait pourtant les vid\u00e9os directes depuis sa cr\u00e9ation. En fait, je vais continuer dans cette voie. Ladite vid\u00e9o est le d\u00e9but d&rsquo;un autre projet, et j&rsquo;en profite pour l&rsquo;exposer ici. Est-ce que j&rsquo;essaie de vous le vendre ce faisant ? Pour le savoir, il faudra continuer de me lire (et il faudra que je r\u00e8gle ce probl\u00e8me avec Premiere&#8230;).<\/strong><\/p>\n<p><em>Voil\u00e0 enfin <a title=\"Dailymotion\" href=\"http:\/\/www.dailymotion.com\/video\/xbs0cf_noel-a-montreal-le-defile-du-pere-n_news\">la vid\u00e9o<\/a>! Probl\u00e8me contourn\u00e9 :<\/em><\/p>\n<p><em><!--Dailymotion error: bad or missing ID--><br \/>\n<\/em><\/p>\n","protected":false},"excerpt":{"rendered":"<p>Par cette article, je vous pr\u00e9sente officiellement mes meilleurs voeux pour l&rsquo;ann\u00e9e 2010. Qu&rsquo;elle soit pour vous source de succ\u00e8s, bonheur et r\u00e9ussite. J&rsquo;aurais pu simplement poster une vid\u00e9o pour vous le souhaiter. Ma foi, j&rsquo;avais m\u00eame pr\u00e9vu de le faire \u00e0 la suite de ce texte. Mais Adobe Premiere Pro \u00e9tant un logiciel faillible, il faudra attendre que je trouve la source de mon probl\u00e8me d&rsquo;exportation. Et dire que certains se demandent pourquoi je lui pr\u00e9f\u00e8re de loin Final Cut Pro&#8230;<\/p>\n","protected":false},"author":2,"featured_media":0,"comment_status":"open","ping_status":"open","sticky":false,"template":"","format":"standard","meta":{"jetpack_post_was_ever_published":false,"footnotes":""},"categories":[4,6,7],"tags":[11,21,56,95,123,124,186,254,256,265,338,637,356,638,368],"class_list":["post-81","post","type-post","status-publish","format-standard","hentry","category-non-classe","category-video","category-web","tag-11","tag-adobe","tag-bonne-annee","tag-cut","tag-final","tag-final-cut-pro","tag-linkedin","tag-premiere","tag-pro","tag-qualia","tag-twitter","tag-video","tag-videoqualia","tag-web","tag-webvideo"],"aioseo_notices":[],"jetpack_featured_media_url":"","jetpack_shortlink":"https:\/\/wp.me\/p97UKg-1j","jetpack-related-posts":[{"id":976,"url":"https:\/\/hespel.fr\/?p=976","url_meta":{"origin":81,"position":0},"title":"The Final Cut ou une s\u00e9lection de logiciels de montage gratuits","author":"R. Hespel","date":"avril 20, 2018","format":false,"excerpt":"Depuis qu'Apple a officiellement annonc\u00e9 l'impossibilit\u00e9 pour Final Cut Pro 7 de fonctionner sous MacOS 10.13 High Sierra, je me suis activement mis \u00e0 la recherche de son successeur. Mon quotidien tournant de mani\u00e8re importante autour du montage vid\u00e9o, ce n'\u00e9tait pas une d\u00e9cision \u00e0 prendre \u00e0 la l\u00e9g\u00e8re et\u2026","rel":"","context":"Dans &quot;Tests&quot;","block_context":{"text":"Tests","link":"https:\/\/hespel.fr\/?cat=448"},"img":{"alt_text":"","src":"https:\/\/i0.wp.com\/hespel.fr\/wp-content\/uploads\/2018\/04\/adobecc-1024x650.jpg?resize=350%2C200&ssl=1","width":350,"height":200,"srcset":"https:\/\/i0.wp.com\/hespel.fr\/wp-content\/uploads\/2018\/04\/adobecc-1024x650.jpg?resize=350%2C200&ssl=1 1x, https:\/\/i0.wp.com\/hespel.fr\/wp-content\/uploads\/2018\/04\/adobecc-1024x650.jpg?resize=525%2C300&ssl=1 1.5x, https:\/\/i0.wp.com\/hespel.fr\/wp-content\/uploads\/2018\/04\/adobecc-1024x650.jpg?resize=700%2C400&ssl=1 2x"},"classes":[]},{"id":42,"url":"https:\/\/hespel.fr\/?p=42","url_meta":{"origin":81,"position":1},"title":"La Guerre des Mondes ou Mac vs PC","author":"R. Hespel","date":"novembre 16, 2009","format":false,"excerpt":"A l'heure actuelle, qu'y a-t-il sur PC qu'on ne puisse faire sur Mac ? Et inversement ? Pas grand chose, sinon rien. Les deux syst\u00e8mes ont leurs partisans, car ils ont chacun leurs avantages et leurs d\u00e9fauts. Ceux-ci sont d\u00e9termin\u00e9s par les usages et les besoins qu'on a des deux\u2026","rel":"","context":"Dans &quot;Nouvelles technologies&quot;","block_context":{"text":"Nouvelles technologies","link":"https:\/\/hespel.fr\/?cat=5"},"img":{"alt_text":"","src":"","width":0,"height":0},"classes":[]},{"id":56416,"url":"https:\/\/hespel.fr\/?p=56416","url_meta":{"origin":81,"position":2},"title":"Minority Report ou les mises \u00e0 jour d&rsquo;Adobe","author":"R. Hespel","date":"novembre 4, 2023","format":false,"excerpt":"\u00c7a doit faire des ann\u00e9es que je r\u00e2le sur la politique de mise \u00e0 jour de la suite Adobe Creative Cloud. Je n'ai pas \u00e9t\u00e9 le dernier \u00e0 les accuser de jouer le jeu de l'obsolescence programm\u00e9e, m\u00eame si c'\u00e9tait peut-\u00eatre \u00e0 tort... jusqu'\u00e0 aujourd'hui. Peut-\u00eatre aviez-vous re\u00e7u le m\u00e9mo\u2026","rel":"","context":"Dans &quot;Nouvelles technologies&quot;","block_context":{"text":"Nouvelles technologies","link":"https:\/\/hespel.fr\/?cat=5"},"img":{"alt_text":"Les versions 24.0 de nos applications vid\u00e9o n\u00e9cessiteront des processeurs prenant en charge Advanced Vector Extensions 2 (AVX2). ","src":"https:\/\/i0.wp.com\/hespel.fr\/wp-content\/uploads\/2023\/10\/Adobe001.jpg?resize=350%2C200&ssl=1","width":350,"height":200,"srcset":"https:\/\/i0.wp.com\/hespel.fr\/wp-content\/uploads\/2023\/10\/Adobe001.jpg?resize=350%2C200&ssl=1 1x, https:\/\/i0.wp.com\/hespel.fr\/wp-content\/uploads\/2023\/10\/Adobe001.jpg?resize=525%2C300&ssl=1 1.5x, https:\/\/i0.wp.com\/hespel.fr\/wp-content\/uploads\/2023\/10\/Adobe001.jpg?resize=700%2C400&ssl=1 2x"},"classes":[]},{"id":57235,"url":"https:\/\/hespel.fr\/?p=57235","url_meta":{"origin":81,"position":3},"title":"Blanche Neige ou filmer \u00e0 l&rsquo;iPhone","author":"R. Hespel","date":"novembre 7, 2023","format":false,"excerpt":"La semaine derni\u00e8re avait lieu le \"Scary Fast\", un \u00e9v\u00e9nement Apple comme on en conna\u00eet maintenant r\u00e9guli\u00e8rement, durant lequel la marque \u00e0 la pomme a annonc\u00e9 ses nouveaux Macbooks, \u00e9quip\u00e9s \u00e0 pr\u00e9sent de puces M3. Rien de bien surprenant, a priori. Sauf que l'\u00e9v\u00e9nement se terminait sur une touche inhabituelle,\u2026","rel":"","context":"Dans &quot;Nouvelles technologies&quot;","block_context":{"text":"Nouvelles technologies","link":"https:\/\/hespel.fr\/?cat=5"},"img":{"alt_text":"This event was shot on iPhone","src":"https:\/\/i0.wp.com\/hespel.fr\/wp-content\/uploads\/2023\/11\/AppleEventScaryFast-1024x576.jpg?resize=350%2C200&ssl=1","width":350,"height":200,"srcset":"https:\/\/i0.wp.com\/hespel.fr\/wp-content\/uploads\/2023\/11\/AppleEventScaryFast-1024x576.jpg?resize=350%2C200&ssl=1 1x, https:\/\/i0.wp.com\/hespel.fr\/wp-content\/uploads\/2023\/11\/AppleEventScaryFast-1024x576.jpg?resize=525%2C300&ssl=1 1.5x, https:\/\/i0.wp.com\/hespel.fr\/wp-content\/uploads\/2023\/11\/AppleEventScaryFast-1024x576.jpg?resize=700%2C400&ssl=1 2x"},"classes":[]},{"id":4213,"url":"https:\/\/hespel.fr\/?p=4213","url_meta":{"origin":81,"position":4},"title":"Small Soldiers ou les applications de montage sur Android","author":"R. Hespel","date":"mai 10, 2020","format":false,"excerpt":"Quand on parle de montage vid\u00e9o sur smartphone, l'application qui arrive souvent la premi\u00e8re sur les l\u00e8vres est LumaFusion. Puissante sur iPhone, certains n'h\u00e9sitent pas \u00e0 dire qu'elle vaut \u00e0 elle seule l'achat d'un iPad Pro. Malheureusement, elle n'existe pas sur Android, syst\u00e8me qui \u00e9quipe quand m\u00eame 80% des smartphones\u2026","rel":"","context":"Dans &quot;Nouvelles technologies&quot;","block_context":{"text":"Nouvelles technologies","link":"https:\/\/hespel.fr\/?cat=5"},"img":{"alt_text":"KineMaster","src":"https:\/\/i0.wp.com\/hespel.fr\/wp-content\/uploads\/2020\/05\/kinemaster.png?resize=350%2C200&ssl=1","width":350,"height":200,"srcset":"https:\/\/i0.wp.com\/hespel.fr\/wp-content\/uploads\/2020\/05\/kinemaster.png?resize=350%2C200&ssl=1 1x, https:\/\/i0.wp.com\/hespel.fr\/wp-content\/uploads\/2020\/05\/kinemaster.png?resize=525%2C300&ssl=1 1.5x"},"classes":[]},{"id":108,"url":"https:\/\/hespel.fr\/?p=108","url_meta":{"origin":81,"position":5},"title":"[Rec]\u00b2 ou le Kodak Zi8 avec un Netbook","author":"R. Hespel","date":"janvier 25, 2010","format":false,"excerpt":"Apr\u00e8s ma pr\u00e9sentation de la Kodak Zi8 la semaine derni\u00e8re, j'ai souhait\u00e9 aborder la cam\u00e9ra de poche dans un angle plus pratique. Du point de vue de la mobilit\u00e9, l'engin de Kodak est parfait. On le glisse dans sa poche et il se fait vite oublier. Mais si on est\u2026","rel":"","context":"Dans &quot;Nouvelles technologies&quot;","block_context":{"text":"Nouvelles technologies","link":"https:\/\/hespel.fr\/?cat=5"},"img":{"alt_text":"","src":"","width":0,"height":0},"classes":[]}],"_links":{"self":[{"href":"https:\/\/hespel.fr\/index.php?rest_route=\/wp\/v2\/posts\/81","targetHints":{"allow":["GET"]}}],"collection":[{"href":"https:\/\/hespel.fr\/index.php?rest_route=\/wp\/v2\/posts"}],"about":[{"href":"https:\/\/hespel.fr\/index.php?rest_route=\/wp\/v2\/types\/post"}],"author":[{"embeddable":true,"href":"https:\/\/hespel.fr\/index.php?rest_route=\/wp\/v2\/users\/2"}],"replies":[{"embeddable":true,"href":"https:\/\/hespel.fr\/index.php?rest_route=%2Fwp%2Fv2%2Fcomments&post=81"}],"version-history":[{"count":4,"href":"https:\/\/hespel.fr\/index.php?rest_route=\/wp\/v2\/posts\/81\/revisions"}],"predecessor-version":[{"id":2591,"href":"https:\/\/hespel.fr\/index.php?rest_route=\/wp\/v2\/posts\/81\/revisions\/2591"}],"wp:attachment":[{"href":"https:\/\/hespel.fr\/index.php?rest_route=%2Fwp%2Fv2%2Fmedia&parent=81"}],"wp:term":[{"taxonomy":"category","embeddable":true,"href":"https:\/\/hespel.fr\/index.php?rest_route=%2Fwp%2Fv2%2Fcategories&post=81"},{"taxonomy":"post_tag","embeddable":true,"href":"https:\/\/hespel.fr\/index.php?rest_route=%2Fwp%2Fv2%2Ftags&post=81"}],"curies":[{"name":"wp","href":"https:\/\/api.w.org\/{rel}","templated":true}]}}