{"id":776,"date":"2017-03-31T18:54:50","date_gmt":"2017-03-31T16:54:50","guid":{"rendered":"http:\/\/hespel.fr\/?p=776"},"modified":"2024-04-19T11:02:30","modified_gmt":"2024-04-19T09:02:30","slug":"volteface-ou-la-video-a-360","status":"publish","type":"post","link":"https:\/\/hespel.fr\/?p=776","title":{"rendered":"Volte\/Face ou la vid\u00e9o \u00e0 360\u00b0"},"content":{"rendered":"<p><strong>Comment d\u00e9buter avec une cam\u00e9ra 360 ?<\/strong> J&rsquo;en ai parl\u00e9 en d\u00e9but d&rsquo;ann\u00e9e, \u00e0 mon sens, le 360\u00b0 sera l&rsquo;une des tendances fortes de l&rsquo;ann\u00e9e. Les g\u00e9ants du web supportent tous d\u00e9j\u00e0 ce format (et m\u00eame le direct en 360\u00b0), les outils de r\u00e9alit\u00e9 virtuelle se d\u00e9mocratisent et les cam\u00e9ras 360\u00b0 sont maintenant accessibles au grand public. Vous voulez prendre une photo de groupe lors d&rsquo;un anniversaire ? Plus besoin de se grouper dans un coin, il suffit de poser une cam\u00e9ra 360\u00b0 au milieu de la table et tout le monde sera sur la photo. Pour autant, ce type de cam\u00e9ras peut s&rsquo;av\u00e9rer d\u00e9routant pour le d\u00e9butant et il m&rsquo;a sembl\u00e9 utile de regrouper quelques conseils sur leur utilisation.<!--more--><\/p>\n<div class=\"jetpack-video-wrapper\"><span class=\"embed-youtube\" style=\"text-align:center; display: block;\"><iframe loading=\"lazy\" class=\"youtube-player\" width=\"780\" height=\"439\" src=\"https:\/\/www.youtube.com\/embed\/iB3vwjx59Ow?version=3&#038;rel=1&#038;showsearch=0&#038;showinfo=1&#038;iv_load_policy=1&#038;fs=1&#038;hl=fr-FR&#038;autohide=2&#038;wmode=transparent\" allowfullscreen=\"true\" style=\"border:0;\" sandbox=\"allow-scripts allow-same-origin allow-popups allow-presentation allow-popups-to-escape-sandbox\"><\/iframe><\/span><\/div>\n<h3>Bonnes pratiques<\/h3>\n<p>Comme pour tout nouveau format, il faut exp\u00e9rimenter et tester toute sorte de choses pour tirer le meilleur des cam\u00e9ras 360\u00b0. Pour ma part, je suis encore loin d&rsquo;avoir toutes les r\u00e9ponses, mais j&rsquo;ai d\u00e9j\u00e0 tir\u00e9 quelques enseignements de mon utilisation.<\/p>\n<p>La premi\u00e8re chose dont il faut prendre conscience, c&rsquo;est qu&rsquo;une cam\u00e9ra 360 filme tout. Il est d\u00e8s lors tr\u00e8s difficile de ne pas appara\u00eetre \u00e0 l&rsquo;image, sauf si on pr\u00e9voit une cachette \u00e0 proximit\u00e9 (un arbre, un mur&#8230;). A ce titre, les selfie sticks se r\u00e9v\u00e8le \u00eatre des alli\u00e9s inattendu. Et oui, pour la premi\u00e8re fois, ils ont leur utilit\u00e9 ! Id\u00e9alement, il faut un selfie stick qui se transforme aussi en monopod, de fa\u00e7on \u00e0 \u00ab\u00a0planter\u00a0\u00bb la cam\u00e9ra \u00e0 un endroit si on ne veut pas \u00eatre sur l&rsquo;image. Mais ils sont aussi \u00e9videmment tr\u00e8s utile pour des selfies \u00e0 360\u00b0.<\/p>\n<p>Soyez s\u00fbr d&rsquo;avoir le sujet ou l&rsquo;action que vous voulez mettre en valeur en face de l&rsquo;un des objectifs de votre cam\u00e9ra, pas sur le c\u00f4t\u00e9. C&rsquo;est sur l&rsquo;espace entre les objectifs que la cam\u00e9ra 360 va coller (ce qu&rsquo;on appelle le \u00ab\u00a0stitch\u00a0\u00bb) les deux images et la plupart des mod\u00e8les le font en floutant l\u00e9g\u00e8rement cet espace. Clairement, la ligne de stitch est le point faible des images produites par les cam\u00e9ras 360 et il faut favoriser celles qui produiront le meilleur r\u00e9sultat.<\/p>\n<p>Autre pr\u00e9cision concernant la prise de vue, il est pr\u00e9f\u00e9rable de privil\u00e9gier les plans rapproch\u00e9s aux plans larges. Avec leurs objectifs grand angle, comme les cam\u00e9ras d&rsquo;action de type GoPro, les cam\u00e9ras \u00e0 360\u00b0 s&rsquo;en sortent bien mieux quand le sujet ou l&rsquo;action est proche de la cam\u00e9ra.<\/p>\n<p><img loading=\"lazy\" decoding=\"async\" data-attachment-id=\"825\" data-permalink=\"https:\/\/hespel.fr\/?attachment_id=825\" data-orig-file=\"https:\/\/hespel.fr\/wp-content\/uploads\/2017\/03\/lg360cam.jpg\" data-orig-size=\"850,850\" data-comments-opened=\"1\" data-image-meta=\"{&quot;aperture&quot;:&quot;0&quot;,&quot;credit&quot;:&quot;&quot;,&quot;camera&quot;:&quot;&quot;,&quot;caption&quot;:&quot;&quot;,&quot;created_timestamp&quot;:&quot;0&quot;,&quot;copyright&quot;:&quot;&quot;,&quot;focal_length&quot;:&quot;0&quot;,&quot;iso&quot;:&quot;0&quot;,&quot;shutter_speed&quot;:&quot;0&quot;,&quot;title&quot;:&quot;&quot;,&quot;orientation&quot;:&quot;1&quot;}\" data-image-title=\"lg360cam\" data-image-description=\"\" data-image-caption=\"\" data-large-file=\"https:\/\/hespel.fr\/wp-content\/uploads\/2017\/03\/lg360cam.jpg\" src=\"http:\/\/hespel.fr\/wp-content\/uploads\/2017\/03\/lg360cam.jpg\" alt=\"\" width=\"500\" height=\"500\" class=\"aligncenter size-full wp-image-825\" srcset=\"https:\/\/hespel.fr\/wp-content\/uploads\/2017\/03\/lg360cam.jpg 850w, https:\/\/hespel.fr\/wp-content\/uploads\/2017\/03\/lg360cam-150x150.jpg 150w, https:\/\/hespel.fr\/wp-content\/uploads\/2017\/03\/lg360cam-300x300.jpg 300w, https:\/\/hespel.fr\/wp-content\/uploads\/2017\/03\/lg360cam-768x768.jpg 768w\" sizes=\"auto, (max-width: 500px) 100vw, 500px\" \/><\/p>\n<h3>Quelle cam\u00e9ra 360 choisir ?<\/h3>\n<p>Au niveau du mat\u00e9riel, on trouve de tout. Du <a href=\"https:\/\/gopro.com\/en\/us\/news\/omni-is-here\" target=\"_blank\" rel=\"noopener noreferrer\">kit OMNI<\/a> produit par GoPro au tarif clairement prohibitf, qui le limite \u00e0 un usage professionnel, \u00e0 la <a href=\"http:\/\/www.lg.com\/be_fr\/lg-friends\/lg-LGR105\" target=\"_blank\" rel=\"noopener noreferrer\">LG 360 Cam<\/a>, il y en a pour tous les go\u00fbts. Surtout, le march\u00e9 est en plein boom et les annonces de cam\u00e9ras 360 se multiplient pour le moment. Pour l&rsquo;instant, la LG 360 Cam est la plus abordable, \u00e0 d\u00e9faut d&rsquo;\u00eatre la plus performante. En utilisation grand public, ce sont le plus souvent la <a href=\"https:\/\/theta360.com\/fr\/\" target=\"_blank\" rel=\"noopener noreferrer\">Ricoh Theta S<\/a> ou la <a href=\"http:\/\/www.samsung.com\/be_fr\/gear-360\/\" target=\"_blank\" rel=\"noopener noreferrer\">Samsung Gear 360<\/a> qui remportent le plus de suffrages. Mais avec les nouveaux mod\u00e8les qui s&rsquo;annoncent les mois qui arrivent, il faut \u00eatre tr\u00e8s attentif.<\/p>\n<p>Il en va de m\u00eame pour un usage semi-professionnel, o\u00f9 pour se lancer dans le monde professionnel sans investir 5000 euros, j&rsquo;aurais tendance \u00e0 conseiller la <a href=\"https:\/\/www.nikonusa.com\/en\/nikon-products\/product-archive\/action-camera\/keymission-360.html\" target=\"_blank\" rel=\"noopener noreferrer\">Nikon Keymission 360<\/a> ou la <a href=\"https:\/\/web.archive.org\/web\/20181110185341\/https:\/\/www.kodak.com\/Consumer\/Products\/Digital-Cameras\/Action-Camera\/Orbit360\/default.htm\" target=\"_blank\" rel=\"noopener noreferrer\">Kodak Orbit360 4k<\/a>. Elles permettent une utilisation relativement facile tout en garantissant une bonne qualit\u00e9 d&rsquo;image, mais pourraient vite trouver de la concurrence.<\/p>\n<p><strong>L&rsquo;avenir de la photo et de la vid\u00e9o 360\u00b0 ne passera par contre peut-\u00eatre pas par des cam\u00e9ras d\u00e9di\u00e9es.<\/strong> A la mani\u00e8re dont les cam\u00e9ras de poche (de type <a href=\"http:\/\/hespel.fr\/?p=92\" target=\"_blank\" rel=\"noopener noreferrer\">Kodak Zi8<\/a> ou Flip) se sont fait phagocyter par les smartphones, je ne serai pas surpris de voir bient\u00f4t des t\u00e9l\u00e9phones intelligents \u00e9quip\u00e9s d&rsquo;objectifs avant et arri\u00e8re permettant la prise d&rsquo;images 360. Pour l&rsquo;instant, il faut se contenter d&rsquo;accessoires, avec des solutions comme les <a href=\"https:\/\/www.insta360.com\/\" target=\"_blank\" rel=\"noopener noreferrer\">Insta360 Nano et Insta360 Air<\/a> (respectivement pour iPhone et Android).<\/p>\n<p>Ma seule recommandation : pour la vid\u00e9o, je vous encourage \u00e0 privil\u00e9gier <strong>la plus haute r\u00e9solution<\/strong>. Par exemple, en se contentant d&rsquo;une r\u00e9solution HD traditionnelle, il n&rsquo;est pas rare d&rsquo;avoir des images floues ou qui manquent en tout cas largement de piqu\u00e9 (ce qui est encore plus visible quand on visionne les vid\u00e9os avec un <a href=\"https:\/\/vr.google.com\/cardboard\/\" target=\"_blank\" rel=\"noopener noreferrer\">cardboard<\/a> ou un casque de r\u00e9alit\u00e9 virtuelle). La 4K va se g\u00e9n\u00e9raliser et il ne serait pas \u00e9tonnant qu&rsquo;on aille rapidement au-del\u00e0, et c&rsquo;est \u00e0 prendre en consid\u00e9ration au moment de l&rsquo;achat.<\/p>\n<p><img loading=\"lazy\" decoding=\"async\" data-attachment-id=\"826\" data-permalink=\"https:\/\/hespel.fr\/?attachment_id=826\" data-orig-file=\"https:\/\/hespel.fr\/wp-content\/uploads\/2017\/03\/nikonkeymission.jpg\" data-orig-size=\"850,850\" data-comments-opened=\"1\" data-image-meta=\"{&quot;aperture&quot;:&quot;0&quot;,&quot;credit&quot;:&quot;&quot;,&quot;camera&quot;:&quot;&quot;,&quot;caption&quot;:&quot;&quot;,&quot;created_timestamp&quot;:&quot;0&quot;,&quot;copyright&quot;:&quot;&quot;,&quot;focal_length&quot;:&quot;0&quot;,&quot;iso&quot;:&quot;0&quot;,&quot;shutter_speed&quot;:&quot;0&quot;,&quot;title&quot;:&quot;&quot;,&quot;orientation&quot;:&quot;1&quot;}\" data-image-title=\"nikonkeymission\" data-image-description=\"\" data-image-caption=\"\" data-large-file=\"https:\/\/hespel.fr\/wp-content\/uploads\/2017\/03\/nikonkeymission.jpg\" src=\"http:\/\/hespel.fr\/wp-content\/uploads\/2017\/03\/nikonkeymission.jpg\" alt=\"\" width=\"500\" height=\"500\" class=\"aligncenter size-full wp-image-826\" srcset=\"https:\/\/hespel.fr\/wp-content\/uploads\/2017\/03\/nikonkeymission.jpg 850w, https:\/\/hespel.fr\/wp-content\/uploads\/2017\/03\/nikonkeymission-150x150.jpg 150w, https:\/\/hespel.fr\/wp-content\/uploads\/2017\/03\/nikonkeymission-300x300.jpg 300w, https:\/\/hespel.fr\/wp-content\/uploads\/2017\/03\/nikonkeymission-768x768.jpg 768w\" sizes=\"auto, (max-width: 500px) 100vw, 500px\" \/><\/p>\n<h3>Visionner ses images 360<\/h3>\n<p><strong>Comment regarder les photos et vid\u00e9os prises en 360\u00b0 ?<\/strong> D&rsquo;abord vient peut-\u00eatre la question de la configuration mat\u00e9rielle. Pour la vid\u00e9o \u00e0 360\u00b0, et particuli\u00e8rement la vid\u00e9o au format 4K, il faut imp\u00e9rativement un ordinateur r\u00e9cent, et de pr\u00e9f\u00e9rence avec une configuration muscl\u00e9e. Sans \u00e7a, on risque de se retrouver \u00e0 essayer de regarder un diaporama tant la vid\u00e9o sera saccad\u00e9e, ou \u00e0 simplement regarder le r\u00e9sultat sur son smartphone.<\/p>\n<p>Passons \u00e0 la partie logicielle. Lorsqu&rsquo;on les ouvre de mani\u00e8re traditionnelle, les photos et vid\u00e9os ont tendance \u00e0 s&rsquo;afficher aplaties, d\u00e9form\u00e9es. Pour les visionner avant de les envoyer sur YouTube ou sur Facebook, il faut passer par un logiciel d\u00e9di\u00e9. Si la plupart des constructeurs fournissent leur propre logiciel (<a href=\"https:\/\/www.insta360.com\/download\/insta360-other\" target=\"_blank\" rel=\"noopener noreferrer\">Insta360 Studio<\/a> par exemple), il faut savoir que <a href=\"http:\/\/people.videolan.org\/~jb\/Builds\/360\/\" target=\"_blank\" rel=\"noopener noreferrer\">VLC<\/a> propose une version qui supporte la vid\u00e9o \u00e0 360\u00b0, tout comme Pot Player. GoPro a son <a href=\"https:\/\/web.archive.org\/web\/20190716190217\/http:\/\/www.kolor.com:80\/fr\/gopro-vr-player\/telecharger\/\" target=\"_blank\" rel=\"noopener noreferrer\">VR Player<\/a> qui permet de visualiser tant les photos que les vid\u00e9os 360\u00b0.<\/p>\n<div class=\"jetpack-video-wrapper\"><span class=\"embed-youtube\" style=\"text-align:center; display: block;\"><iframe loading=\"lazy\" class=\"youtube-player\" width=\"780\" height=\"439\" src=\"https:\/\/www.youtube.com\/embed\/rDzoL38Ng5g?version=3&#038;rel=1&#038;showsearch=0&#038;showinfo=1&#038;iv_load_policy=1&#038;fs=1&#038;hl=fr-FR&#038;autohide=2&#038;wmode=transparent\" allowfullscreen=\"true\" style=\"border:0;\" sandbox=\"allow-scripts allow-same-origin allow-popups allow-presentation allow-popups-to-escape-sandbox\"><\/iframe><\/span><\/div>\n<p>L&rsquo;\u00e9dition est peut-\u00eatre moins compliqu\u00e9e. Si les logiciels fournis par les constructeurs permettent parfois aussi d&rsquo;\u00e9diter un peu les prises de vues, on peut aussi directement passer par une application de montage sur son smartphone (avec <a href=\"https:\/\/apps.apple.com\/in\/app\/tiny-planet-photos-and-video\/id425996445\" target=\"_blank\" rel=\"noopener noreferrer\">Rollworld<\/a> ou V360), voire utiliser un vrai logiciel de montage. Il suffit alors de garder le format d&rsquo;origine lors de l&rsquo;exportation.<\/p>\n<p>Parmi les choses qu&rsquo;on voudra parfois modifier sur ses photos, il y a ce qu&rsquo;on appelle le \u00ab\u00a0Nadir\u00a0\u00bb. Sous ce nom, on d\u00e9signe l&rsquo;endroit situ\u00e9 juste sous la cam\u00e9ra 360, o\u00f9 on retrouve parfois la main de celui qui l&rsquo;utilise, ou le monopod ou le tr\u00e9pied sur lequel on l&rsquo;avait fix\u00e9. Sur une photo, les plus experts pourront essayer d&rsquo;effacer les traces du tr\u00e9pied via Photoshop par exemple. Pour les autres, qui voudraient simplement remplacer leur tr\u00e9pied par une image, un site comme <a href=\"https:\/\/nadirpatch.com\/patch2sphere\/\" target=\"_blank\" rel=\"noopener noreferrer\">Nadir Patch<\/a> fera parfaitement l&rsquo;affaire.<\/p>\n<h3>Diffuser ses photos et vid\u00e9os 360<\/h3>\n<p>YouTube, Facebook, Dailymotion et maintenant Vimeo&#8230; <strong>Toutes les principales plateformes supportent la vid\u00e9o \u00e0 360\u00b0<\/strong>. Il suffit simplement d&rsquo;y envoyer son fichier et Facebook ou YouTube le reconnaissent imm\u00e9diatement. Pour Vimeo, il faut cocher une case pour bien indiquer qu&rsquo;il s&rsquo;agit d&rsquo;une vid\u00e9o \u00e0 360\u00b0. Dans certains cas (mod\u00e8le de cam\u00e9ra non identifi\u00e9 ou vid\u00e9o \u00e9dit\u00e9e dans un logiciel de montage), il faut ajouter au fichier des m\u00e9tadonn\u00e9es pour que la vid\u00e9o soit bien reconnue pour ce qu&rsquo;elle est. Pour cela, rien de plus simple, Google propose <a href=\"https:\/\/support.google.com\/youtube\/answer\/6178631?hl=fr\" target=\"_blank\" rel=\"noopener noreferrer\">un outil tr\u00e8s pratique<\/a>.<\/p>\n<style type=\"text\/css\">.kuula7ft6g { width: 100%; height: 640px; }<\/style>\n<p><iframe class=\"kuula7ft6g\" frameborder=\"0\" scrolling=\"no\" allowfullscreen=\"true\" src=\"https:\/\/kuula.co\/share\/7ft6G\"><\/iframe><\/p>\n<p>Pour les photos, Facebook et Google Photos supportent le format sans probl\u00e8me, ce qui \u00e0 ma connaissance n&rsquo;est pas le cas de Flickr ou d&rsquo;Instagram. Dommage ? D&rsquo;autres plateformes y ont vu un signe et se sont engouffr\u00e9es dans la br\u00e8che, comme <a href=\"https:\/\/kuula.co\/\" target=\"_blank\" rel=\"noopener noreferrer\">Kuula.co<\/a>. Pratiques, elles partent n\u00e9anmoins de loin et on peut se poser la question de leur p\u00e9rennit\u00e9 le jour o\u00f9 Instagram permettra l&rsquo;import de photos \u00e0 360\u00b0.<\/p>\n<p><strong>Je n&rsquo;ai pas \u00e9voqu\u00e9 le cas du livestreaming, qui m\u00e9riterait un article \u00e0 part enti\u00e8re pour aborder la probl\u00e9matique. Certaines cam\u00e9ras le permettent (la Ricoh Theta S, la prochaine Samsung Gear360 ou la Kodak Orbit360 4K) et si cette fonctionnalit\u00e9 vous int\u00e9resse, c&rsquo;est un des premiers crit\u00e8res \u00e0 prendre en compte. Pour le reste, il y a d\u00e9j\u00e0 nombre de choses \u00e0 faire avec une cam\u00e9ra 360, que ce soit \u00e0 titre professionnel ou pour s&rsquo;amuser. N&rsquo;h\u00e9sitez pas \u00e0 partager vos usages en commentaire !<\/strong><\/p>\n<p><span class=\"imdbRatingPlugin\" data-user=\"ur22055856\" data-title=\"tt0119094\" data-style=\"t1\"><br \/>\n<a href=\"http:\/\/www.imdb.com\/title\/tt0119094\/?ref_=tt_plg_rt\"\n><img decoding=\"async\" alt=\"Face\/Off (1997) on IMDb\" src=\"http:\/\/g-ecx.images-amazon.com\/images\/G\/01\/imdb\/plugins\/rating\/images\/imdb_46x22.png\"><br \/>\n<\/a><\/span><br \/>\n<script>\n(function(d,s,id){var js,stags=d.getElementsByTagName(s)[0];\nif(d.getElementById(id)){return;}js=d.createElement(s);js.id=id;\njs.src=\"http:\/\/g-ec2.images-amazon.com\/images\/G\/01\/imdb\/plugins\/rating\/js\/rating.min.js\";\nstags.parentNode.insertBefore(js,stags);})(document,'script','imdb-rating-api');    \n<\/script>                    <\/p>\n","protected":false},"excerpt":{"rendered":"<p>Comment d\u00e9buter avec une cam\u00e9ra 360 ? J&rsquo;en ai parl\u00e9 en d\u00e9but d&rsquo;ann\u00e9e, \u00e0 mon sens, le 360\u00b0 sera l&rsquo;une des tendances fortes de l&rsquo;ann\u00e9e. Les g\u00e9ants du web supportent tous d\u00e9j\u00e0 ce format (et m\u00eame le direct en 360\u00b0), les outils de r\u00e9alit\u00e9 virtuelle se d\u00e9mocratisent et les cam\u00e9ras 360\u00b0 sont maintenant accessibles au<\/p>\n<footer class=\"entry-footer index-entry\">\n<div class=\"post-social pull-left\"><a href=\"https:\/\/www.facebook.com\/sharer\/sharer.php?u=https%3A%2F%2Fhespel.fr%2F%3Fp%3D776\" target=\"_blank\" class=\"social-icons\"><i class=\"fa fa-facebook\" aria-hidden=\"true\"><\/i><\/a><a href=\"https:\/\/twitter.com\/home?status=https%3A%2F%2Fhespel.fr%2F%3Fp%3D776\" target=\"_blank\" class=\"social-icons\"><i class=\"fa fa-twitter\" aria-hidden=\"true\"><\/i><\/a><a href=\"https:\/\/www.linkedin.com\/shareArticle?mini=true&#038;url=https%3A%2F%2Fhespel.fr%2F%3Fp%3D776&#038;title=Volte%2FFace+ou+la+vid%C3%A9o+%C3%A0+360%C2%B0\" target=\"_blank\" class=\"social-icons\"><i class=\"fa fa-linkedin\" aria-hidden=\"true\"><\/i><\/a><\/div>\n<p class=\"link-more\"><a href=\"https:\/\/hespel.fr\/?p=776\" class=\"more-link\">Continue reading <span class=\"meta-nav\">\u2192<\/span><\/a><\/p>\n<\/footer>\n","protected":false},"author":3,"featured_media":0,"comment_status":"open","ping_status":"open","sticky":false,"template":"","format":"standard","meta":{"jetpack_post_was_ever_published":false,"footnotes":""},"categories":[5,6],"tags":[650,658,66,659,661,653,177,656,532,657,654,660,655],"class_list":["post-776","post","type-post","status-publish","format-standard","hentry","category-nouvelles-technologies","category-video","tag-650","tag-4k","tag-camera","tag-hemispherique","tag-insta360","tag-keymission","tag-kodak","tag-lg-360-cam","tag-nikon","tag-orbit","tag-ricoh","tag-stitch","tag-theta"],"aioseo_notices":[],"jetpack_featured_media_url":"","jetpack_shortlink":"https:\/\/wp.me\/p97UKg-cw","jetpack-related-posts":[{"id":767,"url":"https:\/\/hespel.fr\/?p=767","url_meta":{"origin":776,"position":0},"title":"Tomorrowland ou mes pr\u00e9dictions vid\u00e9o pour 2017","author":"R. Hespel","date":"janvier 5, 2017","format":false,"excerpt":"2016 aura pour moi \u00e9t\u00e9 le retour \u00e0 un de mes premiers amours, la diffusion en direct sur Internet. Alors qu'il y a tout juste sept ans, je faisais mes premi\u00e8res armes sur Ustream avec l'IdentityCamp, j'ai eu \u00e0 plusieurs reprises cette ann\u00e9e \u00e0 produire de la vid\u00e9o sans filet,\u2026","rel":"","context":"Dans &quot;Nouvelles technologies&quot;","block_context":{"text":"Nouvelles technologies","link":"https:\/\/hespel.fr\/?cat=5"},"img":{"alt_text":"img_0112","src":"https:\/\/i0.wp.com\/hespel.fr\/wp-content\/uploads\/2016\/10\/IMG_0112-1024x768.jpg?resize=350%2C200","width":350,"height":200},"classes":[]},{"id":759,"url":"https:\/\/hespel.fr\/?p=759","url_meta":{"origin":776,"position":1},"title":"In the air ou le drone DJI Phantom 4","author":"R. Hespel","date":"juillet 27, 2016","format":false,"excerpt":"Dire que les drones sont une nouvelle tendance dans le milieu de l'audiovisuel serait une belle erreur. Si on parle de tendances, on peut parler de vid\u00e9o \u00e0 360\u00b0 ou de r\u00e9alit\u00e9 virtuelle, mais certainement pas des drones. Ceux-ci sont sur le march\u00e9 depuis d\u00e9j\u00e0 quelques ann\u00e9es et, si le\u2026","rel":"","context":"Dans &quot;Nouvelles technologies&quot;","block_context":{"text":"Nouvelles technologies","link":"https:\/\/hespel.fr\/?cat=5"},"img":{"alt_text":"maxresdefault","src":"https:\/\/i0.wp.com\/hespel.fr\/wp-content\/uploads\/2016\/07\/maxresdefault-1024x576.jpg?resize=350%2C200","width":350,"height":200},"classes":[]},{"id":360,"url":"https:\/\/hespel.fr\/?p=360","url_meta":{"origin":776,"position":2},"title":"One Hour Photo ou des objectifs pour monture Sony E","author":"R. Hespel","date":"d\u00e9cembre 24, 2012","format":false,"excerpt":"En 2010, Sony sortait son premier mod\u00e8le de cam\u00e9ra \u00e0 optiques interchangeables pour le grand public, le Sony NEX-VG10. L'objectif avou\u00e9 : concurrencer les DSLR de Canon en offrant aux vid\u00e9astes une alternative aux attraits certains. \u00c0 l'aube de 2013, Sony annon\u00e7ait la troisi\u00e8me mise \u00e0 niveau de son mod\u00e8le,\u2026","rel":"","context":"Dans &quot;Nouvelles technologies&quot;","block_context":{"text":"Nouvelles technologies","link":"https:\/\/hespel.fr\/?cat=5"},"img":{"alt_text":"Avec l'objectif 18-200mm","src":"https:\/\/i0.wp.com\/hespel.fr\/wp-content\/uploads\/2012\/12\/DSC00029-1024x574.jpg?resize=350%2C200&ssl=1","width":350,"height":200,"srcset":"https:\/\/i0.wp.com\/hespel.fr\/wp-content\/uploads\/2012\/12\/DSC00029-1024x574.jpg?resize=350%2C200&ssl=1 1x, https:\/\/i0.wp.com\/hespel.fr\/wp-content\/uploads\/2012\/12\/DSC00029-1024x574.jpg?resize=525%2C300&ssl=1 1.5x, https:\/\/i0.wp.com\/hespel.fr\/wp-content\/uploads\/2012\/12\/DSC00029-1024x574.jpg?resize=700%2C400&ssl=1 2x"},"classes":[]},{"id":204,"url":"https:\/\/hespel.fr\/?p=204","url_meta":{"origin":776,"position":3},"title":"La Fin des Temps ou les cam\u00e9ras Flip","author":"R. Hespel","date":"avril 13, 2011","format":false,"excerpt":"Les cam\u00e9ras de poche - ou pocket cameras - ont d\u00e9j\u00e0 eu leur moment de gloire sur ce blog. J'ai cru d\u00e8s le d\u00e9but et crois toujours fortement au concept, que j'ai moi-m\u00eame illustr\u00e9 avec la Kodak Zi8. Lors de son achat, j'avais longtemps tergivers\u00e9 entre ce mod\u00e8le et le\u2026","rel":"","context":"Dans &quot;Nouvelles technologies&quot;","block_context":{"text":"Nouvelles technologies","link":"https:\/\/hespel.fr\/?cat=5"},"img":{"alt_text":"Flip Mino HD","src":"https:\/\/i0.wp.com\/live.staticflickr.com\/3012\/3026387619_68050f397f_o.jpg?resize=350%2C200&ssl=1","width":350,"height":200},"classes":[]},{"id":171,"url":"https:\/\/hespel.fr\/?p=171","url_meta":{"origin":776,"position":4},"title":"Mrs Doubtfire ou une cam\u00e9ra dans toutes les poches","author":"R. Hespel","date":"mars 29, 2010","format":false,"excerpt":"C'est \u00e0 l'occasion d'une promotion sur le site de Dell Canada la semaine pass\u00e9e qu'on m'a demand\u00e9 pour la premi\u00e8re fois, de fa\u00e7on directe, des conseils sur une cam\u00e9ra de poche. Les cam\u00e9ras de poche, j'en ai d\u00e9j\u00e0 parl\u00e9 avant sur ce blog. J'ai largement explor\u00e9 ce nouveau petit monde\u2026","rel":"","context":"Dans &quot;Nouvelles technologies&quot;","block_context":{"text":"Nouvelles technologies","link":"https:\/\/hespel.fr\/?cat=5"},"img":{"alt_text":"","src":"https:\/\/i0.wp.com\/hespel.fr\/wp-content\/uploads\/2010\/03\/937_0811.jpg?resize=350%2C200&ssl=1","width":350,"height":200,"srcset":"https:\/\/i0.wp.com\/hespel.fr\/wp-content\/uploads\/2010\/03\/937_0811.jpg?resize=350%2C200&ssl=1 1x, https:\/\/i0.wp.com\/hespel.fr\/wp-content\/uploads\/2010\/03\/937_0811.jpg?resize=525%2C300&ssl=1 1.5x, https:\/\/i0.wp.com\/hespel.fr\/wp-content\/uploads\/2010\/03\/937_0811.jpg?resize=700%2C400&ssl=1 2x"},"classes":[]},{"id":146,"url":"https:\/\/hespel.fr\/?p=146","url_meta":{"origin":776,"position":5},"title":"Les Incorruptibles ou filmer avec un DSLR","author":"R. Hespel","date":"f\u00e9vrier 15, 2010","format":false,"excerpt":"J'ai beaucoup parl\u00e9 du Kodak Zi8 ces derniers temps, une solution parfaite pour de la vid\u00e9o mobile, \u00e0 peu de frais. Mais qu'en est-il des DSLR, ces appareils photos capables de filmer en HD ? En me basant sur mon exp\u00e9rience lors de la captation du show The Art Of\u2026","rel":"","context":"Dans &quot;R\u00e9flexions&quot;","block_context":{"text":"R\u00e9flexions","link":"https:\/\/hespel.fr\/?cat=4"},"img":{"alt_text":"The Art Of Performing Oral Sex","src":"https:\/\/i0.wp.com\/hespel.fr\/wp-content\/uploads\/2010\/02\/ecbimcoanchidcif.jpg?resize=350%2C200&ssl=1","width":350,"height":200},"classes":[]}],"_links":{"self":[{"href":"https:\/\/hespel.fr\/index.php?rest_route=\/wp\/v2\/posts\/776","targetHints":{"allow":["GET"]}}],"collection":[{"href":"https:\/\/hespel.fr\/index.php?rest_route=\/wp\/v2\/posts"}],"about":[{"href":"https:\/\/hespel.fr\/index.php?rest_route=\/wp\/v2\/types\/post"}],"author":[{"embeddable":true,"href":"https:\/\/hespel.fr\/index.php?rest_route=\/wp\/v2\/users\/3"}],"replies":[{"embeddable":true,"href":"https:\/\/hespel.fr\/index.php?rest_route=%2Fwp%2Fv2%2Fcomments&post=776"}],"version-history":[{"count":22,"href":"https:\/\/hespel.fr\/index.php?rest_route=\/wp\/v2\/posts\/776\/revisions"}],"predecessor-version":[{"id":75537,"href":"https:\/\/hespel.fr\/index.php?rest_route=\/wp\/v2\/posts\/776\/revisions\/75537"}],"wp:attachment":[{"href":"https:\/\/hespel.fr\/index.php?rest_route=%2Fwp%2Fv2%2Fmedia&parent=776"}],"wp:term":[{"taxonomy":"category","embeddable":true,"href":"https:\/\/hespel.fr\/index.php?rest_route=%2Fwp%2Fv2%2Fcategories&post=776"},{"taxonomy":"post_tag","embeddable":true,"href":"https:\/\/hespel.fr\/index.php?rest_route=%2Fwp%2Fv2%2Ftags&post=776"}],"curies":[{"name":"wp","href":"https:\/\/api.w.org\/{rel}","templated":true}]}}