{"id":767,"date":"2017-01-05T17:49:06","date_gmt":"2017-01-05T16:49:06","guid":{"rendered":"http:\/\/hespel.fr\/?p=767"},"modified":"2024-01-22T11:17:20","modified_gmt":"2024-01-22T10:17:20","slug":"tomorrowland-ou-mes-predictions-video-pour-2017","status":"publish","type":"post","link":"https:\/\/hespel.fr\/?p=767","title":{"rendered":"Tomorrowland ou mes pr\u00e9dictions vid\u00e9o pour 2017"},"content":{"rendered":"<p>2016 aura pour moi \u00e9t\u00e9 le retour \u00e0 un de mes premiers amours, <strong>la diffusion en direct sur Internet<\/strong>. Alors qu&rsquo;il y a tout juste sept ans, je faisais mes premi\u00e8res armes sur Ustream avec l&rsquo;<a href=\"http:\/\/hespel.fr\/?p=61\">IdentityCamp<\/a>, j&rsquo;ai eu \u00e0 plusieurs reprises cette ann\u00e9e \u00e0 produire de la vid\u00e9o sans filet, live. Toujours sur <a href=\"http:\/\/www.ustream.tv\/\" target=\"_blank\" rel=\"noopener noreferrer\">Ustream<\/a> ? Bien s\u00fbr que non. Les ann\u00e9es ont pass\u00e9 et alors que Ustream n&rsquo;a jamais vraiment d\u00e9coll\u00e9 aupr\u00e8s du grand public, se r\u00e9duisant \u00e0 une offre plus corporate, la vid\u00e9o live a resurgi l\u00e0 o\u00f9 on l&rsquo;attendait, sur <strong>YouTube<\/strong>, et l\u00e0 o\u00f9 on l&rsquo;attendait moins, sur <strong>Facebook<\/strong>.<\/p>\n<p>Le r\u00e9seau social en a d&rsquo;ailleurs fait l&rsquo;un de ses principaux cheval de bataille. La vid\u00e9o live remonte en t\u00eate des flux d&rsquo;actualit\u00e9, une mise en avant d\u00e9sormais rare dans les fameux algorithmes de Facebook. Du coup, tout le monde s&rsquo;y est mis. Je l&rsquo;ai dit il y a bien longtemps, <a href=\"http:\/\/hespel.fr\/?p=173\">tout ne doit pas \u00eatre diffus\u00e9 live<\/a> et <a href=\"https:\/\/www.france24.com\/fr\/20161021-facebooklive-mossoul-direct-periscope-emojis-rudaw-rwanda-drones-sang-manusvr-vr-realitevir\" target=\"_blank\" rel=\"noopener noreferrer\">on a atteint un niveau de malaise<\/a> assez incroyable. Va-t-on continuer sur la m\u00eame lanc\u00e9e en 2017 ?<br \/>\n<!--more--><\/p>\n<p>Pour ma part, j&rsquo;ai test\u00e9 Facebook Live pour la premi\u00e8re fois en avril, \u00e0 l&rsquo;occasion de ma participation au voyage des porteurs du projet <a href=\"https:\/\/www.esa.int\/Space_in_Member_States\/Belgium_-_Francais\/Le_nanosatellite_OUFTI_1_permet_a_des_etudiants_belges_de_realiser_leur_reve\" target=\"_blank\" rel=\"noopener noreferrer\">OUFTI-1<\/a> \u00e0 Kourou. OUFTI-1, premier nano-satellite belge a \u00e9t\u00e9 con\u00e7u comme un projet p\u00e9dagogique au sein de l&rsquo;Universit\u00e9 de Li\u00e8ge, par et pour des \u00e9tudiants. En rejoignant le programme <em>Fly Your Sattelite!<\/em> de l&rsquo;ESA, OUFTI-1 a gagn\u00e9 par la m\u00eame occasion sa place au sein du lancement VS14, \u00e0 bord d&rsquo;une fus\u00e9e Soyouz, pour \u00eatre lib\u00e9r\u00e9 dans l&rsquo;espace. Ma mission ? Accompagner l&rsquo;\u00e9quipe et rendre compte de leur exp\u00e9rience sur place.<\/p>\n<div class=\"fb-video\" data-allowfullscreen=\"true\" data-href=\"https:\/\/www.facebook.com\/oufti1cubesat\/videos\/523018644536660\/\" style=\"background-color: #fff; display: inline-block;\"><\/div>\n<p>En pratique, outre des \u00e9changes Skype, des posts Instagram, Twitter ou Snapchat, je me suis bien amus\u00e9 avec Vine (sans doute <a href=\"http:\/\/www.lemonde.fr\/pixels\/article\/2016\/10\/27\/twitter-annonce-la-fermeture-de-vine-son-service-de-microvideo_5021650_4408996.html\" target=\"_blank\" rel=\"noopener noreferrer\">pour la derni\u00e8re fois<\/a>) et <strong>j&rsquo;ai surtout mis \u00e0 profit Facebook Live pour r\u00e9guli\u00e8rement interviewer les diff\u00e9rents intervenants<\/strong> et alimenter <a href=\"https:\/\/www.facebook.com\/oufti1cubesat\" target=\"_blank\" rel=\"noopener noreferrer\">la page d\u00e9di\u00e9e au projet<\/a>. Pour ce faire, mon mat\u00e9riel se r\u00e9sumait \u00e0 un iPad, un adaptateur pour tr\u00e9pied, un tr\u00e9pied l\u00e9ger et un micro-cravate filaire. Si on m&rsquo;avait dit en 2009 que je filmerai un jour avec un iPad, j&rsquo;aurais sans doute bien ri, mais il n&rsquo;y a que les idiots qui ne changent pas d&rsquo;avis.<\/p>\n<p>C&rsquo;est pourtant un fait, <strong>la trousse \u00e0 outils du vid\u00e9aste \u00e9volue et il est aujourd&rsquo;hui impossible de faire sans un smartphone ou une tablette<\/strong>, sa connexion 4G et ses applications, m\u00eame si je suis pour ma part encore loin d&rsquo;\u00eatre pr\u00eat \u00e0 totalement remplacer ma cam\u00e9ra par un appareil mobile. Si vous souhaitez en savoir plus sur le projet OUFTI-1, je vous renvoie au <a href=\"https:\/\/www.esa.int\/Space_in_Member_States\/Belgium_-_Francais\/Le_nanosatellite_OUFTI_1_permet_a_des_etudiants_belges_de_realiser_leur_reve\" target=\"_blank\" rel=\"noopener noreferrer\">site d\u00e9di\u00e9<\/a>.<\/p>\n<blockquote class=\"instagram-media\" style=\"background: #FFF; border: 0; border-radius: 3px; box-shadow: 0 0 1px 0 rgba(0,0,0,0.5),0 1px 10px 0 rgba(0,0,0,0.15); margin: 1px; max-width: 658px; padding: 0; width: calc(100% - 2px);\" data-instgrm-captioned=\"\" data-instgrm-version=\"7\">\n<div style=\"padding: 8px;\">\n<div style=\"background: #F8F8F8; line-height: 0; margin-top: 40px; padding: 37.5% 0; text-align: center; width: 100%;\"><\/div>\n<p style=\"margin: 8px 0 0 0; padding: 0 4px;\"><a style=\"color: #000; font-family: Arial,sans-serif; font-size: 14px; font-style: normal; font-weight: normal; line-height: 17px; text-decoration: none; word-wrap: break-word;\" href=\"https:\/\/www.instagram.com\/p\/BEYrnKXrMcw\/\" target=\"_blank\" rel=\"noopener noreferrer\">Un petit What&rsquo;s in my bag avant le d\u00e9part pour Kourou. De quoi suivre le lancement d&rsquo;OUFTI. #Oufti1Go #ULg<\/a><\/p>\n<p style=\"color: #c9c8cd; font-family: Arial,sans-serif; font-size: 14px; line-height: 17px; margin-bottom: 0; margin-top: 8px; overflow: hidden; padding: 8px 0 7px; text-align: center; text-overflow: ellipsis; white-space: nowrap;\">Une photo publi\u00e9e par Remy Hespel (@remyhespel) le <time style=\"font-family: Arial,sans-serif; font-size: 14px; line-height: 17px;\" datetime=\"2016-04-19T14:44:41+00:00\">19 Avril 2016 \u00e0 7h44 PDT<\/time><\/p>\n<\/div>\n<\/blockquote>\n<p><script async defer src=\"\/\/platform.instagram.com\/en_US\/embeds.js\"><\/script><\/p>\n<h3>Et pour 2017 ?<\/h3>\n<p>Si la vid\u00e9o en direct en g\u00e9n\u00e9ral et en particulier sur Facebook va certainement rester une tendance forte de 2017, on ne peut pas vraiment classer \u00e7a au rang des pr\u00e9dictions. Ce qui s&rsquo;en vient par contre, ce sont <strong>la r\u00e9alit\u00e9 augment\u00e9e, la r\u00e9alit\u00e9 virtuelle, la vid\u00e9o \u00e0 360\u00b0&#8230; la vid\u00e9o dans toutes ses formes, voire sans forme du tout.<\/strong><\/p>\n<p>Je passe sur la r\u00e9alit\u00e9 augment\u00e9e et la r\u00e9alit\u00e9 virtuelle, qui avant de se retrouver dans des appareils d\u00e9di\u00e9s, des <a href=\"http:\/\/www.vive.com\/fr\/\" target=\"_blank\" rel=\"noopener noreferrer\">casques hors de prix<\/a> ou des <a href=\"https:\/\/web.archive.org\/web\/20210925051250\/https:\/\/vr.msi.com\/Backpacks\/vrone\" target=\"_blank\" rel=\"noopener noreferrer\">sacs \u00e0 dos futuristes<\/a>, vont surtout essayer de s&rsquo;imposer sur nos smartphones, et pour y parvenir, risque d&rsquo;\u00eatre au centre de beaucoup de discussions et d&rsquo;innovations.<\/p>\n<p><strong>La vid\u00e9o \u00e0 360\u00b0, elle, \u00e9tait d\u00e9j\u00e0 l\u00e0 en 2016 mais risque de se d\u00e9mocratiser en 2017.<\/strong> Des mod\u00e8les abordables sont d\u00e9j\u00e0 sur le march\u00e9, que ce soit la <a href=\"https:\/\/theta360.com\/fr\/\" target=\"_blank\" rel=\"noopener noreferrer\">Ricoh Theta<\/a>, la <a href=\"https:\/\/web.archive.org\/web\/20190203073003\/https:\/\/www.lg.com\/fr\/lg-friends\/lg-360-CAM-lgr105\" target=\"_blank\" rel=\"noopener noreferrer\">LG360<\/a> ou la <a href=\"http:\/\/www.samsung.com\/global\/galaxy\/gear-360\/\" target=\"_blank\" rel=\"noopener noreferrer\">Samsung Gear 360<\/a>. Je commence tout juste \u00e0 utiliser une <a href=\"https:\/\/www.nikonusa.com\/en\/nikon-products\/action-cameras\/index.page\" target=\"_blank\" rel=\"noopener noreferrer\">Nikon Keymission 360<\/a> et le champ des possibles est gigantesque, m\u00eame si les outils sont encore imparfaits. Les cr\u00e9ations produites par ces cam\u00e9ras peuvent d\u00e9j\u00e0 se retrouver sur YouTube, Facebook, Twitter ou Instagram, toutes ces plateformes supportant aussi la diffusion live en 360\u00b0. Le bon c\u00f4t\u00e9 de cette technologie ? L&rsquo;utilisateur est plac\u00e9 au centre du dispositif et ma\u00eetrise ce qu&rsquo;il voit. Le mauvais c\u00f4t\u00e9 ? Pour b\u00e9n\u00e9ficier d&rsquo;une lecture fluide en 360\u00b0 en ultra haute d\u00e9finition (autrement dit, en 4K), il faut avoir l&rsquo;ordinateur qui suit&#8230; ce n&rsquo;est pas le cas de tout le monde.<\/p>\n<p>Ce qui est certain, c&rsquo;est que l&rsquo;espace web sans vid\u00e9o risque de se r\u00e9duire de plus en plus. Elle s&rsquo;introduit partout, sur nos t\u00e9l\u00e9phones surtout, tant et si bien qu&rsquo;<a href=\"http:\/\/www.servicesmobiles.fr\/le-format-video-verticale-nouveau-standard-31750\/\" target=\"_blank\" rel=\"noopener noreferrer\">elle a m\u00eame chang\u00e9 de forme<\/a> pour mieux s&rsquo;adapter aux modes de consommation, au m\u00e9pris de tout bon sens. <strong>2017, l&rsquo;ann\u00e9e de la vid\u00e9o verticale ?<\/strong> C&rsquo;est d\u00e9j\u00e0 le cas avec Snapchat, \u00e7a commence aussi du c\u00f4t\u00e9 de Facebook, m\u00eame si l\u00e0, les producteurs de contenu se veulent moins radicaux en optant plut\u00f4t pour un format carr\u00e9 qui s&rsquo;adapte aussi bien au visionnage sur ordinateur que sur mobile. Si l&rsquo;Apple Watch \u00e9tait ronde, aurait-on eu droit \u00e0 un format rond de vid\u00e9o ? Ce qui est s\u00fbr, c&rsquo;est que le 16\/9 n&rsquo;est d\u00e9sormais plus la norme.<\/p>\n<p>MISE A JOUR : je d\u00e9couvre que les <a href=\"https:\/\/www.snap.com\/fr-FR\/\" target=\"_blank\" rel=\"noopener noreferrer\">Snapchat Spectacles<\/a>, les lunettes cam\u00e9ras con\u00e7ues par Snapchat, <a href=\"https:\/\/descary.com\/snapchat-spectacles-camera-video-spectaculaire\/\" target=\"_blank\" rel=\"noopener noreferrer\">produisent des vid\u00e9os rondes<\/a> ! Comme quoi, ma derni\u00e8re question n&rsquo;\u00e9tait sans doute pas si ironique !<\/p>\n<p><img loading=\"lazy\" decoding=\"async\" data-attachment-id=\"783\" data-permalink=\"https:\/\/hespel.fr\/?attachment_id=783\" data-orig-file=\"https:\/\/hespel.fr\/wp-content\/uploads\/2016\/10\/IMG_0112.jpg\" data-orig-size=\"4000,3000\" data-comments-opened=\"1\" data-image-meta=\"{&quot;aperture&quot;:&quot;4&quot;,&quot;credit&quot;:&quot;&quot;,&quot;camera&quot;:&quot;Canon PowerShot S110&quot;,&quot;caption&quot;:&quot;&quot;,&quot;created_timestamp&quot;:&quot;1461338158&quot;,&quot;copyright&quot;:&quot;&quot;,&quot;focal_length&quot;:&quot;5.2&quot;,&quot;iso&quot;:&quot;125&quot;,&quot;shutter_speed&quot;:&quot;0.008&quot;,&quot;title&quot;:&quot;&quot;,&quot;orientation&quot;:&quot;1&quot;}\" data-image-title=\"img_0112\" data-image-description=\"\" data-image-caption=\"\" data-large-file=\"https:\/\/hespel.fr\/wp-content\/uploads\/2016\/10\/IMG_0112-1024x768.jpg\" class=\"aligncenter size-large wp-image-783\" src=\"http:\/\/hespel.fr\/wp-content\/uploads\/2016\/10\/IMG_0112-1024x768.jpg\" alt=\"img_0112\" width=\"512\" height=\"384\" srcset=\"https:\/\/hespel.fr\/wp-content\/uploads\/2016\/10\/IMG_0112-1024x768.jpg 1024w, https:\/\/hespel.fr\/wp-content\/uploads\/2016\/10\/IMG_0112-300x225.jpg 300w, https:\/\/hespel.fr\/wp-content\/uploads\/2016\/10\/IMG_0112-768x576.jpg 768w\" sizes=\"auto, (max-width: 512px) 100vw, 512px\" \/><\/p>\n<p><span class=\"imdbRatingPlugin\" data-user=\"ur22055856\" data-title=\"tt1964418\" data-style=\"t1\"><br \/>\n<a href=\"http:\/\/www.imdb.com\/title\/tt1964418\/?ref_=tt_plg_rt\"\n><img decoding=\"async\" alt=\"Disney Project T (2015) on IMDb\" src=\"http:\/\/g-ecx.images-amazon.com\/images\/G\/01\/imdb\/plugins\/rating\/images\/imdb_46x22.png\"><br \/>\n<\/a><\/span><br \/>\n<script>\n(function(d,s,id){var js,stags=d.getElementsByTagName(s)[0];\nif(d.getElementById(id)){return;}js=d.createElement(s);js.id=id;\njs.src=\"http:\/\/g-ec2.images-amazon.com\/images\/G\/01\/imdb\/plugins\/rating\/js\/rating.min.js\";\nstags.parentNode.insertBefore(js,stags);})(document,'script','imdb-rating-api');    \n<\/script>                    <\/p>\n","protected":false},"excerpt":{"rendered":"<p>2016 aura pour moi \u00e9t\u00e9 le retour \u00e0 un de mes premiers amours, la diffusion en direct sur Internet. Alors qu&rsquo;il y a tout juste sept ans, je faisais mes premi\u00e8res armes sur Ustream avec l&rsquo;IdentityCamp, j&rsquo;ai eu \u00e0 plusieurs reprises cette ann\u00e9e \u00e0 produire de la vid\u00e9o sans filet, live. Toujours sur Ustream ?<\/p>\n<footer class=\"entry-footer index-entry\">\n<div class=\"post-social pull-left\"><a href=\"https:\/\/www.facebook.com\/sharer\/sharer.php?u=https%3A%2F%2Fhespel.fr%2F%3Fp%3D767\" target=\"_blank\" class=\"social-icons\"><i class=\"fa fa-facebook\" aria-hidden=\"true\"><\/i><\/a><a href=\"https:\/\/twitter.com\/home?status=https%3A%2F%2Fhespel.fr%2F%3Fp%3D767\" target=\"_blank\" class=\"social-icons\"><i class=\"fa fa-twitter\" aria-hidden=\"true\"><\/i><\/a><a href=\"https:\/\/www.linkedin.com\/shareArticle?mini=true&#038;url=https%3A%2F%2Fhespel.fr%2F%3Fp%3D767&#038;title=Tomorrowland+ou+mes+pr%C3%A9dictions+vid%C3%A9o+pour+2017\" target=\"_blank\" class=\"social-icons\"><i class=\"fa fa-linkedin\" aria-hidden=\"true\"><\/i><\/a><\/div>\n<p class=\"link-more\"><a href=\"https:\/\/hespel.fr\/?p=767\" class=\"more-link\">Continue reading <span class=\"meta-nav\">\u2192<\/span><\/a><\/p>\n<\/footer>\n","protected":false},"author":3,"featured_media":0,"comment_status":"open","ping_status":"open","sticky":false,"template":"","format":"standard","meta":{"jetpack_post_was_ever_published":false,"footnotes":""},"categories":[5,4,7],"tags":[652,650,649,104,116,188,648,651,348],"class_list":["post-767","post","type-post","status-publish","format-standard","hentry","category-nouvelles-technologies","category-non-classe","category-web","tag-652","tag-650","tag-augmentee","tag-direct","tag-facebook","tag-live","tag-realite-virtuelle","tag-tendance","tag-ustream"],"aioseo_notices":[],"jetpack_featured_media_url":"","jetpack_shortlink":"https:\/\/wp.me\/p97UKg-cn","jetpack-related-posts":[{"id":173,"url":"https:\/\/hespel.fr\/?p=173","url_meta":{"origin":767,"position":0},"title":"Le 3e Homme ou la diffusion live \u00e0 outrance","author":"R. Hespel","date":"avril 18, 2010","format":false,"excerpt":"Depuis quelques semaines, je suis bien occup\u00e9. Des mandats s'installent sur le long terme, ce qui explique une diminution de ma pr\u00e9sence web. Une diminution paradoxale puisque je suis toujours tr\u00e8s pr\u00e9sent, mais plus en mon nom. A deux reprises, la semaine pass\u00e9e, j'ai effectu\u00e9 des captations sur Ustream \u00e0\u2026","rel":"","context":"Dans &quot;Video&quot;","block_context":{"text":"Video","link":"https:\/\/hespel.fr\/?cat=6"},"img":{"alt_text":"","src":"","width":0,"height":0},"classes":[]},{"id":61,"url":"https:\/\/hespel.fr\/?p=61","url_meta":{"origin":767,"position":1},"title":"The Truman Show ou la diffusion en direct","author":"R. Hespel","date":"d\u00e9cembre 7, 2009","format":false,"excerpt":"Diffuser une vid\u00e9o en direct sur Internet n'est aujourd'hui plus si complexe et il m'a sembl\u00e9 opportun, \u00e0 la veille de la diffusion de l'IdentityCamp, de faire le point sur les diff\u00e9rentes plateformes existantes et sur leurs possibilit\u00e9s. Je vais commencer par les solutions les plus faciles \u00e0 utiliser et\u2026","rel":"","context":"Dans &quot;Nouvelles technologies&quot;","block_context":{"text":"Nouvelles technologies","link":"https:\/\/hespel.fr\/?cat=5"},"img":{"alt_text":"","src":"","width":0,"height":0},"classes":[]},{"id":213,"url":"https:\/\/hespel.fr\/?p=213","url_meta":{"origin":767,"position":2},"title":"Il Divo ou Streamago","author":"R. Hespel","date":"juin 3, 2011","format":false,"excerpt":"Tiscali, ancien op\u00e9rateur Fran\u00e7ais, d'origine Italienne, qui avait dans mes souvenirs \u00e9tait absorb\u00e9 par le groupe Alice, fait \u00e0 nouveau parler de lui ces derniers jours avec son nouveau service : Streamago. Streamago.tv est un service de diffusion de vid\u00e9o en direct. Existant depuis d\u00e9j\u00e0 quelques temps, il n'a de\u2026","rel":"","context":"Dans &quot;R\u00e9flexions&quot;","block_context":{"text":"R\u00e9flexions","link":"https:\/\/hespel.fr\/?cat=4"},"img":{"alt_text":"","src":"https:\/\/i0.wp.com\/hespel.fr\/wp-content\/uploads\/2011\/06\/streamago2019.jpg?resize=350%2C200&ssl=1","width":350,"height":200,"srcset":"https:\/\/i0.wp.com\/hespel.fr\/wp-content\/uploads\/2011\/06\/streamago2019.jpg?resize=350%2C200&ssl=1 1x, https:\/\/i0.wp.com\/hespel.fr\/wp-content\/uploads\/2011\/06\/streamago2019.jpg?resize=525%2C300&ssl=1 1.5x, https:\/\/i0.wp.com\/hespel.fr\/wp-content\/uploads\/2011\/06\/streamago2019.jpg?resize=700%2C400&ssl=1 2x"},"classes":[]},{"id":167,"url":"https:\/\/hespel.fr\/?p=167","url_meta":{"origin":767,"position":3},"title":"Les 4 Fantastiques ou 4 astuces pour Ustream","author":"R. Hespel","date":"mars 15, 2010","format":false,"excerpt":"S'il y a bien une chose que me permets l'IdentityCamp, c'est de tirer des le\u00e7ons. Assumer chaque mois la retransmission en direct des pr\u00e9sentations et des \u00e9changes qui ont lieu \u00e0 Station C est une exp\u00e9rience en soit. On pourrait croire qu'au fur et \u00e0 mesure, la routine s'installe. Il\u2026","rel":"","context":"Dans &quot;R\u00e9flexions&quot;","block_context":{"text":"R\u00e9flexions","link":"https:\/\/hespel.fr\/?cat=4"},"img":{"alt_text":"IdentityCamp d\u00e9cembre 2009","src":"https:\/\/i0.wp.com\/live.staticflickr.com\/2575\/4171094534_70a19c56d2_c.jpg?resize=350%2C200&ssl=1","width":350,"height":200,"srcset":"https:\/\/i0.wp.com\/live.staticflickr.com\/2575\/4171094534_70a19c56d2_c.jpg?resize=350%2C200&ssl=1 1x, https:\/\/i0.wp.com\/live.staticflickr.com\/2575\/4171094534_70a19c56d2_c.jpg?resize=525%2C300&ssl=1 1.5x, https:\/\/i0.wp.com\/live.staticflickr.com\/2575\/4171094534_70a19c56d2_c.jpg?resize=700%2C400&ssl=1 2x"},"classes":[]},{"id":189,"url":"https:\/\/hespel.fr\/?p=189","url_meta":{"origin":767,"position":4},"title":"A Serious Man ou Podcamp Montr\u00e9al 2010","author":"R. Hespel","date":"septembre 9, 2010","format":false,"excerpt":"Parfois, je suis une personne s\u00e9rieuse. Plus qu'\u00eatre professionnel, il s'agit de consid\u00e9rer le monde dans lequel on vit et d'essayer d'y contribuer. L'ann\u00e9e pass\u00e9e, exactement \u00e0 cette p\u00e9riode, j'allais au Podcamp Montr\u00e9al pour la premi\u00e8re fois, dans le simple but d'\u00e9couter les conf\u00e9rences propos\u00e9es. Cette ann\u00e9e, je change la\u2026","rel":"","context":"Dans &quot;Nouvelles technologies&quot;","block_context":{"text":"Nouvelles technologies","link":"https:\/\/hespel.fr\/?cat=5"},"img":{"alt_text":"","src":"","width":0,"height":0},"classes":[]},{"id":4783,"url":"https:\/\/hespel.fr\/?p=4783","url_meta":{"origin":767,"position":5},"title":"GoldenEye ou faire du live streaming en 2020","author":"R. Hespel","date":"juillet 8, 2020","format":false,"excerpt":"On me demande souvent comment capter un \u00e9v\u00e9nement en direct et le diffuser en simultan\u00e9 sur Internet. Depuis 2009, ann\u00e9e \u00e0 partir de laquelle j'ai commenc\u00e9 \u00e0 exp\u00e9rimenter sur le sujet, les choses ont beaucoup \u00e9volu\u00e9es. A l'\u00e9poque, mon mat\u00e9riel de pr\u00e9dilection \u00e9tait une cam\u00e9ra professionnelle reli\u00e9e \u00e0 un ordinateur\u2026","rel":"","context":"Dans &quot;Nouvelles technologies&quot;","block_context":{"text":"Nouvelles technologies","link":"https:\/\/hespel.fr\/?cat=5"},"img":{"alt_text":"","src":"https:\/\/i0.wp.com\/hespel.fr\/wp-content\/uploads\/2020\/07\/CanonEOSwebcamUtility-1024x767.jpg?resize=350%2C200&ssl=1","width":350,"height":200,"srcset":"https:\/\/i0.wp.com\/hespel.fr\/wp-content\/uploads\/2020\/07\/CanonEOSwebcamUtility-1024x767.jpg?resize=350%2C200&ssl=1 1x, https:\/\/i0.wp.com\/hespel.fr\/wp-content\/uploads\/2020\/07\/CanonEOSwebcamUtility-1024x767.jpg?resize=525%2C300&ssl=1 1.5x, https:\/\/i0.wp.com\/hespel.fr\/wp-content\/uploads\/2020\/07\/CanonEOSwebcamUtility-1024x767.jpg?resize=700%2C400&ssl=1 2x"},"classes":[]}],"_links":{"self":[{"href":"https:\/\/hespel.fr\/index.php?rest_route=\/wp\/v2\/posts\/767","targetHints":{"allow":["GET"]}}],"collection":[{"href":"https:\/\/hespel.fr\/index.php?rest_route=\/wp\/v2\/posts"}],"about":[{"href":"https:\/\/hespel.fr\/index.php?rest_route=\/wp\/v2\/types\/post"}],"author":[{"embeddable":true,"href":"https:\/\/hespel.fr\/index.php?rest_route=\/wp\/v2\/users\/3"}],"replies":[{"embeddable":true,"href":"https:\/\/hespel.fr\/index.php?rest_route=%2Fwp%2Fv2%2Fcomments&post=767"}],"version-history":[{"count":20,"href":"https:\/\/hespel.fr\/index.php?rest_route=\/wp\/v2\/posts\/767\/revisions"}],"predecessor-version":[{"id":66215,"href":"https:\/\/hespel.fr\/index.php?rest_route=\/wp\/v2\/posts\/767\/revisions\/66215"}],"wp:attachment":[{"href":"https:\/\/hespel.fr\/index.php?rest_route=%2Fwp%2Fv2%2Fmedia&parent=767"}],"wp:term":[{"taxonomy":"category","embeddable":true,"href":"https:\/\/hespel.fr\/index.php?rest_route=%2Fwp%2Fv2%2Fcategories&post=767"},{"taxonomy":"post_tag","embeddable":true,"href":"https:\/\/hespel.fr\/index.php?rest_route=%2Fwp%2Fv2%2Ftags&post=767"}],"curies":[{"name":"wp","href":"https:\/\/api.w.org\/{rel}","templated":true}]}}