{"id":727,"date":"2015-10-20T23:37:45","date_gmt":"2015-10-20T21:37:45","guid":{"rendered":"http:\/\/hespel.fr\/?p=727"},"modified":"2024-04-19T11:02:04","modified_gmt":"2024-04-19T09:02:04","slug":"lhistoire-sans-fin-ou-la-webserie-le-centre","status":"publish","type":"post","link":"https:\/\/hespel.fr\/?p=727","title":{"rendered":"L&rsquo;Histoire Sans Fin ou la webs\u00e9rie Le Centre"},"content":{"rendered":"<p>R\u00e9cemment, la cellule webcr\u00e9ation de <strong>la RTBF cl\u00f4turait son deuxi\u00e8me appel \u00e0 webs\u00e9ries<\/strong> en proposant au public de voter pour le meilleur des 4 pilotes s\u00e9lectionn\u00e9s. C&rsquo;est finalement le pilote de <a href=\"http:\/\/www.rtbf.be\/webcreation\/actualites\/detail_et-la-webserie-gagnante-est?id=9109023\" target=\"_blank\" rel=\"noopener noreferrer\">\u00ab\u00a0Burkland\u00a0\u00bb qui a remport\u00e9 le plus de suffrage<\/a>, permettant ainsi \u00e0 son \u00e9quipe d&rsquo;obtenir un financement de 100 000 euros pour la production du reste de la saison. Ce n&rsquo;est pourtant pas de \u00ab\u00a0Burkland\u00a0\u00bb dont je veux vous parler aujourd&rsquo;hui, ni de <a href=\"https:\/\/screen.brussels\/fr\/projet\/presque-normal\" target=\"_blank\" rel=\"noopener noreferrer\">\u00ab\u00a0Presque Normal\u00a0\u00bb<\/a>, webs\u00e9rie de Dan Gagnon dont on a aussi beaucoup parl\u00e9 derni\u00e8rement. Non, je pr\u00e9f\u00e8re me pencher sur le cas d&rsquo;une autre webs\u00e9rie, intitul\u00e9e <strong>\u00ab\u00a0Le Centre\u00a0\u00bb<\/strong>.<br \/>\n<!--more--><\/p>\n<p><a href=\"http:\/\/hespel.fr\/wp-content\/uploads\/2015\/10\/LeCentre.jpg\"><img loading=\"lazy\" decoding=\"async\" data-attachment-id=\"733\" data-permalink=\"https:\/\/hespel.fr\/?attachment_id=733\" data-orig-file=\"https:\/\/hespel.fr\/wp-content\/uploads\/2015\/10\/LeCentre.jpg\" data-orig-size=\"624,350\" data-comments-opened=\"1\" data-image-meta=\"{&quot;aperture&quot;:&quot;0&quot;,&quot;credit&quot;:&quot;&quot;,&quot;camera&quot;:&quot;&quot;,&quot;caption&quot;:&quot;&quot;,&quot;created_timestamp&quot;:&quot;0&quot;,&quot;copyright&quot;:&quot;&quot;,&quot;focal_length&quot;:&quot;0&quot;,&quot;iso&quot;:&quot;0&quot;,&quot;shutter_speed&quot;:&quot;0&quot;,&quot;title&quot;:&quot;&quot;,&quot;orientation&quot;:&quot;0&quot;}\" data-image-title=\"LeCentre\" data-image-description=\"\" data-image-caption=\"\" data-large-file=\"https:\/\/hespel.fr\/wp-content\/uploads\/2015\/10\/LeCentre.jpg\" class=\"aligncenter size-medium wp-image-733\" src=\"http:\/\/hespel.fr\/wp-content\/uploads\/2015\/10\/LeCentre-300x168.jpg\" alt=\"LeCentre\" width=\"300\" height=\"168\" srcset=\"https:\/\/hespel.fr\/wp-content\/uploads\/2015\/10\/LeCentre-300x168.jpg 300w, https:\/\/hespel.fr\/wp-content\/uploads\/2015\/10\/LeCentre.jpg 624w\" sizes=\"auto, (max-width: 300px) 100vw, 300px\" \/><\/a><\/p>\n<p><a href=\"https:\/\/www.rtbf.be\/auvio\/detail_le-centre-s01e01-la-catastrophe?id=2047230\" target=\"_blank\" rel=\"noopener noreferrer\">\u00ab\u00a0Le Centre\u00a0\u00bb<\/a> est \u00e0 la fois la plus ancienne et l&rsquo;une des plus r\u00e9centes webs\u00e9ries de la RTBF. \u00c7a vous para\u00eet incompatible ? Et pourtant. Produite par <a href=\"https:\/\/www.cinergie.be\/organisation\/ebuco-digital-production\" target=\"_blank\" rel=\"noopener noreferrer\">la soci\u00e9t\u00e9 Ebuco<\/a> et par la RTBF, r\u00e9alis\u00e9e par Micha\u00ebl Havenith et \u00e9crite par Laurent Denis, la webs\u00e9rie se r\u00e9sume ainsi :<\/p>\n<p><em>En mai 2025, alors que le niveau de la mer a mont\u00e9 subitement, la Wallonie se trouve confront\u00e9e \u00e0 un afflux massif de r\u00e9fugi\u00e9s climatiques en provenance de la Flandre. En urgence et pour des raisons humanitaires, le gouvernement wallon, qui regroupe d\u00e9sormais le gouvernement wallon et bruxellois, cr\u00e9e Le Centre. Il s\u2019agit d\u2019un centre de transit pour r\u00e9fugi\u00e9s flamands en attente d\u2019un logement en Wallonie. Mais le but du centre est-il aussi humanitaire qu\u2019il y para\u00eet ?<\/em><\/p>\n<p><strong>Une s\u00e9rie d&rsquo;anticipation qui joue sur les tabous communautaires de la Belgique ?<\/strong> Pas si \u00e9tonnant au pays du surr\u00e9alisme. Pourtant, avant d&rsquo;arriver en ligne sur la section webcr\u00e9ation de la RTBF, la vie du Centre n&rsquo;a pas \u00e9t\u00e9 simple&#8230;<\/p>\n<p>&nbsp;<\/p>\n<h2>L&rsquo;\u00e9trange cas de la webs\u00e9rie \u00ab\u00a0Le Centre\u00a0\u00bb<\/h2>\n<p>&nbsp;<\/p>\n<p>Pour bien comprendre ce \u00e0 quoi je fais allusion, il faut passer par un petit historique :<\/p>\n<p>&nbsp;<\/p>\n<ul>\n<li><strong>Juin 2010 : le tournage du Centre prend fin<\/strong>. Eh oui, \u00e7a fait d\u00e9j\u00e0 un bout de temps ! <a href=\"http:\/\/hespel.fr\/wp-content\/uploads\/2015\/10\/TBX-2010-06-01.pdf\">Cet article de La Tribune de Bruxelles<\/a>, r\u00e9cup\u00e9r\u00e9 sur le site producteur Ebuco, revient sur le tournage et annonce une diffusion \u00e0 la rentr\u00e9e. C&rsquo;est vrai en partie. Ils avaient juste oubli\u00e9 de pr\u00e9ciser l&rsquo;ann\u00e9e.<br \/>\n&nbsp;<br \/>\nQue s&rsquo;est-il pass\u00e9 ? Toujours en cherchant sur Internet, on apprend sur le site de Wallimage que \u00ab\u00a0Le Centre\u00a0\u00bb a bien connu une diffusion, un an plus tard, et uniquement en festivals. Elle avait \u00e0 l&rsquo;\u00e9poque \u00e9t\u00e9 s\u00e9lectionn\u00e9e aux Cross Video Days (Paris, juin 2011) et au Festival Cin\u00e9ma Tous Ecrans (Gen\u00e8ve, novembre 2011), des tremplins connus et reconnus en terme de cr\u00e9ation web.<br \/>\n&nbsp;<br \/>\nPourquoi ce lancement n&rsquo;a-t-il \u00e9t\u00e9 suivi d&rsquo;aucune diffusion publique ? <a href=\"https:\/\/web.archive.org\/web\/20150401205844\/http:\/\/www.7sur7.be\/7s7\/fr\/1540\/TV\/article\/detail\/1223866\/2011\/02\/17\/Une-serie-sur-la-Belgique-interdite-faute-de-gouvernement.dhtml\" target=\"_blank\" rel=\"noopener noreferrer\">Le Journal de la T\u00e9l\u00e9 de Nostalgie<\/a> \u00e9voque alors les n\u00e9gociations pour la formation d&rsquo;un gouvernement, tr\u00e8s probl\u00e9matiques \u00e0 l&rsquo;\u00e9poque, et une volont\u00e9 de la part de la RTBF de ne pas compliquer davantage les choses. La RTBF d\u00e9ment aussit\u00f4t et <a href=\"http:\/\/www.lavenir.net\/cnt\/DMF20110218_033\" target=\"_blank\" rel=\"noopener noreferrer\">\u00e9voque au contraire des probl\u00e8mes de qualit\u00e9<\/a> :<br \/>\n<em>\u00ab\u00a0Ce n&rsquo;est pas parce qu&rsquo;on est sur le web qu&rsquo;il faut faire n&rsquo;importe quoi, n\u00a0\u00bbimporte comment. La s\u00e9rie doit \u00eatre am\u00e9lior\u00e9e, mais elle sera diffus\u00e9e.\u00a0\u00bb<\/em><\/p>\n<p>L&rsquo;explication est tout \u00e0 fait cr\u00e9dible. C&rsquo;est la premi\u00e8re fois que la RTBF se lance dans l&rsquo;exp\u00e9rience de la webs\u00e9rie, avec les codes et les moyens que cela implique. <strong>Le r\u00e9sultat a-t-il \u00e9t\u00e9 jug\u00e9 d\u00e9cevant ?<\/strong> Avec son format de 15&#215;3 minutes et son pitch ambitieux, il n&rsquo;aurait pas \u00e9t\u00e9 \u00e9tonnant que \u00ab\u00a0Le Centre\u00a0\u00bb manque sa cible. Et pourtant&#8230;<\/li>\n<p>&nbsp;<\/p>\n<li><strong>Mai 2014<\/strong> : Suite \u00e0 la signature d&rsquo;un accord entre la RTBF et France T\u00e9l\u00e9vision<a href=\"http:\/\/www.lettreaudiovisuel.com\/une-nouvelle-web-srie-pour-studio-4-0\/\" target=\"_blank\" rel=\"noopener noreferrer\"> la diffusion du Centre d\u00e9bute sur Studio 4.0<\/a>, la plateforme d\u00e9di\u00e9e aux webs\u00e9ries de France T\u00e9l\u00e9vision.\n<p>Dans <a href=\"http:\/\/www.arte.tv\/sites\/fr\/dimension-series\/?p=1369\" target=\"_blank\" rel=\"noopener noreferrer\">une interview donn\u00e9e au blog Dimension S\u00e9ries<\/a>, S\u00e9gol\u00e8ne Zaug, responsable \u00e9ditoriale de <a href=\"http:\/\/www.france4.fr\/studio-4\/\" target=\"_blank\" rel=\"noopener noreferrer\">Studio 4.0<\/a> se f\u00e9licite de <em>\u00ab\u00a0diffuser leur webs\u00e9rie qui avait remport\u00e9 un fort succ\u00e8s\u00a0\u00bb<\/em>. Un fort succ\u00e8s mais aupr\u00e8s de qui ?<br \/>\n&nbsp;<br \/>\nLa r\u00e9alit\u00e9, c&rsquo;est qu&rsquo;\u00e0 cette p\u00e9riode, la RTBF se structure pour faire face aux nouveaux d\u00e9fis du web. Initialement RTBF Interactive, la cellule RTBF webcr\u00e9ation sera officiellement lanc\u00e9e en septembre 2014. Le partenariat avec France T\u00e9l\u00e9vision leur permet d&rsquo;obtenir une webs\u00e9rie comme <a href=\"http:\/\/www.france4.fr\/studio-4\/les-textapes-d-alice-137.html\" target=\"_blank\" rel=\"noopener noreferrer\">\u00ab\u00a0Les Textapes d&rsquo;Alice\u00a0\u00bb<\/a> et, en \u00e9change, vu leur catalogue encore vide (\u00e0 part <a href=\"https:\/\/www.rtbf.be\/auvio\/emissions\/detail_typique?id=5955\" target=\"_blank\" rel=\"noopener noreferrer\">\u00ab\u00a0Typique\u00a0\u00bb<\/a>), il n&rsquo;y a que \u00ab\u00a0Le Centre\u00a0\u00bb qui dort dans un tiroir. <strong>C&rsquo;est peut-\u00eatre l&rsquo;occasion de tester cette webs\u00e9rie qui d\u00e9range sur un sol moins sensible aux questions communautaires ?<\/strong><\/li>\n<p>&nbsp;<\/p>\n<li><strong>Mars 2015 : l&rsquo;exp\u00e9rience se poursuit<\/strong>, avec la diffusion du Centre <a href=\"https:\/\/ssrsr.ch\/a_la_une\/en-mars-deux-nouvelles-web-series-sur-play-rts\/\" target=\"_blank\" rel=\"noopener noreferrer\">sur la plateforme de la RTS<\/a>, en Suisse (toujours dans le cadre d&rsquo;accords d&rsquo;\u00e9changes avec la RTBF).<br \/>\n&nbsp;<br \/>\nEn \u00e9change, la RTBF obtient la webs\u00e9rie Suisse <a href=\"https:\/\/www.rts.ch\/play\/tv\/emission\/break-ups?id=5545939\" target=\"_blank\" rel=\"noopener noreferrer\">\u00ab\u00a0Break-Up\u00a0\u00bb<\/a>. \u00ab\u00a0Le Centre\u00a0\u00bb continue son r\u00f4le de monnaie d&rsquo;\u00e9change&#8230; Petit apart\u00e9 pour dire tout le mal que je pense de la r\u00e9gionalisation des contenus sur le web. Trouver la m\u00eame webs\u00e9rie diffus\u00e9e par France T\u00e9l\u00e9vision (et donc disponible uniquement en France), puis par la RTS (et donc uniquement en Suisse), sans qu&rsquo;on puisse la visionner en Belgique ou au Qu\u00e9bec par exemple, \u00e7a n&rsquo;a aucun sens. Une webs\u00e9rie devrait \u00eatre disponible partout, en tous temps. Dans le cas contraire, on fait face \u00e0 une logique digne du si\u00e8cle pass\u00e9, compl\u00e8tement d\u00e9pass\u00e9e.<\/li>\n<p>&nbsp;<\/p>\n<li><strong>30 septembre 2015<\/strong> : <a href=\"https:\/\/www.rtbf.be\/auvio\/detail_le-centre-s01e01-la-catastrophe?id=2047230\" target=\"_blank\" rel=\"noopener noreferrer\">Le Centre d\u00e9barque sur la plateforme webcr\u00e9ation de la RTBF<\/a> ! Cinq ans apr\u00e8s le tournage, plus d&rsquo;un an apr\u00e8s sa diffusion sur Studio 4.0, <strong>la webs\u00e9rie mal aim\u00e9e est finalement disponible sur le sol belge<\/strong>.<br \/>\n&nbsp;<br \/>\nPourquoi maintenant ? Qu&rsquo;est-ce qui a chang\u00e9 ? Est-ce qu&rsquo;il est juste question de diffuser \u00ab\u00a0Le Centre\u00a0\u00bb de mani\u00e8re discr\u00e8te, pour enterrer une fois pour toute ce projet ?<\/li>\n<p>&nbsp;<\/p>\n<li><strong>20 octobre 2015<\/strong> : <a href=\"https:\/\/web.archive.org\/web\/20151021025628\/http:\/\/www.rtbf.be:80\/webcreation\/webseries\/le-centre\/actualites\/article_le-centre-l-humour-corrosif-a-la-belge-dans-telematin?id=9112641&amp;\" target=\"_blank\" rel=\"noopener noreferrer\">on parle du Centre \u00e0 T\u00e9l\u00e9matin (\u00e9mission de France 2) comme d&rsquo;une webs\u00e9rie qui fait le buzz<\/a>.<br \/>\n&nbsp;<br \/>\nSi c&rsquo;\u00e9tait l&rsquo;anonymat qui \u00e9tait pr\u00e9vu, c&rsquo;est rat\u00e9. Je reste sceptique sur la question du buzz, puisque je n&rsquo;ai pas entendu parl\u00e9 de la webs\u00e9rie ailleurs que via le site de la RTBF. Mais soit. La th\u00e9matique est assum\u00e9e, le sujet n&rsquo;a pas l&rsquo;air de faire de vagues (humour ! mais si, relisez le pitch), tout est bien qui finit bien ?<\/li>\n<\/ul>\n<p>&nbsp;<br \/>\nA l&rsquo;arriv\u00e9e, impossible de savoir pourquoi la vie de ce Centre a \u00e9t\u00e9 si difficile. Est-ce qu&rsquo;il y a eu des modifications apport\u00e9es au projet de d\u00e9part, comme il en \u00e9tait question en 2011 ? Si c&rsquo;est le cas, c&rsquo;est tr\u00e8s bien fait puisque rien n&rsquo;y para\u00eet. J&rsquo;ai quand m\u00eame de gros doutes. Mon avis serait qu&rsquo;on s&rsquo;est rendu compte que, du point de vue qualitatif, cette webs\u00e9rie n&rsquo;\u00e9tait pas pire qu&rsquo;une autre (<a href=\"https:\/\/www.telerama.fr\/television\/osmosis-thriller-technologique-sur-arte-creative,131280.php\" target=\"_blank\" rel=\"noopener noreferrer\">Osmosis<\/a>, je pense tr\u00e8s fort \u00e0 toi). Surtout, la th\u00e9matique n&rsquo;a pas fait d\u00e9bat en France ou en Suisse, alors autant assumer en Belgique.<\/p>\n<p><strong>Si vous \u00eates curieux, jetez un coup d&rsquo;oeil \u00e0 ce Centre, qui est en fait plut\u00f4t r\u00e9ussie si on mets de c\u00f4t\u00e9 quelques dialogues trop \u00e9crits et un manque d&#8217;empathie g\u00e9n\u00e9ral pour les personnages. Sans \u00eatre la webs\u00e9rie du si\u00e8cle, son c\u00f4t\u00e9 d\u00e9cal\u00e9 fait parfois mouche et prouve qu&rsquo;elle n&rsquo;avait rien fait pour m\u00e9riter de passer ces cinq derni\u00e8res ann\u00e9es au placard. Une histoire qui, finalement, a bien trouv\u00e9 une fin.<\/strong><\/p>\n<p><span class=\"imdbRatingPlugin\" data-user=\"ur56458106\" data-title=\"tt0088323\" data-style=\"t1\"><br \/>\n<a href=\"http:\/\/www.imdb.com\/title\/tt0088323\/?ref_=tt_plg_rt\"\n><img decoding=\"async\" alt=\"The NeverEnding Story (1984) on IMDb\" src=\"http:\/\/g-ecx.images-amazon.com\/images\/G\/01\/imdb\/plugins\/rating\/images\/imdb_46x22.png\"><br \/>\n<\/a><\/span><br \/>\n<script>\n(function(d,s,id){var js,stags=d.getElementsByTagName(s)[0];\nif(d.getElementById(id)){return;}js=d.createElement(s);js.id=id;\njs.src=\"http:\/\/g-ec2.images-amazon.com\/images\/G\/01\/imdb\/plugins\/rating\/js\/rating.min.js\";\nstags.parentNode.insertBefore(js,stags);})(document,'script','imdb-rating-api');    \n<\/script><\/p>\n","protected":false},"excerpt":{"rendered":"<p>R\u00e9cemment, la cellule webcr\u00e9ation de la RTBF cl\u00f4turait son deuxi\u00e8me appel \u00e0 webs\u00e9ries en proposant au public de voter pour le meilleur des 4 pilotes s\u00e9lectionn\u00e9s. C&rsquo;est finalement le pilote de \u00ab\u00a0Burkland\u00a0\u00bb qui a remport\u00e9 le plus de suffrage, permettant ainsi \u00e0 son \u00e9quipe d&rsquo;obtenir un financement de 100 000 euros pour la production du<\/p>\n<footer class=\"entry-footer index-entry\">\n<div class=\"post-social pull-left\"><a href=\"https:\/\/www.facebook.com\/sharer\/sharer.php?u=https%3A%2F%2Fhespel.fr%2F%3Fp%3D727\" target=\"_blank\" class=\"social-icons\"><i class=\"fa fa-facebook\" aria-hidden=\"true\"><\/i><\/a><a href=\"https:\/\/twitter.com\/home?status=https%3A%2F%2Fhespel.fr%2F%3Fp%3D727\" target=\"_blank\" class=\"social-icons\"><i class=\"fa fa-twitter\" aria-hidden=\"true\"><\/i><\/a><a href=\"https:\/\/www.linkedin.com\/shareArticle?mini=true&#038;url=https%3A%2F%2Fhespel.fr%2F%3Fp%3D727&#038;title=L%26rsquo%3BHistoire+Sans+Fin+ou+la+webs%C3%A9rie+Le+Centre\" target=\"_blank\" class=\"social-icons\"><i class=\"fa fa-linkedin\" aria-hidden=\"true\"><\/i><\/a><\/div>\n<p class=\"link-more\"><a href=\"https:\/\/hespel.fr\/?p=727\" class=\"more-link\">Continue reading <span class=\"meta-nav\">\u2192<\/span><\/a><\/p>\n<\/footer>\n","protected":false},"author":3,"featured_media":0,"comment_status":"open","ping_status":"open","sticky":false,"template":"","format":"standard","meta":{"jetpack_post_was_ever_published":false,"footnotes":""},"categories":[3,4,7],"tags":[639,285,367],"class_list":["post-727","post","type-post","status-publish","format-standard","hentry","category-cinema","category-non-classe","category-web","tag-le-centre","tag-rtbf","tag-webserie"],"aioseo_notices":[],"jetpack_featured_media_url":"","jetpack_shortlink":"https:\/\/wp.me\/p97UKg-bJ","jetpack-related-posts":[{"id":287,"url":"https:\/\/hespel.fr\/?p=287","url_meta":{"origin":727,"position":0},"title":"Les 7 Samoura\u00efs ou de nouvelles webs\u00e9ries","author":"R. Hespel","date":"juin 10, 2012","format":false,"excerpt":"J'ai par le pass\u00e9 (il y a plus de deux ans !) dress\u00e9 un constat assez d\u00e9sabus\u00e9 de la cr\u00e9ation vid\u00e9o pour le web, notamment des webs\u00e9ries. J'ai depuis fait quelques d\u00e9couvertes, comme Le Visiteur du Futur ou En Audition avec Simon qui, si elles ne reprenaient pas mes id\u00e9es\u2026","rel":"","context":"Dans &quot;R\u00e9flexions&quot;","block_context":{"text":"R\u00e9flexions","link":"https:\/\/hespel.fr\/?cat=4"},"img":{"alt_text":"","src":"https:\/\/i0.wp.com\/img.youtube.com\/vi\/wrM53tIktwA\/0.jpg?resize=350%2C200","width":350,"height":200},"classes":[]},{"id":26,"url":"https:\/\/hespel.fr\/?p=26","url_meta":{"origin":727,"position":1},"title":"Land of the dead ou un constat sur les Webs\u00e9ries","author":"R. Hespel","date":"novembre 2, 2009","format":false,"excerpt":"Je ne pr\u00e9tends pas avoir les meilleures id\u00e9es du monde pour cr\u00e9er une webs\u00e9rie. Ou plut\u00f4t, si, je les ai, mais je les fais payer (na !). Mais si j'en cr\u00e9ais une, je sais que je ferai quelque chose de dr\u00f4le (plus facile pour attirer les foules), je r\u00e9fl\u00e9chirai \u00e0\u2026","rel":"","context":"Dans &quot;Video&quot;","block_context":{"text":"Video","link":"https:\/\/hespel.fr\/?cat=6"},"img":{"alt_text":"","src":"","width":0,"height":0},"classes":[]},{"id":571,"url":"https:\/\/hespel.fr\/?p=571","url_meta":{"origin":727,"position":2},"title":"Twister ou Blip.tv dans la tourmente","author":"R. Hespel","date":"octobre 11, 2013","format":false,"excerpt":"Un autre concurrent de Youtube au tapis ? C'est un peu ce qu'on pourrait penser de l'\u00e9volution r\u00e9cente de Blip. Blip ? Oui, cette plateforme d'h\u00e9bergement vid\u00e9o ne poss\u00e8de clairement pas la m\u00eame renomm\u00e9e aupr\u00e8s du grand public que le poulain de Google. Et pour cause : le public n'a\u2026","rel":"","context":"Dans &quot;R\u00e9flexions&quot;","block_context":{"text":"R\u00e9flexions","link":"https:\/\/hespel.fr\/?cat=4"},"img":{"alt_text":"bliplogo","src":"https:\/\/i0.wp.com\/hespel.fr\/wp-content\/uploads\/2013\/10\/bliplogo-300x149.png?resize=350%2C200","width":350,"height":200},"classes":[]},{"id":323,"url":"https:\/\/hespel.fr\/?p=323","url_meta":{"origin":727,"position":3},"title":"Last Action Hero ou les h\u00e9ros d\u00e9sacralis\u00e9s","author":"R. Hespel","date":"septembre 18, 2012","format":false,"excerpt":"La publicit\u00e9 fait depuis longtemps partie int\u00e9grante de l'industrie cin\u00e9matographique. Elle est devenue un pan in\u00e9vitable des plans de financement des grands films hollywoodiens, jusqu'\u00e0 nous faire croire qu'un c\u00e9l\u00e8bre espion \u00e0 la d\u00e9nomination chiffr\u00e9e pr\u00e9f\u00e9rerait utiliser un Sony Vaio plut\u00f4t qu'un MacBook. Malin. Vous vous souvenez de cette sc\u00e8ne\u2026","rel":"","context":"Dans &quot;Cinema&quot;","block_context":{"text":"Cinema","link":"https:\/\/hespel.fr\/?cat=3"},"img":{"alt_text":"","src":"https:\/\/i0.wp.com\/img.youtube.com\/vi\/dfpqZloAuXk\/0.jpg?resize=350%2C200","width":350,"height":200},"classes":[]},{"id":114,"url":"https:\/\/hespel.fr\/?p=114","url_meta":{"origin":727,"position":4},"title":"Un Nouvel Espoir ou Tou.Tv","author":"R. Hespel","date":"f\u00e9vrier 1, 2010","format":false,"excerpt":"L'actualit\u00e9 a \u00e9t\u00e9 tr\u00e8s riche la semaine pass\u00e9e, entre la pr\u00e9sentation tr\u00e8s attendue du nouveau concept d'Apple, l'iPad, et l'arriv\u00e9e au Qu\u00e9bec d'une solution vid\u00e9o in\u00e9dite en ligne, intitul\u00e9e TOU.TV. Entre les deux sujets, mon coeur balance, lequel allais-je aborder ? Le choix a \u00e9t\u00e9 plus simple que pr\u00e9vu. Du\u2026","rel":"","context":"Dans &quot;R\u00e9flexions&quot;","block_context":{"text":"R\u00e9flexions","link":"https:\/\/hespel.fr\/?cat=4"},"img":{"alt_text":"","src":"","width":0,"height":0},"classes":[]},{"id":232,"url":"https:\/\/hespel.fr\/?p=232","url_meta":{"origin":727,"position":5},"title":"Braveheart ou cr\u00e9er un videosite sur VidMeUp","author":"R. Hespel","date":"ao\u00fbt 18, 2011","format":false,"excerpt":"Dans la rubrique \"J'ai test\u00e9 pour vous\", je me suis int\u00e9ress\u00e9 \u00e0 un portail original nomm\u00e9 VidMeUp. Qu'est-ce qui se cache derri\u00e8re ce nom myst\u00e9rieux ? VidMeUp est un service qui se targue de vous permettre de cr\u00e9er votre propre site de vid\u00e9os, gratuitement. Un site de vid\u00e9os ? Plus\u2026","rel":"","context":"Dans &quot;R\u00e9flexions&quot;","block_context":{"text":"R\u00e9flexions","link":"https:\/\/hespel.fr\/?cat=4"},"img":{"alt_text":"","src":"https:\/\/i0.wp.com\/hespel.fr\/wp-content\/uploads\/2011\/08\/vidmeup-pricing-606x364-1.jpg?resize=350%2C200&ssl=1","width":350,"height":200,"srcset":"https:\/\/i0.wp.com\/hespel.fr\/wp-content\/uploads\/2011\/08\/vidmeup-pricing-606x364-1.jpg?resize=350%2C200&ssl=1 1x, https:\/\/i0.wp.com\/hespel.fr\/wp-content\/uploads\/2011\/08\/vidmeup-pricing-606x364-1.jpg?resize=525%2C300&ssl=1 1.5x"},"classes":[]}],"_links":{"self":[{"href":"https:\/\/hespel.fr\/index.php?rest_route=\/wp\/v2\/posts\/727","targetHints":{"allow":["GET"]}}],"collection":[{"href":"https:\/\/hespel.fr\/index.php?rest_route=\/wp\/v2\/posts"}],"about":[{"href":"https:\/\/hespel.fr\/index.php?rest_route=\/wp\/v2\/types\/post"}],"author":[{"embeddable":true,"href":"https:\/\/hespel.fr\/index.php?rest_route=\/wp\/v2\/users\/3"}],"replies":[{"embeddable":true,"href":"https:\/\/hespel.fr\/index.php?rest_route=%2Fwp%2Fv2%2Fcomments&post=727"}],"version-history":[{"count":30,"href":"https:\/\/hespel.fr\/index.php?rest_route=\/wp\/v2\/posts\/727\/revisions"}],"predecessor-version":[{"id":75536,"href":"https:\/\/hespel.fr\/index.php?rest_route=\/wp\/v2\/posts\/727\/revisions\/75536"}],"wp:attachment":[{"href":"https:\/\/hespel.fr\/index.php?rest_route=%2Fwp%2Fv2%2Fmedia&parent=727"}],"wp:term":[{"taxonomy":"category","embeddable":true,"href":"https:\/\/hespel.fr\/index.php?rest_route=%2Fwp%2Fv2%2Fcategories&post=727"},{"taxonomy":"post_tag","embeddable":true,"href":"https:\/\/hespel.fr\/index.php?rest_route=%2Fwp%2Fv2%2Ftags&post=727"}],"curies":[{"name":"wp","href":"https:\/\/api.w.org\/{rel}","templated":true}]}}