{"id":674,"date":"2015-01-28T14:13:33","date_gmt":"2015-01-28T13:13:33","guid":{"rendered":"http:\/\/hespel.fr\/?p=674"},"modified":"2022-04-23T17:34:09","modified_gmt":"2022-04-23T15:34:09","slug":"calvaire-ou-suivre-lactualite-cinema-sur-le-net","status":"publish","type":"post","link":"https:\/\/hespel.fr\/?p=674","title":{"rendered":"Calvaire ou suivre l&rsquo;actualit\u00e9 cin\u00e9ma sur le net"},"content":{"rendered":"<p>Il y a bien longtemps, j&rsquo;\u00e9tais abonn\u00e9 au magazine <strong>Premi\u00e8re<\/strong>. J&rsquo;\u00e9tais jeune, passionn\u00e9 par le cin\u00e9ma, j&rsquo;ai \u00e0 peine cherch\u00e9 \u00e0 quel magazine m&rsquo;abonner pour m&rsquo;informer sur l&rsquo;actualit\u00e9 des sorties et de mes cin\u00e9astes favoris avant de choisir Premi\u00e8re. Les crit\u00e8res \u00e9taient purement subjectif : le ton du magazine me plaisait et les avis semblaient pouvoir correspondre en majeur partie \u00e0 mes go\u00fbts. <strong>Premi\u00e8re a donc accompagn\u00e9 mon adolescence et mon passage \u00e0 l&rsquo;\u00e2ge adulte<\/strong>. Comme moi, il a chang\u00e9. Jusqu&rsquo;\u00e0 ce que nos chemins se s\u00e9parent. A l&rsquo;issue de ce premier paragraphe, vous l&rsquo;avez sans doute compris, ce post de blogue sera un peu diff\u00e9rent des autres.<\/p>\n<p>Pourquoi je n&rsquo;ai pas renouvel\u00e9 mon abonnement \u00e0 Premi\u00e8re, \u00e0 l&rsquo;\u00e9poque ? Le magazine avait, au fil du temps, connu plusieurs changements de maquette, quitte \u00e0 privil\u00e9gier la forme sur le fond. Attention, je ne dis pas que le fond avait \u00e9t\u00e9 n\u00e9glig\u00e9. Dans ce qui \u00e9taient les pr\u00e9mices de la crise de la presse papier, Premi\u00e8re cherchait \u00e0 \u00e9largir son lectorat en essayant de se cr\u00e9er une image moins \u00e9litiste et plus g\u00e9n\u00e9raliste. <a href=\"http:\/\/www.imdb.com\/name\/nm0031976\/#director\" title=\"Judd Apatow sur IMDB\" target=\"_blank\" rel=\"noopener noreferrer\">Judd Appatow<\/a> est arriv\u00e9 \u00e0 la m\u00eame \u00e9poque et a \u00e9t\u00e9 sacr\u00e9 Dieu de la com\u00e9die US dans les pages de Premi\u00e8re. Une rubrique Jeux Vid\u00e9o est apparue, comme \u00e7a, sans raison. L&rsquo;heure du r\u00e9abonnement est venue et la question \u00e9tait simple : <strong>pourquoi m&rsquo;infliger encore la lecture d&rsquo;un magazine qui ne me ressemblait plus alors que je pouvais trouver la m\u00eame chose sur le web ?<\/strong><br \/>\n<!--more--><\/p>\n<figure id=\"attachment_679\" aria-describedby=\"caption-attachment-679\" style=\"width: 400px\" class=\"wp-caption aligncenter\"><img loading=\"lazy\" decoding=\"async\" data-attachment-id=\"679\" data-permalink=\"https:\/\/hespel.fr\/?attachment_id=679\" data-orig-file=\"https:\/\/hespel.fr\/wp-content\/uploads\/2015\/01\/6509360-9818312.jpg\" data-orig-size=\"620,320\" data-comments-opened=\"1\" data-image-meta=\"{&quot;aperture&quot;:&quot;0&quot;,&quot;credit&quot;:&quot;&quot;,&quot;camera&quot;:&quot;&quot;,&quot;caption&quot;:&quot;&quot;,&quot;created_timestamp&quot;:&quot;0&quot;,&quot;copyright&quot;:&quot;&quot;,&quot;focal_length&quot;:&quot;0&quot;,&quot;iso&quot;:&quot;0&quot;,&quot;shutter_speed&quot;:&quot;0&quot;,&quot;title&quot;:&quot;&quot;,&quot;orientation&quot;:&quot;0&quot;}\" data-image-title=\"6509360-9818312\" data-image-description=\"&lt;p&gt;http:\/\/www.journalismesinfo.fr&lt;\/p&gt;\n\" data-image-caption=\"&lt;p&gt;www.journalismesinfo.fr&lt;\/p&gt;\n\" data-large-file=\"https:\/\/hespel.fr\/wp-content\/uploads\/2015\/01\/6509360-9818312.jpg\" src=\"http:\/\/hespel.fr\/wp-content\/uploads\/2015\/01\/6509360-9818312.jpg\" alt=\"http:\/\/www.journalismesinfo.fr\" width=\"400\" height=\"206\" class=\"size-full wp-image-679\" srcset=\"https:\/\/hespel.fr\/wp-content\/uploads\/2015\/01\/6509360-9818312.jpg 620w, https:\/\/hespel.fr\/wp-content\/uploads\/2015\/01\/6509360-9818312-300x155.jpg 300w\" sizes=\"auto, (max-width: 400px) 100vw, 400px\" \/><figcaption id=\"caption-attachment-679\" class=\"wp-caption-text\">www.journalismesinfo.fr<\/figcaption><\/figure>\n<h3>S&rsquo;informer sur le cin\u00e9ma&#8230; via un site web ?<\/h3>\n<p>C&rsquo;est en effet l&rsquo;\u00e9poque glorieuse d&rsquo;<a href=\"http:\/\/allocine.fr\/\" title=\"Allocin\u00e9\" target=\"_blank\" rel=\"noopener noreferrer\">Allocin\u00e9<\/a>. Alors seul portail de cin\u00e9ma sur le web francophone, Allocin\u00e9 s&rsquo;impose comme une \u00e9vidence. Les news sont nombreuses, r\u00e9actives, et il est facile de savoir quel film sort quand et o\u00f9. Alors soit, <strong>on ne peut pas dire que le contenu \u00e9ditorial soit \u00e9quivalent \u00e0 celui d&rsquo;un magazine papier<\/strong>, mais j&rsquo;ai aussi moins de temps \u00e0 y consacrer, donc \u00e7a me suffit largement.<\/p>\n<p>Par contre, le mode de consommation pose question. S&rsquo;il fait partie pendant un moment des onglets qui s&rsquo;ouvrent automatiquement \u00e0 l&rsquo;ouverture de ma session Firefox, je pr\u00e9f\u00e8re tr\u00e8s vite utiliser <a href=\"http:\/\/www.allocine.fr\/xml\/rss\/\" title=\"Flux RSS d'Allocin\u00e9\" target=\"_blank\" rel=\"noopener noreferrer\">son flux RSS<\/a>, par Firefox toujours, ou m\u00eame par <strong>Google Reader<\/strong>, service gratuit aujourd&rsquo;hui disparu. Depuis ces glorieuses ann\u00e9es, <strong>Allocin\u00e9 ne m&rsquo;a pas quitt\u00e9 et fait toujours partie de mes sources d&rsquo;informations pr\u00e9f\u00e9r\u00e9es sur le cin\u00e9ma<\/strong>, m\u00eame si l&rsquo;actu n&rsquo;y est pas toujours bien trait\u00e9 (ou de mani\u00e8re trop sensationnaliste, pour faire du clic), m\u00eame si ce n&rsquo;est pas toujours tr\u00e8s bien r\u00e9dig\u00e9. Toujours pr\u00e9sent dans mes marques-pages Firefox, son flux RSS me suit aussi \u00e0 pr\u00e9sent sur mobile via <a href=\"https:\/\/feedly.com\/\" title=\"Feedly\" target=\"_blank\" rel=\"noopener noreferrer\">Feedly<\/a> ou ailleurs avec <a href=\"https:\/\/www.fredzone.org\/aol-reader-034\" title=\"AOL Reader\" target=\"_blank\" rel=\"noopener noreferrer\">AOL Reader<\/a>.<\/p>\n<h3>S&rsquo;informer sur le cin\u00e9ma&#8230; gr\u00e2ce aux r\u00e9seaux sociaux ?<\/h3>\n<p>L&rsquo;arriv\u00e9e de Facebook, puis et surtout de Twitter, vint m&rsquo;apporter une nouvelle mani\u00e8re d&rsquo;\u00e9tancher ma soif d&rsquo;information. Ce n&rsquo;est pas pour rien qu&rsquo;on a durant un moment annonc\u00e9 la mort du flux RSS \u00e0 cause de Twitter. Mon premier r\u00e9flexe a donc \u00e9t\u00e9 de suivre Allocin\u00e9 sur Twitter, mais j&rsquo;ai vite \u00e9t\u00e9 d\u00e9\u00e7u par leur compte, tr\u00e8s mal aliment\u00e9 (\u00e7a s&rsquo;est bien am\u00e9lior\u00e9 depuis, mais c&rsquo;est une autre histoire). J&rsquo;ai donc cherch\u00e9 une alternative et suis revenu vers&#8230; Premi\u00e8re. Le magazine s&rsquo;\u00e9tait lanc\u00e9 sur le web en grande pompe et alimentait son site web avec des contenus originaux : le retour de l&rsquo;apport d&rsquo;un contenu \u00e9ditorial. A titre d&rsquo;exemple, je vous conseille ce tr\u00e8s bon dossier sur <a href=\"http:\/\/www.premiere.fr\/Cinema\/News-Cinema\/Lhistoire-secrete-de-Die-Hard-les-racines-de-la-saga\" title=\"L&#039;histoire secr\u00e8te de Die Hard : les racines de la saga\" target=\"_blank\" rel=\"noopener noreferrer\">l&rsquo;histoire<\/a> <a href=\"http:\/\/www.premiere.fr\/Tele\/L-histoire-secrete-de-Die-Hard-Piege-de-Cristal\" title=\"L&#039;histoire secr\u00e8te de Die Hard : Pi\u00e8ge de Cristal\" target=\"_blank\" rel=\"noopener noreferrer\">secr\u00e8te<\/a> de <a href=\"http:\/\/www.premiere.fr\/Cinema\/News-Cinema\/Lhistoire-secrete-de-Die-Hard-et-si-58-minutes-pour-vivre-etait-un-bon-film-\" title=\"Et si 58 minutes pour vivre \u00e9tait un bon film ?\" target=\"_blank\" rel=\"noopener noreferrer\">la saga<\/a> <a href=\"http:\/\/www.premiere.fr\/Cinema\/News-Cinema\/Lhistoire-secrete-de-Die-Hard-Une-journee-en-enfer\" title=\"Une journ\u00e9e en enfer\" target=\"_blank\" rel=\"noopener noreferrer\">Die Hard<\/a>.<\/p>\n<p>Encore une fois, Premiere a partag\u00e9 ma vie et mon flux Twitter durant de longs mois. Jusqu&rsquo;au jour o\u00f9 leur est venue l&rsquo;id\u00e9e saugrenue d&rsquo;ajouter, <strong>en fin de chaque article, une bande-annonce en lecture automatique<\/strong>. Parfaitement horripilant, notamment lorsqu&rsquo;on est sur mobile. Il n&rsquo;en fallait pas plus pour sceller notre rupture. Apr\u00e8s deux ans sans avoir vu une seule page de Premi\u00e8re, je suis r\u00e9cemment retourn\u00e9 consulter leur site et j&rsquo;ai tristement constat\u00e9 qu&rsquo;ils persistent dans leur erreur : <strong>la vid\u00e9o automatique sur le web, c&rsquo;est le mal !<\/strong><\/p>\n<h3>S&rsquo;informer sur le cin\u00e9ma&#8230; des alternatives ?<\/h3>\n<p>Apr\u00e8s cette d\u00e9convenue, j&rsquo;ai chercher un rempla\u00e7ant \u00e0 Premi\u00e8re, plus pour noyer mon chagrin que pour trouver une relation durable. C&rsquo;est un peu par hasard que je suis tomb\u00e9 sur <a href=\"http:\/\/www.vodkaster.com\/\" title=\"Vodkaster\" target=\"_blank\" rel=\"noopener noreferrer\">Vodkaster<\/a>. Je suis depuis abonn\u00e9 \u00e0 leur fil Twitter et, si les news sont moins nombreuses qu&rsquo;elles ne l&rsquo;\u00e9taient sur Premi\u00e8re ou si leurs articles sont parfois moins pertinents, le site n&rsquo;en reste pas moins une alternative int\u00e9ressante. Notez quand m\u00eame qu&rsquo;un de leur article m&rsquo;a d\u00e9voil\u00e9 la fin de <a href=\"http:\/\/www.imdb.com\/title\/tt1100089\/\" title=\"Foxcatcher sur IMDB\" target=\"_blank\" rel=\"noopener noreferrer\">Foxcatcher<\/a> (que j&rsquo;allais voir le soir-m\u00eame !) et celle de <em>La French<\/em> (que je ne verrais sans doute jamais). Pas terrible, mais \u00e7a m&rsquo;apprendra \u00e0 lire un article de fond sur un film que je n&rsquo;ai pas encore vu.<\/p>\n<figure id=\"attachment_680\" aria-describedby=\"caption-attachment-680\" style=\"width: 400px\" class=\"wp-caption aligncenter\"><img loading=\"lazy\" decoding=\"async\" data-attachment-id=\"680\" data-permalink=\"https:\/\/hespel.fr\/?attachment_id=680\" data-orig-file=\"https:\/\/hespel.fr\/wp-content\/uploads\/2015\/01\/6509360-9818316.jpg\" data-orig-size=\"620,560\" data-comments-opened=\"1\" data-image-meta=\"{&quot;aperture&quot;:&quot;0&quot;,&quot;credit&quot;:&quot;&quot;,&quot;camera&quot;:&quot;&quot;,&quot;caption&quot;:&quot;&quot;,&quot;created_timestamp&quot;:&quot;0&quot;,&quot;copyright&quot;:&quot;&quot;,&quot;focal_length&quot;:&quot;0&quot;,&quot;iso&quot;:&quot;0&quot;,&quot;shutter_speed&quot;:&quot;0&quot;,&quot;title&quot;:&quot;&quot;,&quot;orientation&quot;:&quot;0&quot;}\" data-image-title=\"6509360-9818316\" data-image-description=\"\" data-image-caption=\"\" data-large-file=\"https:\/\/hespel.fr\/wp-content\/uploads\/2015\/01\/6509360-9818316.jpg\" src=\"http:\/\/hespel.fr\/wp-content\/uploads\/2015\/01\/6509360-9818316.jpg\" alt=\"http:\/\/www.journalismesinfo.fr\" width=\"400\" height=\"361\" class=\"aligncenter size-full wp-image-680\" srcset=\"https:\/\/hespel.fr\/wp-content\/uploads\/2015\/01\/6509360-9818316.jpg 620w, https:\/\/hespel.fr\/wp-content\/uploads\/2015\/01\/6509360-9818316-300x271.jpg 300w\" sizes=\"auto, (max-width: 400px) 100vw, 400px\" \/><figcaption id=\"caption-attachment-680\" class=\"wp-caption-text\">www.journalismesinfo.fr<\/figcaption><\/figure>\n<p>Il y a aussi les podcasts. Que ce soit sur Youtube ou sur iTunes, on trouvera toujours des passionn\u00e9s pour parler de cin\u00e9ma. Pour ma part, et c&rsquo;est un peu ironique, c&rsquo;est au podcast d&rsquo;une \u00e9mission de radio que je suis abonn\u00e9. <a href=\"https:\/\/www.rtbf.be\/auvio\/emissions\/detail_5-heures?id=1451\" title=\"PureFM - 5 Heures Cin\u00e9ma\" target=\"_blank\" rel=\"noopener noreferrer\">PureFM<\/a>, radio belge du groupe RTBF, propose en effet chaque semaine <strong>deux heures de discussions entre Rudy L\u00e9onet et Hugues Dayez sur les sorties cin\u00e9ma, de mani\u00e8re d\u00e9cal\u00e9e<\/strong>. Je n&rsquo;ai pas vraiment trouv\u00e9 d&rsquo;\u00e9quivalent ailleurs et <a href=\"https:\/\/www.rtbf.be\/auvio\/emissions\/detail_5-heures?id=1451\" title=\"Podcast 5 Heures Cin\u00e9ma\" target=\"_blank\" rel=\"noopener noreferrer\">le podcast<\/a> n&rsquo;est pas sans d\u00e9faut (la musique entre deux est volontairement kitsch et d\u00e9testable), mais au moins, il ne contient pas les pubs auxquelles on a droit en \u00e9coutant l&rsquo;\u00e9mission en direct \u00e0 la radio (30 minutes de pub pour 2 heures d&rsquo;\u00e9mission ? Non merci).<\/p>\n<p>Je m&rsquo;en sers moins pour suivre les sorties cin\u00e9ma mais le site <a href=\"http:\/\/www.senscritique.com\/\" title=\"Sens Critique\" target=\"_blank\" rel=\"noopener noreferrer\">Sens Critique<\/a> peut aussi avoir cette fonction, en plus de servir d&rsquo;indicateur quant \u00e0 la qualit\u00e9 de tel ou tel film (\u00e0 prendre avec des pincettes, comme toujours). <strong>Avec son syst\u00e8me d&rsquo;\u00e9claireurs, Sens Critique permet de suivre des personnes dont on partage les go\u00fbts<\/strong>. Ainsi, si celles-ci voient un film qui vous fait envie mais le trouve tr\u00e8s mauvais, vous saurez que vous pouvez trouver une meilleure mani\u00e8re de passer votre temps. C&rsquo;est aussi parfois l&rsquo;occasion de d\u00e9couvrir par hasard un film qui \u00e9tait pass\u00e9 sous votre radar.<\/p>\n<p>Je vous conseille enfin <a href=\"http:\/\/24quarks.com\" title=\"Podcast 24 quarks seconde\" target=\"_blank\" rel=\"noopener noreferrer\">24 quarks seconde<\/a>, podcast qu\u00e9b\u00e9cois qui ne traite pas d&rsquo;actualit\u00e9 mais de cin\u00e9ma de science-fiction. Difficile de refuser !<\/p>\n<p><strong>Et vous, comment suivez-vous l&rsquo;actualit\u00e9 cin\u00e9ma ?<\/strong><\/p>\n<p><em>Les illustrations sont issues de l&rsquo;excellent article <a href=\"https:\/\/web.archive.org\/web\/20150526102503\/http:\/\/www.journalismesinfo.fr\/Des-strategies-diverses-pour-les-sites-d-info-cinema_a4981.html\" title=\"Des strat\u00e9gies diverses pour les sites d&#039;info cin\u00e9ma \" target=\"_blank\" rel=\"noopener noreferrer\">\u00ab\u00a0Des strat\u00e9gies diverses pour les sites d&rsquo;info cin\u00e9ma\u00a0\u00bb<\/a> du site www.journalismesinfo.fr. A lire pour en savoir plus sur la presse sp\u00e9cialis\u00e9e en cin\u00e9ma, un secteur plus rentable qu&rsquo;on ne le croit.<\/em><\/p>\n<p><span class=\"imdbRatingPlugin\" data-user=\"ur22055856\" data-title=\"tt0407621\" data-style=\"t1\"><br \/>\n<a href=\"http:\/\/www.imdb.com\/title\/tt0407621\/?ref_=tt_plg_rt\"\n><img decoding=\"async\" alt=\"Calvaire (2004) on IMDb\" src=\"http:\/\/g-ecx.images-amazon.com\/images\/G\/01\/imdb\/plugins\/rating\/images\/imdb_46x22.png\"><br \/>\n<\/a><\/span><br \/>\n<script>\n(function(d,s,id){var js,stags=d.getElementsByTagName(s)[0];\nif(d.getElementById(id)){return;}js=d.createElement(s);js.id=id;\njs.src=\"http:\/\/g-ec2.images-amazon.com\/images\/G\/01\/imdb\/plugins\/rating\/js\/rating.min.js\";\nstags.parentNode.insertBefore(js,stags);})(document,'script','imdb-rating-api');    \n<\/script>                    <\/p>\n","protected":false},"excerpt":{"rendered":"<p>Il y a bien longtemps, j&rsquo;\u00e9tais abonn\u00e9 au magazine Premi\u00e8re. J&rsquo;\u00e9tais jeune, passionn\u00e9 par le cin\u00e9ma, j&rsquo;ai \u00e0 peine cherch\u00e9 \u00e0 quel magazine m&rsquo;abonner pour m&rsquo;informer sur l&rsquo;actualit\u00e9 des sorties et de mes cin\u00e9astes favoris avant de choisir Premi\u00e8re. Les crit\u00e8res \u00e9taient purement subjectif : le ton du magazine me plaisait et les avis semblaient<\/p>\n<footer class=\"entry-footer index-entry\">\n<div class=\"post-social pull-left\"><a href=\"https:\/\/www.facebook.com\/sharer\/sharer.php?u=https%3A%2F%2Fhespel.fr%2F%3Fp%3D674\" target=\"_blank\" class=\"social-icons\"><i class=\"fa fa-facebook\" aria-hidden=\"true\"><\/i><\/a><a href=\"https:\/\/twitter.com\/home?status=https%3A%2F%2Fhespel.fr%2F%3Fp%3D674\" target=\"_blank\" class=\"social-icons\"><i class=\"fa fa-twitter\" aria-hidden=\"true\"><\/i><\/a><a href=\"https:\/\/www.linkedin.com\/shareArticle?mini=true&#038;url=https%3A%2F%2Fhespel.fr%2F%3Fp%3D674&#038;title=Calvaire+ou+suivre+l%26rsquo%3Bactualit%C3%A9+cin%C3%A9ma+sur+le+net\" target=\"_blank\" class=\"social-icons\"><i class=\"fa fa-linkedin\" aria-hidden=\"true\"><\/i><\/a><\/div>\n<p class=\"link-more\"><a href=\"https:\/\/hespel.fr\/?p=674\" class=\"more-link\">Continue reading <span class=\"meta-nav\">\u2192<\/span><\/a><\/p>\n<\/footer>\n","protected":false},"author":3,"featured_media":0,"comment_status":"open","ping_status":"open","sticky":false,"template":"","format":"standard","meta":{"jetpack_post_was_ever_published":false,"footnotes":""},"categories":[3],"tags":[626,635,515,254,629,628,630,627],"class_list":["post-674","post","type-post","status-publish","format-standard","hentry","category-cinema","tag-allocine","tag-cinema","tag-films","tag-premiere","tag-purefm","tag-senscritique","tag-sorties","tag-vodkaster"],"aioseo_notices":[],"jetpack_featured_media_url":"","jetpack_shortlink":"https:\/\/wp.me\/p97UKg-aS","jetpack-related-posts":[{"id":302,"url":"https:\/\/hespel.fr\/?p=302","url_meta":{"origin":674,"position":0},"title":"Playtime ou le cin\u00e9ma \u00e0 la demande","author":"R. Hespel","date":"juillet 15, 2012","format":false,"excerpt":"Comment faire pour convaincre le public de revenir dans les salles de cin\u00e9ma ? C'est toute la probl\u00e9matique du circuit actuel, distributeurs et exploitants inclus. Historiquement, la technique avait toujours \u00e9t\u00e9 l'argument mis en avant. Par les \u00e9normes \u00e9crans, par le Technicolor, par le Dolby Surround, par l'imax ou par\u2026","rel":"","context":"Dans &quot;Cinema&quot;","block_context":{"text":"Cinema","link":"https:\/\/hespel.fr\/?cat=3"},"img":{"alt_text":"","src":"https:\/\/i0.wp.com\/img.youtube.com\/vi\/OBu6AIivFC0\/0.jpg?resize=350%2C200","width":350,"height":200},"classes":[]},{"id":492,"url":"https:\/\/hespel.fr\/?p=492","url_meta":{"origin":674,"position":1},"title":"Lord Of War ou quand Youtube devient payant","author":"R. Hespel","date":"mai 10, 2013","format":false,"excerpt":"C'est officiel, depuis hier, Youtube propose un syst\u00e8me de souscription \u00e0 certaines cha\u00eenes, des abonnements payants pour acc\u00e9der \u00e0 un contenu original. Si le syst\u00e8me n'est pas encore disponible en Europe, il pose d\u00e9j\u00e0 de vraies questions sur le futur de cette plateforme sur laquelle se rendent chaque jour un\u2026","rel":"","context":"Dans &quot;R\u00e9flexions&quot;","block_context":{"text":"R\u00e9flexions","link":"https:\/\/hespel.fr\/?cat=4"},"img":{"alt_text":"YoutubePayant","src":"https:\/\/i0.wp.com\/hespel.fr\/wp-content\/uploads\/2013\/05\/YoutubePayant-300x181.jpg?resize=350%2C200","width":350,"height":200},"classes":[]},{"id":24955,"url":"https:\/\/hespel.fr\/?p=24955","url_meta":{"origin":674,"position":2},"title":"99 francs ou comment Netflix a tu\u00e9 le cin\u00e9ma fran\u00e7ais","author":"R. Hespel","date":"mars 5, 2023","format":false,"excerpt":"C'\u00e9tait au cours de la grand-messe du cin\u00e9ma fran\u00e7ais. En ouverture de la 48e c\u00e9r\u00e9monie des C\u00e9sar, Jamel Debbouze se lan\u00e7ait dans l'habituel monologue de ce type d\u2019\u00e9v\u00e9nements en ass\u00e9nant son lot de blagues. Celle qui m'aura particuli\u00e8rement marqu\u00e9 sera forc\u00e9ment cette r\u00e9f\u00e9rence \u00e0 Netflix et \u00e0 son offre \u00e0\u2026","rel":"","context":"Dans &quot;Cinema&quot;","block_context":{"text":"Cinema","link":"https:\/\/hespel.fr\/?cat=3"},"img":{"alt_text":"Box Office d'Ast\u00e9rix et l'Empire du Milieu","src":"https:\/\/i0.wp.com\/hespel.fr\/wp-content\/uploads\/2023\/03\/Screenshot-2023-03-05-at-22-19-06-Box-Office-du-film-Asterix-et-Obelix-LEmpire-du-milieu.png?resize=350%2C200&ssl=1","width":350,"height":200,"srcset":"https:\/\/i0.wp.com\/hespel.fr\/wp-content\/uploads\/2023\/03\/Screenshot-2023-03-05-at-22-19-06-Box-Office-du-film-Asterix-et-Obelix-LEmpire-du-milieu.png?resize=350%2C200&ssl=1 1x, https:\/\/i0.wp.com\/hespel.fr\/wp-content\/uploads\/2023\/03\/Screenshot-2023-03-05-at-22-19-06-Box-Office-du-film-Asterix-et-Obelix-LEmpire-du-milieu.png?resize=525%2C300&ssl=1 1.5x, https:\/\/i0.wp.com\/hespel.fr\/wp-content\/uploads\/2023\/03\/Screenshot-2023-03-05-at-22-19-06-Box-Office-du-film-Asterix-et-Obelix-LEmpire-du-milieu.png?resize=700%2C400&ssl=1 2x"},"classes":[]},{"id":673,"url":"https:\/\/hespel.fr\/?p=673","url_meta":{"origin":674,"position":3},"title":"J&rsquo;ai regard\u00e9 un film sur mon smartphone et j&rsquo;ai aim\u00e9 \u00e7a","author":"R. Hespel","date":"juillet 20, 2016","format":false,"excerpt":"J'en ai d\u00e9j\u00e0 parl\u00e9 par le pass\u00e9, j'ai la conviction que nos modes de consommation de films vont \u00e9voluer et sont d\u00e9j\u00e0 en train d'\u00e9voluer. Avec l'av\u00e8nement des smartphones et des tablettes, des services de VOD tels que Netflix et autre Molotov.tv, plus besoin d'aller au cin\u00e9ma ou d'allumer la\u2026","rel":"","context":"Dans &quot;Cinema&quot;","block_context":{"text":"Cinema","link":"https:\/\/hespel.fr\/?cat=3"},"img":{"alt_text":"Image by Kevin M.\/Gadget Hacks","src":"https:\/\/i0.wp.com\/hespel.fr\/wp-content\/uploads\/2016\/07\/4-best-phones-for-binge-watching-netflix-hulu.w1456-1024x682.jpg?resize=350%2C200&ssl=1","width":350,"height":200,"srcset":"https:\/\/i0.wp.com\/hespel.fr\/wp-content\/uploads\/2016\/07\/4-best-phones-for-binge-watching-netflix-hulu.w1456-1024x682.jpg?resize=350%2C200&ssl=1 1x, https:\/\/i0.wp.com\/hespel.fr\/wp-content\/uploads\/2016\/07\/4-best-phones-for-binge-watching-netflix-hulu.w1456-1024x682.jpg?resize=525%2C300&ssl=1 1.5x, https:\/\/i0.wp.com\/hespel.fr\/wp-content\/uploads\/2016\/07\/4-best-phones-for-binge-watching-netflix-hulu.w1456-1024x682.jpg?resize=700%2C400&ssl=1 2x"},"classes":[]},{"id":187,"url":"https:\/\/hespel.fr\/?p=187","url_meta":{"origin":674,"position":4},"title":"I, Robot ou la publicit\u00e9 dans la vid\u00e9o en ligne","author":"R. Hespel","date":"juin 25, 2010","format":false,"excerpt":"Si le film de ce billet est I, Robot, adaptation libre d'une nouvelle d'Isaac Asimov par le cin\u00e9aste de Dark City, ce n'est pour les qualit\u00e9s intrins\u00e8ques de l\u2019\u0153uvre mettant en vedette Will Smith mais plus pour l'\u00e9tape marquante qu'il a \u00e9t\u00e9. Plus que dans les derniers James Bond, c'est\u2026","rel":"","context":"Dans &quot;Video&quot;","block_context":{"text":"Video","link":"https:\/\/hespel.fr\/?cat=6"},"img":{"alt_text":"","src":"https:\/\/i0.wp.com\/hespel.fr\/wp-content\/uploads\/2010\/06\/sci18.jpg?resize=350%2C200&ssl=1","width":350,"height":200,"srcset":"https:\/\/i0.wp.com\/hespel.fr\/wp-content\/uploads\/2010\/06\/sci18.jpg?resize=350%2C200&ssl=1 1x, https:\/\/i0.wp.com\/hespel.fr\/wp-content\/uploads\/2010\/06\/sci18.jpg?resize=525%2C300&ssl=1 1.5x"},"classes":[]},{"id":161,"url":"https:\/\/hespel.fr\/?p=161","url_meta":{"origin":674,"position":5},"title":"Las Vegas Parano ou la vid\u00e9o omnipr\u00e9sente","author":"R. Hespel","date":"mars 9, 2010","format":false,"excerpt":"La semaine pass\u00e9e, j'\u00e9tais \u00e0 Las Vegas. Si la ville correspondait assez \u00e0 ce que j'en attendais au niveau des h\u00f4tels, des casinos et de la d\u00e9mesure, j'ai \u00e9t\u00e9 assez surpris de ne pas y trouver plus de vid\u00e9o. Bien s\u00fbr, sur les fa\u00e7ades dans la rue, des \u00e9crans g\u00e9ants\u2026","rel":"","context":"Dans &quot;Video&quot;","block_context":{"text":"Video","link":"https:\/\/hespel.fr\/?cat=6"},"img":{"alt_text":"","src":"","width":0,"height":0},"classes":[]}],"_links":{"self":[{"href":"https:\/\/hespel.fr\/index.php?rest_route=\/wp\/v2\/posts\/674","targetHints":{"allow":["GET"]}}],"collection":[{"href":"https:\/\/hespel.fr\/index.php?rest_route=\/wp\/v2\/posts"}],"about":[{"href":"https:\/\/hespel.fr\/index.php?rest_route=\/wp\/v2\/types\/post"}],"author":[{"embeddable":true,"href":"https:\/\/hespel.fr\/index.php?rest_route=\/wp\/v2\/users\/3"}],"replies":[{"embeddable":true,"href":"https:\/\/hespel.fr\/index.php?rest_route=%2Fwp%2Fv2%2Fcomments&post=674"}],"version-history":[{"count":27,"href":"https:\/\/hespel.fr\/index.php?rest_route=\/wp\/v2\/posts\/674\/revisions"}],"predecessor-version":[{"id":11715,"href":"https:\/\/hespel.fr\/index.php?rest_route=\/wp\/v2\/posts\/674\/revisions\/11715"}],"wp:attachment":[{"href":"https:\/\/hespel.fr\/index.php?rest_route=%2Fwp%2Fv2%2Fmedia&parent=674"}],"wp:term":[{"taxonomy":"category","embeddable":true,"href":"https:\/\/hespel.fr\/index.php?rest_route=%2Fwp%2Fv2%2Fcategories&post=674"},{"taxonomy":"post_tag","embeddable":true,"href":"https:\/\/hespel.fr\/index.php?rest_route=%2Fwp%2Fv2%2Ftags&post=674"}],"curies":[{"name":"wp","href":"https:\/\/api.w.org\/{rel}","templated":true}]}}