{"id":591,"date":"2014-01-30T11:12:00","date_gmt":"2014-01-30T10:12:00","guid":{"rendered":"http:\/\/hespel.fr\/?p=591"},"modified":"2023-10-27T12:37:13","modified_gmt":"2023-10-27T10:37:13","slug":"backdraft-ou-what-the-fake","status":"publish","type":"post","link":"https:\/\/hespel.fr\/?p=591","title":{"rendered":"Backdraft ou What The Fake"},"content":{"rendered":"<p>En octobre dernier, France T\u00e9l\u00e9visions lan\u00e7ait \u00ab\u00a0<a title=\"g\u00e9n\u00e9ration quoi ?\" href=\"https:\/\/web.archive.org\/web\/20220722224110\/https:\/\/generation-quoi.france2.fr\/\" target=\"_blank\" rel=\"noopener\">G\u00e9n\u00e9ration Quoi ?<\/a>\u00ab\u00a0, une grande enqu\u00eate cens\u00e9e \u00e9tablir le portrait d&rsquo;une g\u00e9n\u00e9ration, celle des 18-34 ans. Le dispositif ? Un questionnaire interactif disponible sur smartphone, ordinateur et tablette, et une exp\u00e9rience web compl\u00e8te comprenant vid\u00e9os, sondages et r\u00e9seaux sociaux. Quelques mois plus tard arrive le pendant Belge, d\u00e9nomm\u00e9 \u00ab\u00a0<a title=\"What The Fake ?!\" href=\"https:\/\/web.archive.org\/web\/20140627172415\/http:\/\/www.rtbf.be\/whatthefake\/\" target=\"_blank\" rel=\"noopener\">What The Fake ?!<\/a>\u00ab\u00a0.<\/p>\n<p>C&rsquo;est de ce dernier dont je vais parler, en revenant sur le lancement par <a href=\"http:\/\/www.rtbf.be\/\" title=\"RTBF.be\" target=\"_blank\" rel=\"noopener\">la RTBF<\/a> de cette nouvelle exp\u00e9rimentation web, moins de 15 jours apr\u00e8s son d\u00e9voilement au public. Le fait est que je trouve toujours remarquable la mani\u00e8re dont ce type de projet peut commettre des petites erreurs. Il s&rsquo;agit donc d&rsquo;un bon cas d&rsquo;\u00e9tude.<br \/>\n<!--more--><br \/>\nA vrai dire, je ne sais pas si on peut le comparer \u00e0 G\u00e9n\u00e9ration Quoi ?. <strong>What The Fake ?!<\/strong> se veut \u00eatre une <strong>exp\u00e9rience transm\u00e9dia interactive<\/strong> dans laquelle les ados vont pouvoir bousculer les codes de communication des adultes. On r\u00e9duit donc le spectre du public concern\u00e9, en passant aux 13-18 ans. Les ambitions sont aussi plus r\u00e9duites, l&rsquo;objectif n&rsquo;\u00e9tant plus le m\u00eame.<\/p>\n<p>Plut\u00f4t que de faire le portrait d&rsquo;une g\u00e9n\u00e9ration, <strong>le but de What The Fake ?! est de donner la parole aux ados pour comprendre leurs modes de communication<\/strong>, notamment via les nouvelles technologies. Nous ne sommes donc pas en face d&rsquo;une Grande Enqu\u00eate (oui, avec des majuscules) mais plus d&rsquo;un espace d&rsquo;expression. Notez que la diff\u00e9rence est \u00e9vidente d\u00e8s la ponctuation des deux projets.<\/p>\n<div class=\"jetpack-video-wrapper\"><span class=\"embed-youtube\" style=\"text-align:center; display: block;\"><iframe loading=\"lazy\" class=\"youtube-player\" width=\"780\" height=\"439\" src=\"https:\/\/www.youtube.com\/embed\/Xifim3MPEeU?version=3&#038;rel=1&#038;showsearch=0&#038;showinfo=1&#038;iv_load_policy=1&#038;fs=1&#038;hl=fr-FR&#038;autohide=2&#038;wmode=transparent\" allowfullscreen=\"true\" style=\"border:0;\" sandbox=\"allow-scripts allow-same-origin allow-popups allow-presentation allow-popups-to-escape-sandbox\"><\/iframe><\/span><\/div>\n<p>En pratique, What The Fake ?! (que j\u2019appellerai pour la suite WTF) propose chaque semaine aux internautes de s&rsquo;exprimer autour d&rsquo;un sujet, celui de cette semaine portant par exemple sur les cons\u00e9quences de poster des photos de soi sur le web. Ceci s&rsquo;accompagne de d\u00e9bats et de micro-trottoirs <strong>sous forme de vid\u00e9os<\/strong>, des w\u00e9bisodes diffus\u00e9s de mani\u00e8re hebdomadaire. Il est trop t\u00f4t pour une analyse compl\u00e8te de l&rsquo;exp\u00e9rience (elle a \u00e9t\u00e9 lanc\u00e9e ce lanc\u00e9e ce 17 janvier 2014) ou pour juger de son bien fond\u00e9. On peut par contre d\u00e9j\u00e0 s&rsquo;int\u00e9resser \u00e0 l&rsquo;utilisation des r\u00e9seaux sociaux et de la web vid\u00e9o, outil central dans ce dispositif.<\/p>\n<figure id=\"attachment_595\" aria-describedby=\"caption-attachment-595\" style=\"width: 300px\" class=\"wp-caption aligncenter\"><a href=\"http:\/\/hespel.fr\/wp-content\/uploads\/2014\/01\/Googleplus_WTF.jpg\"><img loading=\"lazy\" decoding=\"async\" data-attachment-id=\"595\" data-permalink=\"https:\/\/hespel.fr\/?attachment_id=595\" data-orig-file=\"https:\/\/hespel.fr\/wp-content\/uploads\/2014\/01\/Googleplus_WTF.jpg\" data-orig-size=\"1351,1079\" data-comments-opened=\"1\" data-image-meta=\"{&quot;aperture&quot;:&quot;0&quot;,&quot;credit&quot;:&quot;&quot;,&quot;camera&quot;:&quot;&quot;,&quot;caption&quot;:&quot;&quot;,&quot;created_timestamp&quot;:&quot;0&quot;,&quot;copyright&quot;:&quot;&quot;,&quot;focal_length&quot;:&quot;0&quot;,&quot;iso&quot;:&quot;0&quot;,&quot;shutter_speed&quot;:&quot;0&quot;,&quot;title&quot;:&quot;&quot;}\" data-image-title=\"Googleplus_WTF\" data-image-description=\"\" data-image-caption=\"\" data-large-file=\"https:\/\/hespel.fr\/wp-content\/uploads\/2014\/01\/Googleplus_WTF-1024x817.jpg\" class=\"aligncenter size-medium wp-image-595\" alt=\"Googleplus_WTF\" src=\"http:\/\/hespel.fr\/wp-content\/uploads\/2014\/01\/Googleplus_WTF-300x239.jpg\" width=\"300\" height=\"239\" srcset=\"https:\/\/hespel.fr\/wp-content\/uploads\/2014\/01\/Googleplus_WTF-300x239.jpg 300w, https:\/\/hespel.fr\/wp-content\/uploads\/2014\/01\/Googleplus_WTF-1024x817.jpg 1024w, https:\/\/hespel.fr\/wp-content\/uploads\/2014\/01\/Googleplus_WTF.jpg 1351w\" sizes=\"auto, (max-width: 300px) 100vw, 300px\" \/><\/a><figcaption id=\"caption-attachment-595\" class=\"wp-caption-text\">Une page Google+ d\u00e9sert\u00e9e.<\/figcaption><\/figure>\n<p>WTF se d\u00e9cline donc en <a title=\"What The Fake ?!\" href=\"https:\/\/web.archive.org\/web\/20140627172415\/http:\/\/www.rtbf.be\/whatthefake\/\" target=\"_blank\" rel=\"noopener\">un portail<\/a> principal et <strong>une pr\u00e9sence sur les r\u00e9seaux sociaux : Facebook, Twitter et Youtube. Et Google+ ?<\/strong> Pas vraiment. Ils sont peu nombreux les community managers en Belgique \u00e0 savoir utiliser Google+ dans sa pleine mesure et ce n&rsquo;est pas cette exp\u00e9rience transm\u00e9dia qui prouvera le contraire. Actuellement, la page est d\u00e9sesp\u00e9r\u00e9ment vide, avec les deux vid\u00e9os existantes post\u00e9es sans aucun commentaire. Il est probable que le compte ait \u00e9t\u00e9 cr\u00e9\u00e9 automatiquement avec la cha\u00eene Youtube.<\/p>\n<p>Sauf que le rapprochement r\u00e9cent entre Youtube et Google+ ne se limite pas \u00e0 cette liaison fatale, on le retrouve aussi au niveau du syst\u00e8me de commentaires. Par exemple, voici ce que l&rsquo;on obtient lorsqu&rsquo;on ne modifie pas le texte par d\u00e9faut sur Google+ (regardez bien sous la vid\u00e9o) :<\/p>\n<figure id=\"attachment_596\" aria-describedby=\"caption-attachment-596\" style=\"width: 344px\" class=\"wp-caption alignleft\"><a href=\"http:\/\/hespel.fr\/wp-content\/uploads\/2014\/01\/Youtube_Comments.jpg\"><img loading=\"lazy\" decoding=\"async\" data-attachment-id=\"596\" data-permalink=\"https:\/\/hespel.fr\/?attachment_id=596\" data-orig-file=\"https:\/\/hespel.fr\/wp-content\/uploads\/2014\/01\/Youtube_Comments.jpg\" data-orig-size=\"859,1056\" data-comments-opened=\"1\" data-image-meta=\"{&quot;aperture&quot;:&quot;0&quot;,&quot;credit&quot;:&quot;&quot;,&quot;camera&quot;:&quot;&quot;,&quot;caption&quot;:&quot;&quot;,&quot;created_timestamp&quot;:&quot;0&quot;,&quot;copyright&quot;:&quot;&quot;,&quot;focal_length&quot;:&quot;0&quot;,&quot;iso&quot;:&quot;0&quot;,&quot;shutter_speed&quot;:&quot;0&quot;,&quot;title&quot;:&quot;&quot;}\" data-image-title=\"Youtube_Comments\" data-image-description=\"\" data-image-caption=\"&lt;p&gt;Personnalisez votre message.&lt;\/p&gt;\n\" data-large-file=\"https:\/\/hespel.fr\/wp-content\/uploads\/2014\/01\/Youtube_Comments-832x1024.jpg\" class=\" wp-image-596\" alt=\"Personnalisez votre message.\" src=\"http:\/\/hespel.fr\/wp-content\/uploads\/2014\/01\/Youtube_Comments-244x300.jpg\" width=\"344\" height=\"422\" srcset=\"https:\/\/hespel.fr\/wp-content\/uploads\/2014\/01\/Youtube_Comments-244x300.jpg 244w, https:\/\/hespel.fr\/wp-content\/uploads\/2014\/01\/Youtube_Comments-832x1024.jpg 832w, https:\/\/hespel.fr\/wp-content\/uploads\/2014\/01\/Youtube_Comments.jpg 859w\" sizes=\"auto, (max-width: 344px) 100vw, 344px\" \/><\/a><figcaption id=\"caption-attachment-596\" class=\"wp-caption-text\">Personnalisez votre message.<\/figcaption><\/figure>\n<p>Moralit\u00e9 : il vaut mieux ne pas utiliser Google+ que de mal l&rsquo;utiliser. C&rsquo;est valable pour tous les r\u00e9seaux.<\/p>\n<p>La page Youtube WTF est aussi un dr\u00f4le de ph\u00e9nom\u00e8ne. Depuis l&rsquo;apparition du nouveau design de Youtube, les diff\u00e9rents liens menant aux r\u00e9seaux sociaux s\u2019int\u00e8grent dans la banni\u00e8re de la cha\u00eene. Encore une fois, la liaison avec Google+ est automatique, ce qui implique que dans cette banni\u00e8re, on a acc\u00e8s par d\u00e9faut au profil Google+ li\u00e9 (qui ne sert \u00e0 rien ici). On peut aussi y ajouter Twitter, Facebook&#8230; Dommage que pour une exp\u00e9rience web, <strong>aucun lien n&rsquo;ait \u00e9t\u00e9 fait vers les autres r\u00e9seaux utilis\u00e9s par WTF<\/strong>&#8230; pas m\u00eame vers son portail officiel !<\/p>\n<p>C&rsquo;est le type d&rsquo;oubli qu&rsquo;on retrouve courrament sur une cha\u00eene Youtube, mais qui se r\u00e9pare heureusement facilement. D&rsquo;autres erreurs sont moins facilement corrigeable (regardez la cha\u00eene de Mons 2015 Capitale Europ\u00e9enne de la Culture, inscrite en tant que \u00ab\u00a0<a href=\"http:\/\/www.youtube.com\/laure2015\" title=\"Mons ou Laure 2015 ?\" target=\"_blank\" rel=\"noopener\">Laure2015<\/a>\u00ab\u00a0).<\/p>\n<figure id=\"attachment_597\" aria-describedby=\"caption-attachment-597\" style=\"width: 300px\" class=\"wp-caption aligncenter\"><a href=\"http:\/\/hespel.fr\/wp-content\/uploads\/2014\/01\/Youtube_Abonnements.jpg\"><img loading=\"lazy\" decoding=\"async\" data-attachment-id=\"597\" data-permalink=\"https:\/\/hespel.fr\/?attachment_id=597\" data-orig-file=\"https:\/\/hespel.fr\/wp-content\/uploads\/2014\/01\/Youtube_Abonnements.jpg\" data-orig-size=\"1142,1075\" data-comments-opened=\"1\" data-image-meta=\"{&quot;aperture&quot;:&quot;0&quot;,&quot;credit&quot;:&quot;&quot;,&quot;camera&quot;:&quot;&quot;,&quot;caption&quot;:&quot;&quot;,&quot;created_timestamp&quot;:&quot;0&quot;,&quot;copyright&quot;:&quot;&quot;,&quot;focal_length&quot;:&quot;0&quot;,&quot;iso&quot;:&quot;0&quot;,&quot;shutter_speed&quot;:&quot;0&quot;,&quot;title&quot;:&quot;&quot;}\" data-image-title=\"Youtube_Abonnements\" data-image-description=\"\" data-image-caption=\"\" data-large-file=\"https:\/\/hespel.fr\/wp-content\/uploads\/2014\/01\/Youtube_Abonnements-1024x963.jpg\" class=\"aligncenter size-medium wp-image-597\" alt=\"Youtube_Abonnements\" src=\"http:\/\/hespel.fr\/wp-content\/uploads\/2014\/01\/Youtube_Abonnements-300x282.jpg\" width=\"300\" height=\"282\" srcset=\"https:\/\/hespel.fr\/wp-content\/uploads\/2014\/01\/Youtube_Abonnements-300x282.jpg 300w, https:\/\/hespel.fr\/wp-content\/uploads\/2014\/01\/Youtube_Abonnements-1024x963.jpg 1024w, https:\/\/hespel.fr\/wp-content\/uploads\/2014\/01\/Youtube_Abonnements.jpg 1142w\" sizes=\"auto, (max-width: 300px) 100vw, 300px\" \/><\/a><figcaption id=\"caption-attachment-597\" class=\"wp-caption-text\">S&rsquo;abonner, c&rsquo;est gagner ?<\/figcaption><\/figure>\n<p>Sur ce m\u00eame profil, <strong>on remarque aussi les abonnements de la cha\u00eene<\/strong> \u00e0 Rihanna, Eminem, Psy, Cyprien&#8230; J&rsquo;en cherche encore l&rsquo;utilit\u00e9. Un utilisateur lambda s&rsquo;abonnera aux cha\u00eenes correspondant \u00e0 ses centres d&rsquo;int\u00e9r\u00eat. Un utilisateur institutionnel comme WTF n&rsquo;y gagne rien. Nous ne sommes pas sur Twitter et ces comptes ne s&rsquo;abonneront jamais en retour. Alors quoi ? S&rsquo;agit-il de cibler les cha\u00eenes auquel le public vis\u00e9 par le projet (aka les ados) pourrait adh\u00e9rer ?<\/p>\n<p>Je trouve que c&rsquo;est une occasion manqu\u00e9e, puisque ces abonnements auraient pu renvoyer \u00e0 des contenus pertinents, en rapport avec l&rsquo;exp\u00e9rience. Par exemple, il aurait \u00e9t\u00e9 judicieux de s&rsquo;en servir de vitrine pour la RTBF et ses autres projets (comme <a href=\"http:\/\/youtube.com\/user\/TypiqueSerieWeb\" title=\"Typique Serie Web RTBF\" target=\"_blank\" rel=\"noopener\">Typique<\/a> par exemple, qui peut int\u00e9resser plus ou moins le m\u00eame public).<\/p>\n<p><strong>What The Fake ?! est donc un projet intelligent, qui n&rsquo;a pas encore tout \u00e0 fait pris son envol. Rien de choquant, quelques ajustements doivent encore \u00eatre fait pour qu&rsquo;il atteigne sa vitesse de croisi\u00e8re. Le tout est loin d&rsquo;\u00eatre innocent pour la RTBF. Comme pour Typique, il s&rsquo;agit d&rsquo;un appel du pied vers un public que le groupe a du mal \u00e0 conqu\u00e9rir.<br \/>\n<\/strong><br \/>\nDerri\u00e8re l&rsquo;interaction et l&rsquo;espace de dialogue propos\u00e9s aux 13-18 ans, il y a l\u00e0 un moyen de rejoindre cette jeune g\u00e9n\u00e9ration, un public qui a bien souvent d\u00e9croch\u00e9 du sch\u00e9ma t\u00e9l\u00e9visuel habituel. On les retrouve plus actif que jamais sur Internet et ce sont des utilisateurs intensifs des nouvelles technologies et des r\u00e9seaux sociaux. Utiliser leurs codes pour essayer de les r\u00e9cup\u00e9rer et de les faire revenir vers leurs postes de TV, en utilisant pour ce faire un projet transm\u00e9dia (un nouveau langage pour une nouvelle g\u00e9n\u00e9ration), \u00e7a a du sens. <\/p>\n<p>On verra dans quelques semaines \u00e0 quel point \u00e7a a fonctionn\u00e9.<\/p>\n<p><span class=\"imdbRatingPlugin\" data-user=\"ur22055856\" data-title=\"tt0101393\" data-style=\"t1\"><br \/>\n<a href=\"http:\/\/www.imdb.com\/title\/tt0101393\/?ref_=tt_plg_rt\" ><img decoding=\"async\" alt=\"Backdraft (1991) on IMDb\" src=\"http:\/\/g-ecx.images-amazon.com\/images\/G\/01\/imdb\/plugins\/rating\/images\/imdb_46x22.png\"><br \/>\n<\/a><\/span><br \/>\n<script>\n(function(d,s,id){var js,stags=d.getElementsByTagName(s)[0];\nif(d.getElementById(id)){return;}js=d.createElement(s);js.id=id;\njs.src=\"http:\/\/g-ec2.images-amazon.com\/images\/G\/01\/imdb\/plugins\/rating\/js\/rating.min.js\";\nstags.parentNode.insertBefore(js,stags);})(document,'script','imdb-rating-api');    \n<\/script>                    <\/p>\n","protected":false},"excerpt":{"rendered":"<p>En octobre dernier, France T\u00e9l\u00e9visions lan\u00e7ait \u00ab\u00a0G\u00e9n\u00e9ration Quoi ?\u00ab\u00a0, une grande enqu\u00eate cens\u00e9e \u00e9tablir le portrait d&rsquo;une g\u00e9n\u00e9ration, celle des 18-34 ans. Le dispositif ? Un questionnaire interactif disponible sur smartphone, ordinateur et tablette, et une exp\u00e9rience web compl\u00e8te comprenant vid\u00e9os, sondages et r\u00e9seaux sociaux. Quelques mois plus tard arrive le pendant Belge, d\u00e9nomm\u00e9 \u00ab\u00a0What<\/p>\n<footer class=\"entry-footer index-entry\">\n<div class=\"post-social pull-left\"><a href=\"https:\/\/www.facebook.com\/sharer\/sharer.php?u=https%3A%2F%2Fhespel.fr%2F%3Fp%3D591\" target=\"_blank\" class=\"social-icons\"><i class=\"fa fa-facebook\" aria-hidden=\"true\"><\/i><\/a><a href=\"https:\/\/twitter.com\/home?status=https%3A%2F%2Fhespel.fr%2F%3Fp%3D591\" target=\"_blank\" class=\"social-icons\"><i class=\"fa fa-twitter\" aria-hidden=\"true\"><\/i><\/a><a href=\"https:\/\/www.linkedin.com\/shareArticle?mini=true&#038;url=https%3A%2F%2Fhespel.fr%2F%3Fp%3D591&#038;title=Backdraft+ou+What+The+Fake\" target=\"_blank\" class=\"social-icons\"><i class=\"fa fa-linkedin\" aria-hidden=\"true\"><\/i><\/a><\/div>\n<p class=\"link-more\"><a href=\"https:\/\/hespel.fr\/?p=591\" class=\"more-link\">Continue reading <span class=\"meta-nav\">\u2192<\/span><\/a><\/p>\n<\/footer>\n","protected":false},"author":3,"featured_media":0,"comment_status":"open","ping_status":"open","sticky":false,"template":"","format":"standard","meta":{"jetpack_post_was_ever_published":false,"footnotes":""},"categories":[5,4,7],"tags":[598,596,595,599,142,275,285,317,597,638,594,377],"class_list":["post-591","post","type-post","status-publish","format-standard","hentry","category-nouvelles-technologies","category-non-classe","category-web","tag-ados","tag-experience","tag-fake","tag-generation","tag-google","tag-reseaux","tag-rtbf","tag-the","tag-transmedia","tag-web","tag-what","tag-youtube"],"aioseo_notices":[],"jetpack_featured_media_url":"","jetpack_shortlink":"https:\/\/wp.me\/p97UKg-9x","jetpack-related-posts":[{"id":727,"url":"https:\/\/hespel.fr\/?p=727","url_meta":{"origin":591,"position":0},"title":"L&rsquo;Histoire Sans Fin ou la webs\u00e9rie Le Centre","author":"R. Hespel","date":"octobre 20, 2015","format":false,"excerpt":"R\u00e9cemment, la cellule webcr\u00e9ation de la RTBF cl\u00f4turait son deuxi\u00e8me appel \u00e0 webs\u00e9ries en proposant au public de voter pour le meilleur des 4 pilotes s\u00e9lectionn\u00e9s. C'est finalement le pilote de \"Burkland\" qui a remport\u00e9 le plus de suffrage, permettant ainsi \u00e0 son \u00e9quipe d'obtenir un financement de 100 000\u2026","rel":"","context":"Dans &quot;Cinema&quot;","block_context":{"text":"Cinema","link":"https:\/\/hespel.fr\/?cat=3"},"img":{"alt_text":"LeCentre","src":"https:\/\/i0.wp.com\/hespel.fr\/wp-content\/uploads\/2015\/10\/LeCentre-300x168.jpg?resize=350%2C200","width":350,"height":200},"classes":[]},{"id":184,"url":"https:\/\/hespel.fr\/?p=184","url_meta":{"origin":591,"position":1},"title":"The A-Team ou un teasing sans accroc","author":"R. Hespel","date":"juin 9, 2010","format":false,"excerpt":"Le cin\u00e9ma hollywoodien \u00e9tant ce qu'il est, il \u00e9tait certain de voir d\u00e9barquer t\u00f4t ou tard un remake de la s\u00e9rie des ann\u00e9es 80 The A-Team (ou l'Agence Tous Risques pour les francophones). A ce titre, je me demande combien de temps les Majors vont chercher le r\u00e9alisateur et l'acteur\u2026","rel":"","context":"Dans &quot;Cinema&quot;","block_context":{"text":"Cinema","link":"https:\/\/hespel.fr\/?cat=3"},"img":{"alt_text":"","src":"","width":0,"height":0},"classes":[]},{"id":114,"url":"https:\/\/hespel.fr\/?p=114","url_meta":{"origin":591,"position":2},"title":"Un Nouvel Espoir ou Tou.Tv","author":"R. Hespel","date":"f\u00e9vrier 1, 2010","format":false,"excerpt":"L'actualit\u00e9 a \u00e9t\u00e9 tr\u00e8s riche la semaine pass\u00e9e, entre la pr\u00e9sentation tr\u00e8s attendue du nouveau concept d'Apple, l'iPad, et l'arriv\u00e9e au Qu\u00e9bec d'une solution vid\u00e9o in\u00e9dite en ligne, intitul\u00e9e TOU.TV. Entre les deux sujets, mon coeur balance, lequel allais-je aborder ? Le choix a \u00e9t\u00e9 plus simple que pr\u00e9vu. Du\u2026","rel":"","context":"Dans &quot;R\u00e9flexions&quot;","block_context":{"text":"R\u00e9flexions","link":"https:\/\/hespel.fr\/?cat=4"},"img":{"alt_text":"","src":"","width":0,"height":0},"classes":[]},{"id":241,"url":"https:\/\/hespel.fr\/?p=241","url_meta":{"origin":591,"position":3},"title":"Peur sur la ville ou Li\u00e8ge 13\/12\/11","author":"R. Hespel","date":"d\u00e9cembre 14, 2011","format":false,"excerpt":"Difficile de commencer sur ce sujet sans une pens\u00e9e aux familles des victimes de ce drame qui a eu lieu \u00e0 Li\u00e8ge le 13 d\u00e9cembre 2011. Pour r\u00e9sumer les faits, du moins ce que l'on en sait \u00e0 l'heure o\u00f9 j'\u00e9cris ces lignes, Nordine Amrani \u00e9tait sur le chemin du\u2026","rel":"","context":"Dans &quot;R\u00e9flexions&quot;","block_context":{"text":"R\u00e9flexions","link":"https:\/\/hespel.fr\/?cat=4"},"img":{"alt_text":"","src":"https:\/\/i0.wp.com\/img.youtube.com\/vi\/95RAXKY7K08\/0.jpg?resize=350%2C200","width":350,"height":200},"classes":[]},{"id":35,"url":"https:\/\/hespel.fr\/?p=35","url_meta":{"origin":591,"position":4},"title":"Matrix ou mes trois conseils \u00e0 R\u00e9zoPointZ\u00e9ro","author":"R. Hespel","date":"novembre 9, 2009","format":false,"excerpt":"The Matrix \u00e9tait un excellent film. Mais une pi\u00e8tre trilogie. Une bonne id\u00e9e au d\u00e9part, mais bien mal exploit\u00e9e. Le tout devenait indigeste, et manquait le coche. R\u00e9zoPointZ\u00e9ro souffre pour l\u2019instant du m\u00eame syndrome. Une bonne id\u00e9e, mais dont la mise en application me laisse perplexe. Pour vous en faire\u2026","rel":"","context":"Dans &quot;Nouvelles technologies&quot;","block_context":{"text":"Nouvelles technologies","link":"https:\/\/hespel.fr\/?cat=5"},"img":{"alt_text":"","src":"","width":0,"height":0},"classes":[]},{"id":173,"url":"https:\/\/hespel.fr\/?p=173","url_meta":{"origin":591,"position":5},"title":"Le 3e Homme ou la diffusion live \u00e0 outrance","author":"R. Hespel","date":"avril 18, 2010","format":false,"excerpt":"Depuis quelques semaines, je suis bien occup\u00e9. Des mandats s'installent sur le long terme, ce qui explique une diminution de ma pr\u00e9sence web. Une diminution paradoxale puisque je suis toujours tr\u00e8s pr\u00e9sent, mais plus en mon nom. A deux reprises, la semaine pass\u00e9e, j'ai effectu\u00e9 des captations sur Ustream \u00e0\u2026","rel":"","context":"Dans &quot;Video&quot;","block_context":{"text":"Video","link":"https:\/\/hespel.fr\/?cat=6"},"img":{"alt_text":"","src":"","width":0,"height":0},"classes":[]}],"_links":{"self":[{"href":"https:\/\/hespel.fr\/index.php?rest_route=\/wp\/v2\/posts\/591","targetHints":{"allow":["GET"]}}],"collection":[{"href":"https:\/\/hespel.fr\/index.php?rest_route=\/wp\/v2\/posts"}],"about":[{"href":"https:\/\/hespel.fr\/index.php?rest_route=\/wp\/v2\/types\/post"}],"author":[{"embeddable":true,"href":"https:\/\/hespel.fr\/index.php?rest_route=\/wp\/v2\/users\/3"}],"replies":[{"embeddable":true,"href":"https:\/\/hespel.fr\/index.php?rest_route=%2Fwp%2Fv2%2Fcomments&post=591"}],"version-history":[{"count":22,"href":"https:\/\/hespel.fr\/index.php?rest_route=\/wp\/v2\/posts\/591\/revisions"}],"predecessor-version":[{"id":56611,"href":"https:\/\/hespel.fr\/index.php?rest_route=\/wp\/v2\/posts\/591\/revisions\/56611"}],"wp:attachment":[{"href":"https:\/\/hespel.fr\/index.php?rest_route=%2Fwp%2Fv2%2Fmedia&parent=591"}],"wp:term":[{"taxonomy":"category","embeddable":true,"href":"https:\/\/hespel.fr\/index.php?rest_route=%2Fwp%2Fv2%2Fcategories&post=591"},{"taxonomy":"post_tag","embeddable":true,"href":"https:\/\/hespel.fr\/index.php?rest_route=%2Fwp%2Fv2%2Ftags&post=591"}],"curies":[{"name":"wp","href":"https:\/\/api.w.org\/{rel}","templated":true}]}}