{"id":57235,"date":"2023-11-07T21:13:49","date_gmt":"2023-11-07T20:13:49","guid":{"rendered":"https:\/\/hespel.fr\/?p=57235"},"modified":"2024-04-19T11:15:35","modified_gmt":"2024-04-19T09:15:35","slug":"blanche-neige-ou-filmer-a-liphone","status":"publish","type":"post","link":"https:\/\/hespel.fr\/?p=57235","title":{"rendered":"Blanche Neige ou filmer \u00e0 l&rsquo;iPhone"},"content":{"rendered":"<p><strong>La semaine derni\u00e8re avait lieu le \u00ab\u00a0Scary Fast\u00a0\u00bb, un \u00e9v\u00e9nement Apple<\/strong> comme on en conna\u00eet maintenant r\u00e9guli\u00e8rement, durant lequel la marque \u00e0 la pomme a annonc\u00e9 ses nouveaux Macbooks, \u00e9quip\u00e9s \u00e0 pr\u00e9sent de puces M3. Rien de bien surprenant, a priori. Sauf que l&rsquo;\u00e9v\u00e9nement se terminait sur une touche inhabituelle, puisqu&rsquo;il \u00e9tait pr\u00e9cis\u00e9 que <strong>l&rsquo;ensemble de la pr\u00e9sentation avait \u00e9t\u00e9 film\u00e9e \u00e0 l&rsquo;iPhone.<\/strong> Loin d&rsquo;\u00eatre un simple clin d\u2019\u0153il, cette mention permettait \u00e0 Apple de rappeler qu&rsquo;outre des ordinateurs incroyablement performants, elle produisait aussi des smartphones capables de filmer \u00e0 un niveau professionnel. Mais est-ce vraiment le cas ?<br \/>\n<!--more--><br \/>\n<img loading=\"lazy\" decoding=\"async\" data-attachment-id=\"57236\" data-permalink=\"https:\/\/hespel.fr\/?attachment_id=57236\" data-orig-file=\"https:\/\/hespel.fr\/wp-content\/uploads\/2023\/11\/AppleEventScaryFast.jpg\" data-orig-size=\"1920,1080\" data-comments-opened=\"1\" data-image-meta=\"{&quot;aperture&quot;:&quot;0&quot;,&quot;credit&quot;:&quot;&quot;,&quot;camera&quot;:&quot;&quot;,&quot;caption&quot;:&quot;&quot;,&quot;created_timestamp&quot;:&quot;0&quot;,&quot;copyright&quot;:&quot;&quot;,&quot;focal_length&quot;:&quot;0&quot;,&quot;iso&quot;:&quot;0&quot;,&quot;shutter_speed&quot;:&quot;0&quot;,&quot;title&quot;:&quot;&quot;,&quot;orientation&quot;:&quot;0&quot;}\" data-image-title=\"AppleEventScaryFast\" data-image-description=\"\" data-image-caption=\"\" data-large-file=\"https:\/\/hespel.fr\/wp-content\/uploads\/2023\/11\/AppleEventScaryFast-1024x576.jpg\" src=\"https:\/\/hespel.fr\/wp-content\/uploads\/2023\/11\/AppleEventScaryFast-1024x576.jpg\" alt=\"This event was shot on iPhone\" width=\"780\" height=\"439\" class=\"aligncenter size-large wp-image-57236\" srcset=\"https:\/\/hespel.fr\/wp-content\/uploads\/2023\/11\/AppleEventScaryFast-1024x576.jpg 1024w, https:\/\/hespel.fr\/wp-content\/uploads\/2023\/11\/AppleEventScaryFast-300x169.jpg 300w, https:\/\/hespel.fr\/wp-content\/uploads\/2023\/11\/AppleEventScaryFast-768x432.jpg 768w, https:\/\/hespel.fr\/wp-content\/uploads\/2023\/11\/AppleEventScaryFast-1536x864.jpg 1536w, https:\/\/hespel.fr\/wp-content\/uploads\/2023\/11\/AppleEventScaryFast.jpg 1920w\" sizes=\"auto, (max-width: 780px) 100vw, 780px\" \/><\/p>\n<p>Comme apr\u00e8s chaque annonce de ce type, les vid\u00e9os pr\u00e9sentant les produits vant\u00e9s lors de l&rsquo;\u00e9v\u00e9nement ont ensuite \u00e9t\u00e9 mises en ligne sur le web. Parmi elles se trouvait un court making of de la r\u00e9alisation de cette conf\u00e9rence, un making of qui a engendr\u00e9 une mini pol\u00e9mique sur les r\u00e9seaux sociaux puisque montrant qu&rsquo;outre des iPhones, Apple avait utilis\u00e9 une grande quantit\u00e9 de mat\u00e9riel professionnel pour mettre en image sa grande messe, allant de la dolly aux rails de travelling, de l&rsquo;\u00e9clairage aux drones et autres stabilisateurs.<\/p>\n<div class=\"jetpack-video-wrapper\"><span class=\"embed-youtube\" style=\"text-align:center; display: block;\"><iframe loading=\"lazy\" class=\"youtube-player\" width=\"780\" height=\"439\" src=\"https:\/\/www.youtube.com\/embed\/V3dbG9pAi8I?version=3&#038;rel=1&#038;showsearch=0&#038;showinfo=1&#038;iv_load_policy=1&#038;fs=1&#038;hl=fr-FR&#038;autohide=2&#038;wmode=transparent\" allowfullscreen=\"true\" style=\"border:0;\" sandbox=\"allow-scripts allow-same-origin allow-popups allow-presentation allow-popups-to-escape-sandbox\"><\/iframe><\/span><\/div>\n<p>Filmer \u00e0 l&rsquo;iPhone n&rsquo;est pas nouveau. Apple en a fait depuis longtemps un argument marketing, allant jusqu&rsquo;\u00e0 r\u00e9aliser <a href=\"https:\/\/youtu.be\/8bIiToZQ3Ws\" rel=\"noopener\" target=\"_blank\">des courts-m\u00e9trages<\/a> particuli\u00e8rement \u00e9labor\u00e9s \u00e0 chaque nouvelle it\u00e9ration de son t\u00e9l\u00e9phone intelligent. Des <a href=\"https:\/\/www.youtube.com\/watch?v=ymywoxWkOPQ\" rel=\"noopener\" target=\"_blank\">cin\u00e9astes de renom<\/a> se sont empar\u00e9s de l&rsquo;objet pour r\u00e9aliser du court au long m\u00e9trage, <a href=\"https:\/\/www.rtbf.be\/article\/avec-unsane-steven-soderbergh-delaisse-la-camera-pour-l-iphone-9847168\" rel=\"noopener\" target=\"_blank\">Steven Soderbergh<\/a> \u00e9tant sans doute celui auquel on pense en premier. En t\u00e9l\u00e9vision, o\u00f9 les r\u00e9ductions de co\u00fbt ont peu \u00e0 peu supprim\u00e9 les postes de cam\u00e9raman ou de preneur de son, le journaliste se doit d&rsquo;\u00eatre capable de r\u00e9aliser un reportage dans son int\u00e9gralit\u00e9 avec un iPhone (on appelle \u00e7a <a href=\"https:\/\/www.isfj.fr\/actualites\/202104-journalisme-mojo\/\" rel=\"noopener\" target=\"_blank\">le MoJo<\/a>, pour <em>Mobile<\/em> et <em>Journalist<\/em>).<\/p>\n<p>Pour toutes ces pratiques, l&rsquo;iPhone a toujours re\u00e7u l&rsquo;aide d&rsquo;accessoires en tous genres, permettant d&rsquo;obtenir le meilleur r\u00e9sultat selon la diffusion qui \u00e9tait pr\u00e9vue. Apple ne s&rsquo;en est jamais cach\u00e9 et a toujours produit <a href=\"https:\/\/www.youtube.com\/watch?v=M-ZV2k85Y-I\" rel=\"noopener\" target=\"_blank\">des making of<\/a> pour montrer l&rsquo;envers du d\u00e9cor. Qu&rsquo;il en soit pour ses publicit\u00e9s pr\u00e9c\u00e9dentes ou pour la captation de l&rsquo;\u00e9v\u00e9nement d&rsquo;octobre, personne ne pouvait croire que Robert le stagiaire \u00e9tait tout seul avec son iPhone \u00e0 la main pour assurer le boulot. C&rsquo;est comme de croire que le m\u00eame \u00e9v\u00e9nement aurait pu \u00eatre r\u00e9alis\u00e9 avec une cam\u00e9ra RED de plusieurs dizaines milliers d&rsquo;euros sans \u00e9clairage ni grue : \u00e7a n&rsquo;a pas de sens.<\/p>\n<p>Sans surprise, donc, le r\u00e9sultat est l\u00e0. La pr\u00e9sentation est impeccable et la qualit\u00e9 est exceptionnelle, au point que personne n&rsquo;aurait remarqu\u00e9 la diff\u00e9rence si Apple n&rsquo;avait pas pris le soin de pr\u00e9ciser qu&rsquo;elle avait \u00e9t\u00e9 r\u00e9alis\u00e9e avec des iPhones.<\/p>\n<h3>Et si on filmait avec un iPhone ?<\/h3>\n<p>Alors, o\u00f9 est le probl\u00e8me ?<\/p>\n<p>Le probl\u00e8me, c&rsquo;est que je vois d\u00e9j\u00e0 un prochain client me demander de capter une conf\u00e9rence &#8211; ou tout autre \u00e9v\u00e9nement &#8211; avec un iPhone. Mais si, \u00e7a va co\u00fbter moins cher et on a d\u00e9j\u00e0 tous un smartphone dans notre poche ! Piti\u00e9, si c&rsquo;est ce que vous pensez, je vous invite \u00e0 retourner voir la vid\u00e9o ci-dessus.<\/p>\n<p>Il y a une douzaine d&rsquo;ann\u00e9es, <a href=\"https:\/\/hespel.fr\/?p=146\" title=\"Les Incorruptibles ou filmer avec un DSLR\" rel=\"noopener\" target=\"_blank\">je me moquais gentiment<\/a> d&rsquo;un cam\u00e9raman venu effectuer une captation avec un DLSR. Je sortais \u00e0 l&rsquo;\u00e9poque d&rsquo;un documentaire enti\u00e8rement film\u00e9 avec ce type d&rsquo;appareil et j&rsquo;avais pass\u00e9 des jours et des jours juste pour resynchroniser les centaines de clips qui avaient \u00e9t\u00e9 film\u00e9s. Une op\u00e9ration dont j&rsquo;aurais pu facilement m&rsquo;affranchir si une cam\u00e9ra traditionnelle avait \u00e9t\u00e9 utilis\u00e9e. C&rsquo;est peut-\u00eatre ce qui justifiait mon avis assez tranch\u00e9 sur le fait de ne pas utiliser un DSLR pour filmer.<\/p>\n<p>Aujourd&rsquo;hui, le march\u00e9 a \u00e9volu\u00e9, la technologie aussi, et c&rsquo;est ce type d&rsquo;appareil que j&rsquo;utilise principalement pour mes tournages &#8211; sauf pour les captations d&rsquo;\u00e9v\u00e9nements, o\u00f9 une cam\u00e9ra reste toujours plus pratique. De m\u00eame, je recommande r\u00e9guli\u00e8rement \u00e0 des n\u00e9ophytes de filmer avec leur smartphone si c&rsquo;est l&rsquo;appareil avec lequel ils sont le plus \u00e0 l&rsquo;aise. D&rsquo;autant plus pour produire des contenus pour Instagram et surtout TikTok, o\u00f9 il s&rsquo;agit de l&rsquo;outil de pr\u00e9dilection.<\/p>\n<p>Mais malgr\u00e9 la qualit\u00e9 impressionnante des vid\u00e9os produites par le dernier <a href=\"https:\/\/www.apple.com\/fr\/iphone-15-pro\/\" rel=\"noopener\" target=\"_blank\">iPhone 15 Pro Max<\/a>, je ne vois pas qui pourrait pr\u00e9f\u00e9rer filmer un \u00e9v\u00e9nement uniquement avec cet appareil plut\u00f4t qu&rsquo;avec des cam\u00e9ras traditionnelles, si ce n&rsquo;est pour le coup de pub. Il faudrait pr\u00e9voir tout le mat\u00e9riel adapt\u00e9 pour les accompagner, une \u00e9quipe connaissant parfaitement l&rsquo;usage qu&rsquo;il est possible d&rsquo;en faire et un workflow pens\u00e9 en cons\u00e9quence.<\/p>\n<p>Et pourtant, je sens venir ceux qui vont se dire que, puisque Apple l&rsquo;a fait, \u00e7a doit \u00eatre possible. Sans prendre la mesure de ce que \u00e7a implique. C&rsquo;est aux vid\u00e9astes qu&rsquo;il incombera alors de les ramener \u00e0 la r\u00e9alit\u00e9, de leur expliquer que c&rsquo;est un plus compliqu\u00e9 que d&rsquo;avoir deux personnes avec deux iPhones \u00e0 la main et que non, \u00e7a ne va pas forc\u00e9ment diminuer le budget captation. Simplement parce qu&rsquo;ils n&rsquo;auront pas regard\u00e9 (ou compris) le making of d&rsquo;Apple. Il faut dire que des petites phrases comme \u00ab\u00a0what&rsquo;s incredible is, like, how not different it&rsquo;s been on set\u00a0\u00bb n&rsquo;invite pas \u00e0 la nuance.<\/p>\n<p>Non, l&rsquo;iPhone n&rsquo;est pas l&rsquo;outil le plus adapt\u00e9 pour ce type d&rsquo;exercice. C&rsquo;est possible, en y consacrant les moyens ad\u00e9quats, mais c&rsquo;est loin d&rsquo;\u00eatre la panac\u00e9e.<\/p>\n<p>Quand j&rsquo;ai essay\u00e9 de mettre en garde sur le message que risquait de faire passer Apple avec ce type de marketing, certains m&rsquo;ont reproch\u00e9 de critiquer pour le plaisir, voire d&rsquo;\u00eatre un hater. Pour \u00eatre honn\u00eate, je ne suis pas le plus grand fan d&rsquo;Apple. J&rsquo;ai de nombreux griefs \u00e0 leur encontre, notamment d&rsquo;avoir remplac\u00e9 Final Cut Pro 7 (mon logiciel de montage de pr\u00e9dilection) par Final Cut Pro X, ou l&rsquo;\u00e9volution peu glorieuse du Mac Pro. Comme beaucoup de professionnels, j&rsquo;ai pris ces \u00ab\u00a0r\u00e9volutions\u00a0\u00bb comme des marques de d\u00e9dain de la part d&rsquo;Apple, au point de me poser la question d&rsquo;un passage \u00e0 un PC sous Windows. Les choses s&rsquo;am\u00e9liorant ces derni\u00e8res ann\u00e9es, je n&rsquo;ai finalement pas quitt\u00e9 le navire. \u00catre un utilisateur fid\u00e8le de la marque n&#8217;emp\u00eache pas d&rsquo;\u00eatre critique.<\/p>\n<p><strong>Est-ce que, d&rsquo;ici une dizaine d&rsquo;ann\u00e9es, je conseillerai l&rsquo;iPhone pour faire des captations vid\u00e9o ? Peut-\u00eatre. Qui sait, ce sera peut-\u00eatre mon outil de travail principal \u2014 c&rsquo;est d\u00e9j\u00e0 le cas pour certains de mes coll\u00e8gues. En attendant, je reste convaincu qu&rsquo;il est n\u00e9cessaire de d&rsquo;abord r\u00e9fl\u00e9chir au meilleur outil en fonction du type de r\u00e9alisation, et pas de forcer \u00e0 tout prix l&rsquo;usage d&rsquo;un appareil pour des raisons de co\u00fbt ou de marketing. Sauf, bien s\u00fbr, si vous vous appelez Apple et que c&rsquo;est votre gagne-pain.<\/strong><\/p>\n<p><span class=\"imdbRatingPlugin\" data-user=\"ur22055856\" data-title=\"tt0029583\" data-style=\"p1\"><a href=\"https:\/\/www.imdb.com\/title\/tt0029583\/?ref_=plg_rt_1\"><img decoding=\"async\" src=\"https:\/\/ia.media-imdb.com\/images\/G\/01\/imdb\/plugins\/rating\/images\/imdb_46x22.png\" alt=\"Snow White and the Seven Dwarfs (1937) on IMDb\" \/><br \/>\n<\/a><\/span><script>(function(d,s,id){var js,stags=d.getElementsByTagName(s)[0];if(d.getElementById(id)){return;}js=d.createElement(s);js.id=id;js.src=\"https:\/\/ia.media-imdb.com\/images\/G\/01\/imdb\/plugins\/rating\/js\/rating.js\";stags.parentNode.insertBefore(js,stags);})(document,\"script\",\"imdb-rating-api\");<\/script><\/p>\n","protected":false},"excerpt":{"rendered":"<p>La semaine derni\u00e8re avait lieu le \u00ab\u00a0Scary Fast\u00a0\u00bb, un \u00e9v\u00e9nement Apple comme on en conna\u00eet maintenant r\u00e9guli\u00e8rement, durant lequel la marque \u00e0 la pomme a annonc\u00e9 ses nouveaux Macbooks, \u00e9quip\u00e9s \u00e0 pr\u00e9sent de puces M3. Rien de bien surprenant, a priori. Sauf que l&rsquo;\u00e9v\u00e9nement se terminait sur une touche inhabituelle, puisqu&rsquo;il \u00e9tait pr\u00e9cis\u00e9 que l&rsquo;ensemble<\/p>\n<footer class=\"entry-footer index-entry\">\n<div class=\"post-social pull-left\"><a href=\"https:\/\/www.facebook.com\/sharer\/sharer.php?u=https%3A%2F%2Fhespel.fr%2F%3Fp%3D57235\" target=\"_blank\" class=\"social-icons\"><i class=\"fa fa-facebook\" aria-hidden=\"true\"><\/i><\/a><a href=\"https:\/\/twitter.com\/home?status=https%3A%2F%2Fhespel.fr%2F%3Fp%3D57235\" target=\"_blank\" class=\"social-icons\"><i class=\"fa fa-twitter\" aria-hidden=\"true\"><\/i><\/a><a href=\"https:\/\/www.linkedin.com\/shareArticle?mini=true&#038;url=https%3A%2F%2Fhespel.fr%2F%3Fp%3D57235&#038;title=Blanche+Neige+ou+filmer+%C3%A0+l%26rsquo%3BiPhone\" target=\"_blank\" class=\"social-icons\"><i class=\"fa fa-linkedin\" aria-hidden=\"true\"><\/i><\/a><\/div>\n<p class=\"link-more\"><a href=\"https:\/\/hespel.fr\/?p=57235\" class=\"more-link\">Continue reading <span class=\"meta-nav\">\u2192<\/span><\/a><\/p>\n<\/footer>\n","protected":false},"author":3,"featured_media":0,"comment_status":"open","ping_status":"open","sticky":false,"template":"","format":"standard","meta":{"jetpack_post_was_ever_published":false,"footnotes":""},"categories":[5,6],"tags":[35,170],"class_list":["post-57235","post","type-post","status-publish","format-standard","hentry","category-nouvelles-technologies","category-video","tag-apple","tag-iphone"],"aioseo_notices":[],"jetpack_featured_media_url":"","jetpack_shortlink":"https:\/\/wp.me\/p97UKg-eT9","jetpack-related-posts":[{"id":204,"url":"https:\/\/hespel.fr\/?p=204","url_meta":{"origin":57235,"position":0},"title":"La Fin des Temps ou les cam\u00e9ras Flip","author":"R. Hespel","date":"avril 13, 2011","format":false,"excerpt":"Les cam\u00e9ras de poche - ou pocket cameras - ont d\u00e9j\u00e0 eu leur moment de gloire sur ce blog. J'ai cru d\u00e8s le d\u00e9but et crois toujours fortement au concept, que j'ai moi-m\u00eame illustr\u00e9 avec la Kodak Zi8. Lors de son achat, j'avais longtemps tergivers\u00e9 entre ce mod\u00e8le et le\u2026","rel":"","context":"Dans &quot;Nouvelles technologies&quot;","block_context":{"text":"Nouvelles technologies","link":"https:\/\/hespel.fr\/?cat=5"},"img":{"alt_text":"Flip Mino HD","src":"https:\/\/i0.wp.com\/live.staticflickr.com\/3012\/3026387619_68050f397f_o.jpg?resize=350%2C200&ssl=1","width":350,"height":200},"classes":[]},{"id":114,"url":"https:\/\/hespel.fr\/?p=114","url_meta":{"origin":57235,"position":1},"title":"Un Nouvel Espoir ou Tou.Tv","author":"R. Hespel","date":"f\u00e9vrier 1, 2010","format":false,"excerpt":"L'actualit\u00e9 a \u00e9t\u00e9 tr\u00e8s riche la semaine pass\u00e9e, entre la pr\u00e9sentation tr\u00e8s attendue du nouveau concept d'Apple, l'iPad, et l'arriv\u00e9e au Qu\u00e9bec d'une solution vid\u00e9o in\u00e9dite en ligne, intitul\u00e9e TOU.TV. Entre les deux sujets, mon coeur balance, lequel allais-je aborder ? Le choix a \u00e9t\u00e9 plus simple que pr\u00e9vu. Du\u2026","rel":"","context":"Dans &quot;R\u00e9flexions&quot;","block_context":{"text":"R\u00e9flexions","link":"https:\/\/hespel.fr\/?cat=4"},"img":{"alt_text":"","src":"","width":0,"height":0},"classes":[]},{"id":195,"url":"https:\/\/hespel.fr\/?p=195","url_meta":{"origin":57235,"position":2},"title":"Les Temps Modernes ou l&rsquo;Archos 70it","author":"R. Hespel","date":"novembre 26, 2010","format":false,"excerpt":"S'il y a bien un cadeau qui va se retrouver sous bon nombre de sapins cette fin d'ann\u00e9e 2010, c'est la tablette. Apple a frapp\u00e9 fort en lan\u00e7ant une mouvance avec son iPad, mais depuis peu, le march\u00e9 bouge beaucoup et \u00e9volue dans le bon sens. L'iPad avait deux inconv\u00e9nients\u2026","rel":"","context":"Dans &quot;Nouvelles technologies&quot;","block_context":{"text":"Nouvelles technologies","link":"https:\/\/hespel.fr\/?cat=5"},"img":{"alt_text":"","src":"https:\/\/i0.wp.com\/hespel.fr\/wp-content\/uploads\/2010\/11\/Iarchos-70-it-back.jpg?resize=350%2C200&ssl=1","width":350,"height":200,"srcset":"https:\/\/i0.wp.com\/hespel.fr\/wp-content\/uploads\/2010\/11\/Iarchos-70-it-back.jpg?resize=350%2C200&ssl=1 1x, https:\/\/i0.wp.com\/hespel.fr\/wp-content\/uploads\/2010\/11\/Iarchos-70-it-back.jpg?resize=525%2C300&ssl=1 1.5x"},"classes":[]},{"id":42,"url":"https:\/\/hespel.fr\/?p=42","url_meta":{"origin":57235,"position":3},"title":"La Guerre des Mondes ou Mac vs PC","author":"R. Hespel","date":"novembre 16, 2009","format":false,"excerpt":"A l'heure actuelle, qu'y a-t-il sur PC qu'on ne puisse faire sur Mac ? Et inversement ? Pas grand chose, sinon rien. Les deux syst\u00e8mes ont leurs partisans, car ils ont chacun leurs avantages et leurs d\u00e9fauts. Ceux-ci sont d\u00e9termin\u00e9s par les usages et les besoins qu'on a des deux\u2026","rel":"","context":"Dans &quot;Nouvelles technologies&quot;","block_context":{"text":"Nouvelles technologies","link":"https:\/\/hespel.fr\/?cat=5"},"img":{"alt_text":"","src":"","width":0,"height":0},"classes":[]},{"id":4213,"url":"https:\/\/hespel.fr\/?p=4213","url_meta":{"origin":57235,"position":4},"title":"Small Soldiers ou les applications de montage sur Android","author":"R. Hespel","date":"mai 10, 2020","format":false,"excerpt":"Quand on parle de montage vid\u00e9o sur smartphone, l'application qui arrive souvent la premi\u00e8re sur les l\u00e8vres est LumaFusion. Puissante sur iPhone, certains n'h\u00e9sitent pas \u00e0 dire qu'elle vaut \u00e0 elle seule l'achat d'un iPad Pro. Malheureusement, elle n'existe pas sur Android, syst\u00e8me qui \u00e9quipe quand m\u00eame 80% des smartphones\u2026","rel":"","context":"Dans &quot;Nouvelles technologies&quot;","block_context":{"text":"Nouvelles technologies","link":"https:\/\/hespel.fr\/?cat=5"},"img":{"alt_text":"KineMaster","src":"https:\/\/i0.wp.com\/hespel.fr\/wp-content\/uploads\/2020\/05\/kinemaster.png?resize=350%2C200&ssl=1","width":350,"height":200,"srcset":"https:\/\/i0.wp.com\/hespel.fr\/wp-content\/uploads\/2020\/05\/kinemaster.png?resize=350%2C200&ssl=1 1x, https:\/\/i0.wp.com\/hespel.fr\/wp-content\/uploads\/2020\/05\/kinemaster.png?resize=525%2C300&ssl=1 1.5x"},"classes":[]},{"id":673,"url":"https:\/\/hespel.fr\/?p=673","url_meta":{"origin":57235,"position":5},"title":"J&rsquo;ai regard\u00e9 un film sur mon smartphone et j&rsquo;ai aim\u00e9 \u00e7a","author":"R. Hespel","date":"juillet 20, 2016","format":false,"excerpt":"J'en ai d\u00e9j\u00e0 parl\u00e9 par le pass\u00e9, j'ai la conviction que nos modes de consommation de films vont \u00e9voluer et sont d\u00e9j\u00e0 en train d'\u00e9voluer. Avec l'av\u00e8nement des smartphones et des tablettes, des services de VOD tels que Netflix et autre Molotov.tv, plus besoin d'aller au cin\u00e9ma ou d'allumer la\u2026","rel":"","context":"Dans &quot;Cinema&quot;","block_context":{"text":"Cinema","link":"https:\/\/hespel.fr\/?cat=3"},"img":{"alt_text":"Image by Kevin M.\/Gadget Hacks","src":"https:\/\/i0.wp.com\/hespel.fr\/wp-content\/uploads\/2016\/07\/4-best-phones-for-binge-watching-netflix-hulu.w1456-1024x682.jpg?resize=350%2C200&ssl=1","width":350,"height":200,"srcset":"https:\/\/i0.wp.com\/hespel.fr\/wp-content\/uploads\/2016\/07\/4-best-phones-for-binge-watching-netflix-hulu.w1456-1024x682.jpg?resize=350%2C200&ssl=1 1x, https:\/\/i0.wp.com\/hespel.fr\/wp-content\/uploads\/2016\/07\/4-best-phones-for-binge-watching-netflix-hulu.w1456-1024x682.jpg?resize=525%2C300&ssl=1 1.5x, https:\/\/i0.wp.com\/hespel.fr\/wp-content\/uploads\/2016\/07\/4-best-phones-for-binge-watching-netflix-hulu.w1456-1024x682.jpg?resize=700%2C400&ssl=1 2x"},"classes":[]}],"_links":{"self":[{"href":"https:\/\/hespel.fr\/index.php?rest_route=\/wp\/v2\/posts\/57235","targetHints":{"allow":["GET"]}}],"collection":[{"href":"https:\/\/hespel.fr\/index.php?rest_route=\/wp\/v2\/posts"}],"about":[{"href":"https:\/\/hespel.fr\/index.php?rest_route=\/wp\/v2\/types\/post"}],"author":[{"embeddable":true,"href":"https:\/\/hespel.fr\/index.php?rest_route=\/wp\/v2\/users\/3"}],"replies":[{"embeddable":true,"href":"https:\/\/hespel.fr\/index.php?rest_route=%2Fwp%2Fv2%2Fcomments&post=57235"}],"version-history":[{"count":13,"href":"https:\/\/hespel.fr\/index.php?rest_route=\/wp\/v2\/posts\/57235\/revisions"}],"predecessor-version":[{"id":75542,"href":"https:\/\/hespel.fr\/index.php?rest_route=\/wp\/v2\/posts\/57235\/revisions\/75542"}],"wp:attachment":[{"href":"https:\/\/hespel.fr\/index.php?rest_route=%2Fwp%2Fv2%2Fmedia&parent=57235"}],"wp:term":[{"taxonomy":"category","embeddable":true,"href":"https:\/\/hespel.fr\/index.php?rest_route=%2Fwp%2Fv2%2Fcategories&post=57235"},{"taxonomy":"post_tag","embeddable":true,"href":"https:\/\/hespel.fr\/index.php?rest_route=%2Fwp%2Fv2%2Ftags&post=57235"}],"curies":[{"name":"wp","href":"https:\/\/api.w.org\/{rel}","templated":true}]}}