{"id":57,"date":"2009-11-30T11:44:29","date_gmt":"2009-11-30T16:44:29","guid":{"rendered":"http:\/\/rhespel.perso.sfr.fr\/?p=57"},"modified":"2023-11-04T12:22:51","modified_gmt":"2023-11-04T11:22:51","slug":"mission-impossible-ou-produire-une-video-101","status":"publish","type":"post","link":"https:\/\/hespel.fr\/?p=57","title":{"rendered":"Mission Impossible ou produire une vid\u00e9o (101)"},"content":{"rendered":"<p><strong>Produire une vid\u00e9o n&rsquo;est pas chose facile lorsqu&rsquo;on est n\u00e9ophyte en la mati\u00e8re.<\/strong> Il semble y avoir tellement de param\u00e8tres \u00e0 prendre en compte&#8230; Par o\u00f9 commencer ? Il y a plusieurs options. On peut \u00e9videmment <a title=\"Me contacter\" href=\"https:\/\/hespel.fr\/?page_id=7\" target=\"_self\" rel=\"noopener\">faire appel \u00e0 un professionnel<\/a>, ce qui peut \u00eatre le choix le plus fiable, le plus facile, le plus rapide&#8230; mais pas le moins on\u00e9reux. Tout le monde n&rsquo;a pas les moyens de faire produire ses vid\u00e9os par un tiers.<\/p>\n<p>La seconde option est de tout faire soi-m\u00eame, de prendre le probl\u00e8me \u00e0 bras-le-corps, d&rsquo;avoir l&rsquo;\u00e9nergie et le temps n\u00e9cessaire \u00e0 disposition. Des erreurs seront faites. Il y en a toujours dans ce type de cas de figure. Mais elles s&rsquo;amenuiseront au gr\u00e9 de vos efforts. Je ne peux que vous encourager \u00e0 vous essayer \u00e0 l&rsquo;exercice, ce qui vous permettra soit de prendre go\u00fbt \u00e0 la vid\u00e9o, soit de vous rendre compte de la complexit\u00e9 de la chose et de mieux comprendre le travail qu&rsquo;effectuera le professionnel auquel vous ferez appel ensuite. Ce genre de mise en perspective est parfois bien utile.<\/p>\n<p>Pour les personnes qui souhaiteraient se lancer dans l&rsquo;aventure, je vais faire un petit tour d&rsquo;horizon des pr\u00e9-requis, en particulier au point de vue mat\u00e9riel.\u00a0 <!--more--><\/p>\n<p><strong>En premier lieu, il y a la phase de conception.<\/strong> Ne surtout pas n\u00e9gliger cette \u00e9tape : une vid\u00e9o mal con\u00e7ue au d\u00e9part le restera \u00e0 la fin. La r\u00e9flexion peut mettre un projet sur les bons rails. C&rsquo;est durant cette \u00e9tape qu&rsquo;on va <strong>d\u00e9terminer ses besoins<\/strong> pour la suite des op\u00e9rations. On ne r\u00e9alise pas une vid\u00e9o promotionnelle pour le web comme un <a title=\"\" href=\"https:\/\/fr.wikipedia.org\/wiki\/Lip_dub\" target=\"_blank\" rel=\"noopener\">lipdub<\/a>.<br \/>\n<center><\/p>\n<div class=\"jetpack-video-wrapper\"><iframe loading=\"lazy\" frameborder=\"0\" width=\"780\" height=\"448\" src=\"https:\/\/www.dailymotion.com\/embed\/video\/xa0tr1\" allowfullscreen allow=\"autoplay\"><\/iframe><\/div>\n<p><em>Un des pires lipbdub que j&rsquo;ai trouv\u00e9<\/em><\/center><\/p>\n<p>Il est n\u00e9cessaire de bien d\u00e9finir le public vis\u00e9 et la mani\u00e8re dont la vid\u00e9o va \u00eatre diffus\u00e9e pour l&rsquo;atteindre. En effet, une vid\u00e9o ne doit pas \u00eatre r\u00e9alis\u00e9e de la m\u00eame fa\u00e7on selon qu&rsquo;elle est diffus\u00e9e sur un site web, sur les r\u00e9seaux sociaux ou sur d&rsquo;autres m\u00e9dias.<\/p>\n<p>La question du mat\u00e9riel intervient rapidement. De quel type de mat\u00e9riel allez-vous avoir besoin ? L&rsquo;image et le son ont leurs propres standards. Comme la musique d&rsquo;un film qui nous accompagne une fois sorti de la salle de cin\u00e9ma, il ne faut surtout pas n\u00e9gliger le son. <strong>Une entrevue dont on ne saisira qu&rsquo;un mot sur deux ne sera pas bien utile.<\/strong> Pour autant, certaines vid\u00e9os peuvent se r\u00e9aliser sans prise audio, particuli\u00e8rement si vous savez qu&rsquo;il sera ajout\u00e9 \u00e0 la post-production (voix off, musique). C&rsquo;est une des choses qui doivent \u00eatre d\u00e9cid\u00e9es \u00e0 la conception. <\/p>\n<p>Pour quelle cam\u00e9ra opter ? Il n&rsquo;y a pas de mod\u00e8le parfait, mais on peut en \u00e9liminer beaucoup en d\u00e9cidant ce qu&rsquo;on peut se permettre. De la cam\u00e9ra professionnelle \u00e0 plusieurs milliers d&rsquo;euros \u00e0 l&rsquo;appareil photo reflex, en passant par des appareils photo compacts, voire m\u00eame au smartphone, il n&rsquo;y a pas de mauvais outil. Il faut juste d\u00e9cider ce qui sera le plus adapt\u00e9 au r\u00e9sultat vis\u00e9 et ce avec quoi vous \u00eates le plus \u00e0 l&rsquo;aise pour travailler. Encore une fois, la diffusion pr\u00e9vue dictera la qualit\u00e9 de l&rsquo;image \u00e0 atteindre.<\/p>\n<p>Au niveau des cam\u00e9ras professionnelles ou semi-pros, elles ont souvent un avantage non-n\u00e9gligeable, celui de disposer de prises pour micros, ce qui permet d&rsquo;enregistrer simultan\u00e9ment l&rsquo;image et le son d\u00e9finitif, l\u00e0 o\u00f9 d&rsquo;autres solutions vous demanderont une postsynchronisation en cas d&rsquo;interview. C&rsquo;est une des r\u00e8gles essentielles en vid\u00e9o : tout ce qui peut-\u00eatre fait au tournage ne sera plus \u00e0 faire au montage (ou au mixage).<\/p>\n<p>Si vos moyens ne vous permettent pas d&rsquo;investir dans du tout-professionnel, il vous faudra peut-\u00eatre bricoler un peu, tel un MacGyver des temps modernes, ou priviligier le son au d\u00e9triment de l&rsquo;image, ou l&rsquo;inverse. Par exemple, il est parfois possible de brancher un micro sur un appareil photo Reflex ou sur certaines cam\u00e9ras, au format <a title=\"Wikip\u00e9dia - Jack (prise)\" href=\"http:\/\/fr.wikipedia.org\/wiki\/Jack_%28prise%29\" target=\"_blank\" rel=\"noopener\">mini-jack<\/a>. Les smartphones ont bien souvent leur propre format \u00e9galement. Une solution peut alors \u00eatre d&rsquo;enregistrer le son avec un enregistreur externe, comme un <a href=\"https:\/\/zoomcorp.com\/fr\/fr\/enregistreurs-portatifs\/handheld-recorders\/h4n-pro\/\" rel=\"noopener\" target=\"_blank\">Zoom H4n<\/a>.<\/p>\n<p><strong>Produire une vid\u00e9o soi-m\u00eame, c&rsquo;est une affaire de choix et de  concessions, de la d\u00e9cision \u00e0 la r\u00e9alisation. Je n&rsquo;ai \u00e9voqu\u00e9 ici que la partie mat\u00e9rielle, dans les grandes lignes, sans aller jusqu&rsquo;\u00e0 \u00e9voquer la post-production ou la diffusion&#8230; Car une fois votre vid\u00e9o en bo\u00eete, ne croyez pas \u00eatre arriv\u00e9 au bout de votre peine ! Le montage vid\u00e9o est parfois aussi bien compliqu\u00e9&#8230; J&rsquo;esp\u00e8re que cette mise en bouche vous aidera \u00e0 poser les premi\u00e8res pierres de votre r\u00e9flexion. N&rsquo;h\u00e9sitez pas \u00e0 poser vos questions en commentaire !<\/strong><\/p>\n","protected":false},"excerpt":{"rendered":"<p>Produire une vid\u00e9o n&rsquo;est pas chose facile lorsqu&rsquo;on est n\u00e9ophyte en la mati\u00e8re. Il semble y avoir tellement de param\u00e8tres \u00e0 prendre en compte&#8230; Par o\u00f9 commencer ? Il y a plusieurs options. On peut \u00e9videmment faire appel \u00e0 un professionnel, ce qui peut \u00eatre le choix le plus fiable, le plus facile, le plus rapide&#8230; mais pas le moins on\u00e9reux. Tout le monde n&rsquo;a pas les moyens de faire produire ses vid\u00e9os par un tiers. Pour les personnes qui souhaitent s&rsquo;essayer \u00e0 l&rsquo;exercice, je vais faire un petit tour d&rsquo;horizon des pr\u00e9-requis.<\/p>\n","protected":false},"author":2,"featured_media":0,"comment_status":"open","ping_status":"open","sticky":false,"template":"","format":"standard","meta":{"jetpack_post_was_ever_published":false,"footnotes":""},"categories":[5,6],"tags":[8,658,65,66,677,128,148,165,172,187,212,213,257,271,401,637,375,380],"class_list":["post-57","post","type-post","status-publish","format-standard","hentry","category-nouvelles-technologies","category-video","tag-8","tag-4k","tag-camcorder","tag-camera","tag-filmer","tag-flip","tag-hd","tag-impossible","tag-jack","tag-lipdub","tag-mission","tag-mission-impossible","tag-produire","tag-reflex","tag-smartphone","tag-video","tag-xlr","tag-zoom"],"aioseo_notices":[],"jetpack_featured_media_url":"","jetpack_shortlink":"https:\/\/wp.me\/p97UKg-V","jetpack-related-posts":[{"id":70229,"url":"https:\/\/hespel.fr\/?p=70229","url_meta":{"origin":57,"position":0},"title":"A.I. ou l&rsquo;arriv\u00e9e imminente de Sora","author":"R. Hespel","date":"f\u00e9vrier 19, 2024","format":false,"excerpt":"La semaine derni\u00e8re, OpenAI, soci\u00e9t\u00e9 d\u00e9j\u00e0 \u00e0 la base de DALL-E (un mod\u00e8le capable de g\u00e9n\u00e9rer des images \u00e0 partir de requ\u00eates textuelles) et de ChatGPT (un chatbot fonctionnant sur base d'intelligence artificielle), annon\u00e7ait le lancement prochain de Sora, un mod\u00e8le capable cette fois-ci de produire des vid\u00e9os sur base\u2026","rel":"","context":"Dans &quot;Nouvelles technologies&quot;","block_context":{"text":"Nouvelles technologies","link":"https:\/\/hespel.fr\/?cat=5"},"img":{"alt_text":"Cette photo du Pape est fausse","src":"https:\/\/i0.wp.com\/hespel.fr\/wp-content\/uploads\/2024\/02\/SEI_149760389-245x300.jpeg?resize=350%2C200&ssl=1","width":350,"height":200},"classes":[]},{"id":177,"url":"https:\/\/hespel.fr\/?p=177","url_meta":{"origin":57,"position":1},"title":"Suspicion ou choisir son vid\u00e9aste","author":"R. Hespel","date":"avril 28, 2010","format":false,"excerpt":"Essayer de conseiller comment choisir son vid\u00e9aste quand on vend soi-m\u00eame ses services comme tel, cela peut para\u00eetre vain. Pourtant, mon but n'est pas ici de vous inviter \u00e0 m'engager mais plut\u00f4t de vous \u00e9viter de tomber sur un charlatan. Il en existe dans tous les domaines et il s'agit\u2026","rel":"","context":"Dans &quot;R\u00e9flexions&quot;","block_context":{"text":"R\u00e9flexions","link":"https:\/\/hespel.fr\/?cat=4"},"img":{"alt_text":"","src":"","width":0,"height":0},"classes":[]},{"id":180,"url":"https:\/\/hespel.fr\/?p=180","url_meta":{"origin":57,"position":2},"title":"Heat ou l&rsquo;importance d&rsquo;\u00eatre pr\u00e9sent en vid\u00e9o","author":"R. Hespel","date":"mai 14, 2010","format":false,"excerpt":"Suite \u00e0 un contrat cette semaine, j'ai pris le temps de r\u00e9fl\u00e9chir plus amplement sur l'importance d'\u00eatre pr\u00e9sent sur Internet, particuli\u00e8rement en vid\u00e9o. C'est un sujet majeur, une \u00e9vidence pour certains, mais qui demande des exemples concrets pour convaincre les autres. Pourquoi faut-il \u00eatre pr\u00e9sent sur Internet ? Que vous\u2026","rel":"","context":"Dans &quot;Video&quot;","block_context":{"text":"Video","link":"https:\/\/hespel.fr\/?cat=6"},"img":{"alt_text":"","src":"","width":0,"height":0},"classes":[]},{"id":1965,"url":"https:\/\/hespel.fr\/?p=1965","url_meta":{"origin":57,"position":3},"title":"Le 5e \u00c9l\u00e9ment ou Lumen5","author":"R. Hespel","date":"avril 16, 2020","format":false,"excerpt":"Et si vous pouviez d\u00e9l\u00e9guer la production de votre prochaine vid\u00e9o \u00e0 une Intelligence Artificielle ? Nombreux sont les sites, services ou applications qui se vantent de pouvoir vous faciliter la production d'une vid\u00e9o, au point qu'il ne se passe pas un jour sans que j'en d\u00e9couvre un nouveau. De\u2026","rel":"","context":"Dans &quot;Tests&quot;","block_context":{"text":"Tests","link":"https:\/\/hespel.fr\/?cat=448"},"img":{"alt_text":"","src":"https:\/\/i0.wp.com\/hespel.fr\/wp-content\/uploads\/2019\/08\/lumen5_01-1024x668.jpg?resize=350%2C200&ssl=1","width":350,"height":200,"srcset":"https:\/\/i0.wp.com\/hespel.fr\/wp-content\/uploads\/2019\/08\/lumen5_01-1024x668.jpg?resize=350%2C200&ssl=1 1x, https:\/\/i0.wp.com\/hespel.fr\/wp-content\/uploads\/2019\/08\/lumen5_01-1024x668.jpg?resize=525%2C300&ssl=1 1.5x, https:\/\/i0.wp.com\/hespel.fr\/wp-content\/uploads\/2019\/08\/lumen5_01-1024x668.jpg?resize=700%2C400&ssl=1 2x"},"classes":[]},{"id":184,"url":"https:\/\/hespel.fr\/?p=184","url_meta":{"origin":57,"position":4},"title":"The A-Team ou un teasing sans accroc","author":"R. Hespel","date":"juin 9, 2010","format":false,"excerpt":"Le cin\u00e9ma hollywoodien \u00e9tant ce qu'il est, il \u00e9tait certain de voir d\u00e9barquer t\u00f4t ou tard un remake de la s\u00e9rie des ann\u00e9es 80 The A-Team (ou l'Agence Tous Risques pour les francophones). A ce titre, je me demande combien de temps les Majors vont chercher le r\u00e9alisateur et l'acteur\u2026","rel":"","context":"Dans &quot;Cinema&quot;","block_context":{"text":"Cinema","link":"https:\/\/hespel.fr\/?cat=3"},"img":{"alt_text":"","src":"","width":0,"height":0},"classes":[]},{"id":767,"url":"https:\/\/hespel.fr\/?p=767","url_meta":{"origin":57,"position":5},"title":"Tomorrowland ou mes pr\u00e9dictions vid\u00e9o pour 2017","author":"R. Hespel","date":"janvier 5, 2017","format":false,"excerpt":"2016 aura pour moi \u00e9t\u00e9 le retour \u00e0 un de mes premiers amours, la diffusion en direct sur Internet. Alors qu'il y a tout juste sept ans, je faisais mes premi\u00e8res armes sur Ustream avec l'IdentityCamp, j'ai eu \u00e0 plusieurs reprises cette ann\u00e9e \u00e0 produire de la vid\u00e9o sans filet,\u2026","rel":"","context":"Dans &quot;Nouvelles technologies&quot;","block_context":{"text":"Nouvelles technologies","link":"https:\/\/hespel.fr\/?cat=5"},"img":{"alt_text":"img_0112","src":"https:\/\/i0.wp.com\/hespel.fr\/wp-content\/uploads\/2016\/10\/IMG_0112-1024x768.jpg?resize=350%2C200","width":350,"height":200},"classes":[]}],"_links":{"self":[{"href":"https:\/\/hespel.fr\/index.php?rest_route=\/wp\/v2\/posts\/57","targetHints":{"allow":["GET"]}}],"collection":[{"href":"https:\/\/hespel.fr\/index.php?rest_route=\/wp\/v2\/posts"}],"about":[{"href":"https:\/\/hespel.fr\/index.php?rest_route=\/wp\/v2\/types\/post"}],"author":[{"embeddable":true,"href":"https:\/\/hespel.fr\/index.php?rest_route=\/wp\/v2\/users\/2"}],"replies":[{"embeddable":true,"href":"https:\/\/hespel.fr\/index.php?rest_route=%2Fwp%2Fv2%2Fcomments&post=57"}],"version-history":[{"count":8,"href":"https:\/\/hespel.fr\/index.php?rest_route=\/wp\/v2\/posts\/57\/revisions"}],"predecessor-version":[{"id":57211,"href":"https:\/\/hespel.fr\/index.php?rest_route=\/wp\/v2\/posts\/57\/revisions\/57211"}],"wp:attachment":[{"href":"https:\/\/hespel.fr\/index.php?rest_route=%2Fwp%2Fv2%2Fmedia&parent=57"}],"wp:term":[{"taxonomy":"category","embeddable":true,"href":"https:\/\/hespel.fr\/index.php?rest_route=%2Fwp%2Fv2%2Fcategories&post=57"},{"taxonomy":"post_tag","embeddable":true,"href":"https:\/\/hespel.fr\/index.php?rest_route=%2Fwp%2Fv2%2Ftags&post=57"}],"curies":[{"name":"wp","href":"https:\/\/api.w.org\/{rel}","templated":true}]}}