{"id":56416,"date":"2023-11-04T13:52:30","date_gmt":"2023-11-04T12:52:30","guid":{"rendered":"https:\/\/hespel.fr\/?p=56416"},"modified":"2023-11-05T14:15:20","modified_gmt":"2023-11-05T13:15:20","slug":"minority-report-ou-quand-adobe-et-ses-mises-a-jour","status":"publish","type":"post","link":"https:\/\/hespel.fr\/?p=56416","title":{"rendered":"Minority Report ou les mises \u00e0 jour d&rsquo;Adobe"},"content":{"rendered":"<p><strong>\u00c7a doit faire des ann\u00e9es que je r\u00e2le sur la politique de mise \u00e0 jour de la suite <a href=\"https:\/\/fr.wikipedia.org\/wiki\/Adobe_Creative_Cloud\" rel=\"noopener\" target=\"_blank\">Adobe Creative Cloud<\/a>.<\/strong> Je n&rsquo;ai pas \u00e9t\u00e9 le dernier \u00e0 les accuser de jouer le jeu de l&rsquo;obsolescence programm\u00e9e, m\u00eame si c&rsquo;\u00e9tait peut-\u00eatre \u00e0 tort&#8230; jusqu&rsquo;\u00e0 aujourd&rsquo;hui. Peut-\u00eatre aviez-vous re\u00e7u le m\u00e9mo &#8211; ce n&rsquo;\u00e9tait pas mon cas &#8211; annon\u00e7ant qu&rsquo;Adobe rendait la nouvelle mise \u00e0 jour de Premiere, After Effects ou Media Encoder incompatible avec toutes une s\u00e9rie de processeurs jug\u00e9s trop anciens. Votre ordinateur est trop vieux ? Dommage, si vous souhaitez continuer \u00e0 l&rsquo;utiliser pour vos projets professionnels (ou persos), il va falloir en acheter un nouveau !<br \/>\n<!--more--><br \/>\n<img loading=\"lazy\" decoding=\"async\" data-attachment-id=\"56418\" data-permalink=\"https:\/\/hespel.fr\/?attachment_id=56418\" data-orig-file=\"https:\/\/hespel.fr\/wp-content\/uploads\/2023\/10\/Adobe001.jpg\" data-orig-size=\"747,192\" data-comments-opened=\"1\" data-image-meta=\"{&quot;aperture&quot;:&quot;0&quot;,&quot;credit&quot;:&quot;&quot;,&quot;camera&quot;:&quot;&quot;,&quot;caption&quot;:&quot;&quot;,&quot;created_timestamp&quot;:&quot;0&quot;,&quot;copyright&quot;:&quot;&quot;,&quot;focal_length&quot;:&quot;0&quot;,&quot;iso&quot;:&quot;0&quot;,&quot;shutter_speed&quot;:&quot;0&quot;,&quot;title&quot;:&quot;&quot;,&quot;orientation&quot;:&quot;0&quot;}\" data-image-title=\"Adobe001\" data-image-description=\"\" data-image-caption=\"\" data-large-file=\"https:\/\/hespel.fr\/wp-content\/uploads\/2023\/10\/Adobe001.jpg\" src=\"https:\/\/hespel.fr\/wp-content\/uploads\/2023\/10\/Adobe001.jpg\" alt=\"Les versions 24.0 de nos applications vid\u00e9o n\u00e9cessiteront des processeurs prenant en charge Advanced Vector Extensions 2 (AVX2). \" width=\"747\" height=\"192\" class=\"aligncenter size-full wp-image-56418\" srcset=\"https:\/\/hespel.fr\/wp-content\/uploads\/2023\/10\/Adobe001.jpg 747w, https:\/\/hespel.fr\/wp-content\/uploads\/2023\/10\/Adobe001-300x77.jpg 300w\" sizes=\"auto, (max-width: 747px) 100vw, 747px\" \/><\/p>\n<p>Annonc\u00e9 <a href=\"https:\/\/helpx.adobe.com\/au\/x-productkb\/multi\/system-requirements-dva-apps.html\" rel=\"noopener\" target=\"_blank\">le 30 ao\u00fbt 2023<\/a>, puis repris notamment dans la page d\u00e9taillant <a href=\"https:\/\/helpx.adobe.com\/be_fr\/premiere-pro\/system-requirements.html\" rel=\"noopener\" target=\"_blank\">la configuration minimale<\/a> pour Premiere Pro ce mois d&rsquo;octobre, Adobe indique qu&rsquo;il n\u2019est pas possible d\u2019installer les versions 24.0 sur les processeurs Intel 3\u1d49 g\u00e9n\u00e9ration ou plus anciens (ni sur les processeurs AMD plus anciens). Sur Mac, malheureusement, <strong>cela inclut les Mac Pro de 2013 et plus anciens<\/strong>. Des ordinateurs qui f\u00eatent certes leurs dix ans cette ann\u00e9e, mais bien souvent des monstres de puissance \u00e0 l&rsquo;\u00e9poque de leur mise en service. Des ordinateurs qui arrivent encore aujourd&rsquo;hui sans mal \u00e0 faire du montage vid\u00e9o en HD, voire en 4K pour peu qu&rsquo;ils aient \u00e9t\u00e9 mis \u00e0 niveau mat\u00e9riellement parlant. <\/p>\n<p>Un SSD, un ajout de m\u00e9moire vive, une nouvelle carte graphique&#8230; L&rsquo;avantage de ces ordinateurs \u00e9tait qu&rsquo;ils \u00e9taient compl\u00e8tement modulables, contrairement aux <a href=\"https:\/\/www.frandroid.com\/produits\/ordinateurs-de-bureau\/apple\/1710363-apple-mac-pro-2023\" rel=\"noopener\" target=\"_blank\">nouveaux Mac Pro<\/a> sortis cette ann\u00e9e. A priori, m\u00eame leur processeur est interchangeable. Cette derni\u00e8re op\u00e9ration demande par contre des connaissances bien plus pouss\u00e9es, ce qui la r\u00e9servera aux utilisateurs les plus avertis. Sans cette manipulation, les processeurs sont jug\u00e9s obsol\u00e8tes car ne prenant pas en charge l&rsquo;AVX2. D&rsquo;apr\u00e8s <a href=\"https:\/\/fr.wikipedia.org\/wiki\/Advanced_Vector_Extensions\" rel=\"noopener\" target=\"_blank\">la page wikip\u00e9dia<\/a>, ce jeu d&rsquo;instruction permet notamment de faire du calcul intensif, chose particuli\u00e8rement int\u00e9ressante pour un logiciel de montage qui doit effectuer du rendu toute la journ\u00e9e.<\/p>\n<p>Pourquoi l&rsquo;AVX2 devient soudainement essentiel ? Aucune id\u00e9e. Peut-\u00eatre qu&rsquo;Adobe s&rsquo;est dit que c&rsquo;\u00e9tait le bon moment, le nombre de ceux qui utilisent encore des ordinateurs de cette g\u00e9n\u00e9ration s&rsquo;\u00e9tant largement r\u00e9duit ces derni\u00e8res ann\u00e9es. Cette minorit\u00e9 d&rsquo;utilisateurs se retrouve aujourd&rsquo;hui dans l&rsquo;impossibilit\u00e9 de mettre \u00e0 jour leur suite Adobe, pour laquelle ils paient encore mensuellement. Des utilisateurs qu&rsquo;Adobe abandonne d&rsquo;ailleurs dans le plus grand silence : \u00e0 l&rsquo;heure qu&rsquo;il est, je n&rsquo;ai pas vu un seul m\u00e9dia, g\u00e9n\u00e9raliste ou sp\u00e9cialis\u00e9, reprendre l&rsquo;information.<\/p>\n<h3>Pourquoi continuer \u00e0 utiliser la suite Adobe ?<\/h3>\n<p>On peut critiquer Adobe et son mod\u00e8le de souscription mensuelle, mais si on n&rsquo;y trouve pas son compte, pourquoi ne pas le quitter ? Lorsqu&rsquo;on parle strictement de vid\u00e9o, Premiere fait par exemple face \u00e0 une comp\u00e9tition tr\u00e8s solide avec <a href=\"https:\/\/www.blackmagicdesign.com\/fr\/products\/davinciresolve\/\" rel=\"noopener\" target=\"_blank\">DaVinci Resolve<\/a> ou Final Cut Pro X, pour ne citer qu&rsquo;eux.<\/p>\n<p>J&rsquo;utilise d\u00e9j\u00e0 DaVinci Resolve quotidiennement et l&rsquo;outil, en plus de proposer une version totalement gratuite, s&rsquo;am\u00e9liore \u00e0 chaque mise \u00e0 jour et rivalise sans rougir face aux logiciels d&rsquo;Adobe. Malheureusement, je ne peux pas utiliser ce logiciel pour tous mes projets, les diff\u00e9rents clients ou agences avec lesquels je collabore \u00e9tant majoritairement \u00e9quip\u00e9s de la suite Adobe. Il faut que je puisse recevoir ou envoyer des projets et qu&rsquo;ils soient facilement lus des deux c\u00f4t\u00e9s. A l&rsquo;instar de Photoshop pour le graphisme, Adobe Premiere et After Effects sont aujourd&rsquo;hui quasi incontournables dans le monde professionnel et \u00e0 moins de travailler tout seul dans son coin, il est illusoire de s&rsquo;en passer totalement.<\/p>\n<p>Ceci \u00e9tant, la derni\u00e8re version compatible avec mon Mac Pro, la 23.x, est toujours parfaitement utilisable. Pourquoi ne pas continuer \u00e0 m&rsquo;en servir pendant quelques ann\u00e9es, jusqu&rsquo;\u00e0 ce que le besoin de changer d&rsquo;ordinateur se fasse vraiment sentir ? C&rsquo;est l\u00e0 que j&rsquo;accuse Adobe d&rsquo;obsolescence programm\u00e9e : un projet cr\u00e9\u00e9 avec la nouvelle version de Premiere sera incompatible avec les versions ant\u00e9rieures du logiciel. Si un client m&rsquo;envoie un projet cr\u00e9\u00e9 avec Premiere 24.0, je serai incapable de l&rsquo;ouvrir avec ma version 23.x.<\/p>\n<p>Je rencontrais d\u00e9j\u00e0 ce probl\u00e8me par le pass\u00e9 quand ma version de Mac OS \u00e9tait trop ancienne, Adobe n&rsquo;acceptant la mise \u00e0 jour de ses logiciels que sur les deux derni\u00e8res versions du syst\u00e8me d&rsquo;exploitation d&rsquo;Apple. Par soucis de s\u00e9curit\u00e9 ? Peut-\u00eatre. Toujours est-il que les utilisateurs de Windows ne rencontraient pas ce probl\u00e8me. Mon Mac \u00e9tant jug\u00e9 \u00ab\u00a0obsol\u00e8te\u00a0\u00bb par Apple (c&rsquo;est un autre probl\u00e8me&#8230;), j&rsquo;avais d\u00fb ruser en installant un version plus r\u00e9cente de Mac OS <a href=\"https:\/\/dortania.github.io\/OpenCore-Legacy-Patcher\/\" rel=\"noopener\" target=\"_blank\">par des moyens d\u00e9tourn\u00e9s<\/a>. Aujourd&rsquo;hui, cette astuce logicielle ne suffira plus.<\/p>\n<p>Par la force des choses, Adobe va donc me forcer cette ann\u00e9e \u00e0 faire l&rsquo;achat d&rsquo;un nouveau Mac. Je serai sans doute tr\u00e8s satisfait des performances de mon nouvel achat. Mais rien \u00e0 faire, je d\u00e9teste qu&rsquo;on me force la main.<\/p>\n<h3>Adobe et le train de l&rsquo;IA<\/h3>\n<p>\u00c0 c\u00f4t\u00e9 de \u00e7a, Adobe a r\u00e9cemment choisi de<a href=\"https:\/\/helpx.adobe.com\/fr\/creative-cloud\/kb\/eol-creative-cloud-synced-files.html\" rel=\"noopener\" target=\"_blank\"> mettre un terme \u00e0 son offre d&rsquo;h\u00e9bergement<\/a> de 100 Go comprise jusqu&rsquo;ici dans l&rsquo;abonnement : \u00ab\u00a0\u00e0 partir du 1\u1d49\u02b3 f\u00e9vrier 2024, Adobe commencera \u00e0 arr\u00eater la prise en charge des fichiers synchronis\u00e9s Creative Cloud\u00a0\u00bb. Adobe pr\u00e9conise d&rsquo;utiliser une autre solution de stockage prise en charge, comme Frame.io ou Adobe Experience Manager, ou encore opter pour une solution de stockage cloud tierce dot\u00e9e de fonctionnalit\u00e9s de synchronisation. Forc\u00e9ment, c&rsquo;est beaucoup moins pratique pour ceux qui utilisaient le dossier comme une Dropbox, mais peut-\u00eatre n&rsquo;\u00e9tait-ce encore une fois qu&rsquo;une minorit\u00e9 des utilisateurs.<\/p>\n<p>Bien s\u00fbr, \u00e7a n&rsquo;a rien \u00e0 voir avec le point que j&rsquo;\u00e9voque au-dessus, mais c&rsquo;est toujours rageant de voir un service d\u00e9grad\u00e9 lorsqu&rsquo;on en avait un usage r\u00e9gulier. Certains diront que ce qu&rsquo;on perd d&rsquo;un c\u00f4t\u00e9, on le gagne de l&rsquo;autre : Adobe a largement fait \u00e9voluer son offre r\u00e9cemment en ajoutant des outils utilisant l&rsquo;IA, directement int\u00e9gr\u00e9s \u00e0 Premiere (la transcription automatique par exemple), \u00e0 Photoshop, ou ind\u00e9pendamment (<a href=\"https:\/\/www.adobe.com\/fr\/sensei\/generative-ai\/firefly.html\" rel=\"noopener\" target=\"_blank\">Firefly<\/a>). <\/p>\n<p>S&rsquo;ils se r\u00e9v\u00e8lent tr\u00e8s utiles, je ne peux m&#8217;emp\u00eacher de me demander si ces outils n&rsquo;utilisent pas des ressources qui justifient l&rsquo;incompatibilit\u00e9 avec les processeurs trop anciens. L&rsquo;IA a \u00e9galement un co\u00fbt non-n\u00e9gligeable, qui expliquerait qu&rsquo;Adobe chercherait \u00e0 \u00e9conomiser d&rsquo;un c\u00f4t\u00e9 (l&rsquo;offre Cloud) pour mettre ses moyens sur un nouveau cheval de bataille.<\/p>\n<p>Bref, je m&rsquo;interroge : vais-je devoir acheter un nouvel ordinateur cette ann\u00e9e, juste \u00e0 cause de l&rsquo;IA ? Adobe cherche en tous cas certainement \u00e0 consolider sa position en d\u00e9veloppant ces nouvelles technologies. Pour quel avenir ? Si demain, les utilisateurs sont encore plus d\u00e9pendants des outils propos\u00e9s par Adobe, il sera d&rsquo;autant plus difficile de travailler avec d&rsquo;autres outils dans le monde professionnel. C&rsquo;est le serpent qui se mord la queue.<\/p>\n<p><strong>De mon c\u00f4t\u00e9, je compte continuer \u00e0 utiliser DaVinci Resolve autant que possible et \u00e0 le promouvoir : donnez-lui sa chance, il est vraiment efficace en plus d&rsquo;\u00eatre disponible pour une bouch\u00e9e de pain. Je ne pourrais pas m&rsquo;affranchir d&rsquo;un achat co\u00fbteux en cette fin d&rsquo;ann\u00e9e, mais j&rsquo;aurais au moins la satisfaction d&rsquo;avoir r\u00e9ussi \u00e0 utiliser mon mat\u00e9riel pendant plus de dix ans. Une belle performance dans un milieu aussi exigeant que la vid\u00e9o. J&rsquo;esp\u00e8re que ce mon prochain Mac fera aussi bien. Rendez-vous en 2033 pour le verdict !<\/strong><\/p>\n<p><span class=\"imdbRatingPlugin\" data-user=\"ur22055856\" data-title=\"tt0181689\" data-style=\"p1\"><a href=\"https:\/\/www.imdb.com\/title\/tt0181689\/?ref_=plg_rt_1\"><img decoding=\"async\" src=\"https:\/\/ia.media-imdb.com\/images\/G\/01\/imdb\/plugins\/rating\/images\/imdb_46x22.png\" alt=\"Minority Report (2002) on IMDb\" \/><br \/>\n<\/a><\/span><script>(function(d,s,id){var js,stags=d.getElementsByTagName(s)[0];if(d.getElementById(id)){return;}js=d.createElement(s);js.id=id;js.src=\"https:\/\/ia.media-imdb.com\/images\/G\/01\/imdb\/plugins\/rating\/js\/rating.js\";stags.parentNode.insertBefore(js,stags);})(document,\"script\",\"imdb-rating-api\");<\/script><\/p>\n","protected":false},"excerpt":{"rendered":"<p>\u00c7a doit faire des ann\u00e9es que je r\u00e2le sur la politique de mise \u00e0 jour de la suite Adobe Creative Cloud. Je n&rsquo;ai pas \u00e9t\u00e9 le dernier \u00e0 les accuser de jouer le jeu de l&rsquo;obsolescence programm\u00e9e, m\u00eame si c&rsquo;\u00e9tait peut-\u00eatre \u00e0 tort&#8230; jusqu&rsquo;\u00e0 aujourd&rsquo;hui. Peut-\u00eatre aviez-vous re\u00e7u le m\u00e9mo &#8211; ce n&rsquo;\u00e9tait pas mon<\/p>\n<footer class=\"entry-footer index-entry\">\n<div class=\"post-social pull-left\"><a href=\"https:\/\/www.facebook.com\/sharer\/sharer.php?u=https%3A%2F%2Fhespel.fr%2F%3Fp%3D56416\" target=\"_blank\" class=\"social-icons\"><i class=\"fa fa-facebook\" aria-hidden=\"true\"><\/i><\/a><a href=\"https:\/\/twitter.com\/home?status=https%3A%2F%2Fhespel.fr%2F%3Fp%3D56416\" target=\"_blank\" class=\"social-icons\"><i class=\"fa fa-twitter\" aria-hidden=\"true\"><\/i><\/a><a href=\"https:\/\/www.linkedin.com\/shareArticle?mini=true&#038;url=https%3A%2F%2Fhespel.fr%2F%3Fp%3D56416&#038;title=Minority+Report+ou+les+mises+%C3%A0+jour+d%26rsquo%3BAdobe\" target=\"_blank\" class=\"social-icons\"><i class=\"fa fa-linkedin\" aria-hidden=\"true\"><\/i><\/a><\/div>\n<p class=\"link-more\"><a href=\"https:\/\/hespel.fr\/?p=56416\" class=\"more-link\">Continue reading <span class=\"meta-nav\">\u2192<\/span><\/a><\/p>\n<\/footer>\n","protected":false},"author":3,"featured_media":0,"comment_status":"open","ping_status":"open","sticky":false,"template":"","format":"standard","meta":{"jetpack_post_was_ever_published":false,"footnotes":""},"categories":[5,6],"tags":[21,727,728,254],"class_list":["post-56416","post","type-post","status-publish","format-standard","hentry","category-nouvelles-technologies","category-video","tag-adobe","tag-avx2","tag-obsolescence","tag-premiere"],"aioseo_notices":[],"jetpack_featured_media_url":"","jetpack_shortlink":"https:\/\/wp.me\/p97UKg-eFW","jetpack-related-posts":[{"id":976,"url":"https:\/\/hespel.fr\/?p=976","url_meta":{"origin":56416,"position":0},"title":"The Final Cut ou une s\u00e9lection de logiciels de montage gratuits","author":"R. Hespel","date":"avril 20, 2018","format":false,"excerpt":"Depuis qu'Apple a officiellement annonc\u00e9 l'impossibilit\u00e9 pour Final Cut Pro 7 de fonctionner sous MacOS 10.13 High Sierra, je me suis activement mis \u00e0 la recherche de son successeur. Mon quotidien tournant de mani\u00e8re importante autour du montage vid\u00e9o, ce n'\u00e9tait pas une d\u00e9cision \u00e0 prendre \u00e0 la l\u00e9g\u00e8re et\u2026","rel":"","context":"Dans &quot;Tests&quot;","block_context":{"text":"Tests","link":"https:\/\/hespel.fr\/?cat=448"},"img":{"alt_text":"","src":"https:\/\/i0.wp.com\/hespel.fr\/wp-content\/uploads\/2018\/04\/adobecc-1024x650.jpg?resize=350%2C200&ssl=1","width":350,"height":200,"srcset":"https:\/\/i0.wp.com\/hespel.fr\/wp-content\/uploads\/2018\/04\/adobecc-1024x650.jpg?resize=350%2C200&ssl=1 1x, https:\/\/i0.wp.com\/hespel.fr\/wp-content\/uploads\/2018\/04\/adobecc-1024x650.jpg?resize=525%2C300&ssl=1 1.5x, https:\/\/i0.wp.com\/hespel.fr\/wp-content\/uploads\/2018\/04\/adobecc-1024x650.jpg?resize=700%2C400&ssl=1 2x"},"classes":[]},{"id":81,"url":"https:\/\/hespel.fr\/?p=81","url_meta":{"origin":56416,"position":1},"title":"Le sequel ou le passage \u00e0 2010","author":"R. Hespel","date":"janvier 6, 2010","format":false,"excerpt":"Par cette article, je vous pr\u00e9sente officiellement mes meilleurs voeux pour l'ann\u00e9e 2010. Qu'elle soit pour vous source de succ\u00e8s, bonheur et r\u00e9ussite. J'aurais pu simplement poster une vid\u00e9o pour vous le souhaiter. Ma foi, j'avais m\u00eame pr\u00e9vu de le faire \u00e0 la suite de ce texte. Mais Adobe Premiere\u2026","rel":"","context":"Dans &quot;R\u00e9flexions&quot;","block_context":{"text":"R\u00e9flexions","link":"https:\/\/hespel.fr\/?cat=4"},"img":{"alt_text":"","src":"","width":0,"height":0},"classes":[]},{"id":4213,"url":"https:\/\/hespel.fr\/?p=4213","url_meta":{"origin":56416,"position":2},"title":"Small Soldiers ou les applications de montage sur Android","author":"R. Hespel","date":"mai 10, 2020","format":false,"excerpt":"Quand on parle de montage vid\u00e9o sur smartphone, l'application qui arrive souvent la premi\u00e8re sur les l\u00e8vres est LumaFusion. Puissante sur iPhone, certains n'h\u00e9sitent pas \u00e0 dire qu'elle vaut \u00e0 elle seule l'achat d'un iPad Pro. Malheureusement, elle n'existe pas sur Android, syst\u00e8me qui \u00e9quipe quand m\u00eame 80% des smartphones\u2026","rel":"","context":"Dans &quot;Nouvelles technologies&quot;","block_context":{"text":"Nouvelles technologies","link":"https:\/\/hespel.fr\/?cat=5"},"img":{"alt_text":"KineMaster","src":"https:\/\/i0.wp.com\/hespel.fr\/wp-content\/uploads\/2020\/05\/kinemaster.png?resize=350%2C200&ssl=1","width":350,"height":200,"srcset":"https:\/\/i0.wp.com\/hespel.fr\/wp-content\/uploads\/2020\/05\/kinemaster.png?resize=350%2C200&ssl=1 1x, https:\/\/i0.wp.com\/hespel.fr\/wp-content\/uploads\/2020\/05\/kinemaster.png?resize=525%2C300&ssl=1 1.5x"},"classes":[]},{"id":42,"url":"https:\/\/hespel.fr\/?p=42","url_meta":{"origin":56416,"position":3},"title":"La Guerre des Mondes ou Mac vs PC","author":"R. Hespel","date":"novembre 16, 2009","format":false,"excerpt":"A l'heure actuelle, qu'y a-t-il sur PC qu'on ne puisse faire sur Mac ? Et inversement ? Pas grand chose, sinon rien. Les deux syst\u00e8mes ont leurs partisans, car ils ont chacun leurs avantages et leurs d\u00e9fauts. Ceux-ci sont d\u00e9termin\u00e9s par les usages et les besoins qu'on a des deux\u2026","rel":"","context":"Dans &quot;Nouvelles technologies&quot;","block_context":{"text":"Nouvelles technologies","link":"https:\/\/hespel.fr\/?cat=5"},"img":{"alt_text":"","src":"","width":0,"height":0},"classes":[]},{"id":108,"url":"https:\/\/hespel.fr\/?p=108","url_meta":{"origin":56416,"position":4},"title":"[Rec]\u00b2 ou le Kodak Zi8 avec un Netbook","author":"R. Hespel","date":"janvier 25, 2010","format":false,"excerpt":"Apr\u00e8s ma pr\u00e9sentation de la Kodak Zi8 la semaine derni\u00e8re, j'ai souhait\u00e9 aborder la cam\u00e9ra de poche dans un angle plus pratique. Du point de vue de la mobilit\u00e9, l'engin de Kodak est parfait. On le glisse dans sa poche et il se fait vite oublier. Mais si on est\u2026","rel":"","context":"Dans &quot;Nouvelles technologies&quot;","block_context":{"text":"Nouvelles technologies","link":"https:\/\/hespel.fr\/?cat=5"},"img":{"alt_text":"","src":"","width":0,"height":0},"classes":[]},{"id":35,"url":"https:\/\/hespel.fr\/?p=35","url_meta":{"origin":56416,"position":5},"title":"Matrix ou mes trois conseils \u00e0 R\u00e9zoPointZ\u00e9ro","author":"R. Hespel","date":"novembre 9, 2009","format":false,"excerpt":"The Matrix \u00e9tait un excellent film. Mais une pi\u00e8tre trilogie. Une bonne id\u00e9e au d\u00e9part, mais bien mal exploit\u00e9e. Le tout devenait indigeste, et manquait le coche. R\u00e9zoPointZ\u00e9ro souffre pour l\u2019instant du m\u00eame syndrome. Une bonne id\u00e9e, mais dont la mise en application me laisse perplexe. Pour vous en faire\u2026","rel":"","context":"Dans &quot;Nouvelles technologies&quot;","block_context":{"text":"Nouvelles technologies","link":"https:\/\/hespel.fr\/?cat=5"},"img":{"alt_text":"","src":"","width":0,"height":0},"classes":[]}],"_links":{"self":[{"href":"https:\/\/hespel.fr\/index.php?rest_route=\/wp\/v2\/posts\/56416","targetHints":{"allow":["GET"]}}],"collection":[{"href":"https:\/\/hespel.fr\/index.php?rest_route=\/wp\/v2\/posts"}],"about":[{"href":"https:\/\/hespel.fr\/index.php?rest_route=\/wp\/v2\/types\/post"}],"author":[{"embeddable":true,"href":"https:\/\/hespel.fr\/index.php?rest_route=\/wp\/v2\/users\/3"}],"replies":[{"embeddable":true,"href":"https:\/\/hespel.fr\/index.php?rest_route=%2Fwp%2Fv2%2Fcomments&post=56416"}],"version-history":[{"count":8,"href":"https:\/\/hespel.fr\/index.php?rest_route=\/wp\/v2\/posts\/56416\/revisions"}],"predecessor-version":[{"id":57278,"href":"https:\/\/hespel.fr\/index.php?rest_route=\/wp\/v2\/posts\/56416\/revisions\/57278"}],"wp:attachment":[{"href":"https:\/\/hespel.fr\/index.php?rest_route=%2Fwp%2Fv2%2Fmedia&parent=56416"}],"wp:term":[{"taxonomy":"category","embeddable":true,"href":"https:\/\/hespel.fr\/index.php?rest_route=%2Fwp%2Fv2%2Fcategories&post=56416"},{"taxonomy":"post_tag","embeddable":true,"href":"https:\/\/hespel.fr\/index.php?rest_route=%2Fwp%2Fv2%2Ftags&post=56416"}],"curies":[{"name":"wp","href":"https:\/\/api.w.org\/{rel}","templated":true}]}}