{"id":42,"date":"2009-11-16T19:27:06","date_gmt":"2009-11-17T00:27:06","guid":{"rendered":"http:\/\/rhespel.perso.sfr.fr\/?p=42"},"modified":"2020-11-22T12:59:26","modified_gmt":"2020-11-22T11:59:26","slug":"la-guerre-des-mondes-ou-mac-vs-pc","status":"publish","type":"post","link":"https:\/\/hespel.fr\/?p=42","title":{"rendered":"La Guerre des Mondes ou Mac vs PC"},"content":{"rendered":"<p><strong>La pol\u00e9mique a \u00e9clat\u00e9 la semaine derni\u00e8re. Michelle Blanc n&rsquo;aime pas les Macs.<\/strong> En lieu et place de pol\u00e9mique, ce sont plut\u00f4t des commentaires, un peu vindicatifs mais pas sans fondements, qui ont pris place \u00e0 la suite d&rsquo;un des articles de la c\u00e9l\u00e8bre blogueuse Montr\u00e9alaise. Aime-t-elle ou pas les Macs? L\u00e0 n&rsquo;est pas la question. Je suis s\u00fbr qu&rsquo;Apple aimerait plut\u00f4t conna\u00eetre les raisons de ce d\u00e9samour.<\/p>\n<p>Mais avant d&rsquo;aller plus loin, revenons au d\u00e9but de l&rsquo;histoire. <strong>Michelle Blanc<\/strong> est blogueuse en r\u00e9sidence pour la cha\u00eene c\u00e2bl\u00e9e\u00a0 <a title=\"Vox TV\" href=\"https:\/\/web.archive.org\/web\/20121227121329\/http:\/\/www.voxtv.ca:80\/montreal\/accueil\/\" target=\"_blank\" rel=\"noopener noreferrer\">Vox<\/a>. Sur cette cha\u00eene exclusive aux abonn\u00e9s\u00a0 <a title=\"Videotron\" href=\"http:\/\/www.videotron.com\/\" target=\"_blank\" rel=\"noopener noreferrer\">Vid\u00e9otron<\/a>, l&rsquo;\u00e9mission\u00a0 <a title=\"Emission Le Lab\" href=\"https:\/\/web.archive.org\/web\/20111216104626\/http:\/\/www.voxtv.info:80\/lelab\/\" target=\"_blank\" rel=\"noopener noreferrer\">Le Lab<\/a> explore chaque semaine le monde des nouvelles technologies. La cha\u00eene met \u00e0 disposition les archives des \u00e9missions sur Internet et Michelle Blanc pr\u00e9sente les vid\u00e9os des sujets qu&rsquo;elle traite sur son blog.\u00a0 <!--more--><\/p>\n<p>Pour sa\u00a0 <a title=\"Blog de Michelle Blanc\" href=\"http:\/\/www.michelleblanc.com\/2009\/11\/02\/le-lab-voxtv-chronique-passion-pc-vs-apple\/\" target=\"_blank\" rel=\"noopener noreferrer\">huiti\u00e8me chronique<\/a>, elle parlait de la passion en marketing Internet et dans la vie professionnelle, et a ensuite d\u00e9bord\u00e9 sur la rivalit\u00e9 Mac vs PC. Un d\u00e9bat qui peut vite devenir houleux, \u00e0 la mani\u00e8re d&rsquo;une discussion Starwars vs Startrek. Les commentaires \u00e0 la suite de cet article n&rsquo;ont pas manqu\u00e9 d&rsquo;attaquer ses arguments. Il y en a qui aime jeter de l&rsquo;huile sur le feu, et\u00a0 <a title=\"L&#039;article sur MacQu\u00e9bec\" href=\"https:\/\/web.archive.org\/web\/20100216230834\/http:\/\/macquebec.com:80\/spip.php?article5530\" target=\"_blank\" rel=\"noopener noreferrer\">MacQu\u00e9bec<\/a> a repris la vid\u00e9o incrimin\u00e9 quelques jours plus tard. Les commentaires continu\u00e8rent sur le m\u00eame chemin.<\/p>\n<p>Qu&rsquo;est-ce qui posait probl\u00e8me ? Les arguments qu&rsquo;avan\u00e7aient Michelle Blanc. <strong>Selon elle, le syst\u00e8me des machines Apple \u00e9tait moins ouvert que les Windows de Microsoft, il \u00e9tait impossible d&rsquo;ouvrir sur PC un document \u00e9crit sur un Mac&#8230;<\/strong> Des arguments pas forc\u00e9ment faux&#8230; il y a quelques ann\u00e9es. Tout comme le mythe de la souris \u00e0 un clic, du fait qu&rsquo;il n&rsquo;existe pas d&rsquo;\u00e9diteur de texte convenable sur Mac ou l&rsquo;incompatibilit\u00e9 entre documents Mac et PC.<\/p>\n<p>Selon Michelle Blanc, l&rsquo;OS de Microsoft est plus ouvert aux d\u00e9veloppeurs. Si elle a tort sur la base, le syst\u00e8me d&rsquo;exploitation OsX \u00e9tant bas\u00e9 sur Unix, il me semble que ce qu&rsquo;elle voulait dire \u00e9tait tout autre. Ainsi, on trouve beaucoup plus de logiciels libres et gratuits sur PC que sur Mac. Cela est aussi peu \u00e0 peu en train d&rsquo;\u00e9voluer, de changer.<\/p>\n<p>Mais plut\u00f4t que de continuer l&rsquo;affrontement Mac vs PC, je souhaitais amener le d\u00e9bat sur un autre terrain, celui de l&rsquo;utilisateur. Il y a autant de power users sur Mac que sur PC, de geeks fanboys d&rsquo;Apple ou de Microsoft. Mais les usages sont diff\u00e9rents. <strong>Habitu\u00e9 \u00e0 travailler sur PC, lorsqu&rsquo;il s&rsquo;agit de vid\u00e9o, je passe imm\u00e9diatement sur Mac. Pourquoi ?<\/strong><\/p>\n<p>Dans le domaine du montage vid\u00e9o professionnel, trois logiciels tiennent le haut du panier.\u00a0 <a title=\"Avid\" href=\"http:\/\/www.avid.com\/\" target=\"_blank\" rel=\"noopener noreferrer\">Avid<\/a> d&rsquo;abord, leader incontest\u00e9, offre un logiciel qui ne trouve d&rsquo;\u00e9gal dans sa puissance que dans sa complexit\u00e9. Challenger r\u00e9current,\u00a0 <a title=\"Apple Final Cut Pro\" href=\"https:\/\/www.apple.com\/fr\/final-cut-pro\/\" target=\"_blank\" rel=\"noopener noreferrer\">Final Cut Pro<\/a> propose une interface particuli\u00e8rement user-friendly et presque autant de possibilit\u00e9s qu&rsquo;Avid. Enfin, Adobe joue le r\u00f4le d&rsquo;Outsider avec son\u00a0 <a title=\"Adobe Premiere Pro\" href=\"http:\/\/www.adobe.com\/fr\/products\/premiere\/\" target=\"_blank\" rel=\"noopener noreferrer\">Premiere Pro<\/a>, qui tente de r\u00e9unir le meilleur de ses deux concurrents. Ce qu&rsquo;il faut savoir, c&rsquo;est que si Avid et Premiere sont multi-plateformes, Final Cut ne fonctionne que sur Mac.<\/p>\n<p><strong>Si j&rsquo;ai \u00e9t\u00e9 form\u00e9 et sais utiliser les trois logiciels, Final Cut Pro \u00e0 ma pr\u00e9f\u00e9rence, ce qui implique d&rsquo;utiliser un Mac.<\/strong> Pourtant, il est hors de question pour moi de faire autre chose sur une machine d&rsquo;Apple. Pour le reste, travail ou divertissement, je reviendrais sur PC. Je connais plusieurs autres monteurs vid\u00e9os qui sont dans le m\u00eame cas. Apple ne tire d&rsquo;ailleurs pas son \u00e9pingle du jeu que dans la vid\u00e9o, mais aussi dans la photographie, voire le son et la musique. Autant de domaines qui impliquent des usages particuliers, autant d&rsquo;usages qui peuvent justifier d&rsquo;utiliser un Mac \u00e0 la place d&rsquo;un PC.<\/p>\n<p><strong>A l&rsquo;heure actuelle, qu&rsquo;y a-t-il sur PC qu&rsquo;on ne puisse faire sur Mac ? Et inversement ? Pas grand chose, sinon rien. Les deux syst\u00e8mes ont leurs partisans, car ils ont chacun leurs avantages et leurs d\u00e9fauts. Ceux-ci sont d\u00e9termin\u00e9s par les usages et les besoins qu&rsquo;on a des deux mondes. Il n&rsquo;y a pas de groupe, il n&rsquo;y a pas de camp \u00e0 privil\u00e9gier : il n&rsquo;y a pas de guerre. Il n&rsquo;y a pas d&rsquo;armes. Il n&rsquo;y a que des outils.<\/strong><\/p>\n<p>Une chose m&rsquo;\u00e9tonne pourtant. Michelle Blanc n&rsquo;a r\u00e9pondu \u00e0 aucun des commentaires qui ont \u00e9t\u00e9 post\u00e9s en r\u00e9ponse \u00e0 son article. Aurait-ce \u00e9t\u00e9 utile ? Peut-\u00eatre ce genre de discussion ne trouve-t-il jamais le chemin de la raison.<\/p>\n","protected":false},"excerpt":{"rendered":"<p>A l&rsquo;heure actuelle, qu&rsquo;y a-t-il sur PC qu&rsquo;on ne puisse faire sur Mac ? Et inversement ? Pas grand chose, sinon rien. Les deux syst\u00e8mes ont leurs partisans, car ils ont chacun leurs avantages et leurs d\u00e9fauts. Ceux-ci sont d\u00e9termin\u00e9s par les usages et les besoins qu&rsquo;on a des deux mondes. Il n&rsquo;y a pas de groupe, il n&rsquo;y a pas de camp \u00e0 privil\u00e9gier : il n&rsquo;y a pas de guerre. Il n&rsquo;y a pas d&rsquo;armes. Il n&rsquo;y a que des outils.<\/p>\n","protected":false},"author":2,"featured_media":0,"comment_status":"open","ping_status":"open","sticky":false,"template":"","format":"standard","meta":{"jetpack_post_was_ever_published":false,"footnotes":""},"categories":[5,4,6],"tags":[21,35,43,53,54,124,182,191,194,195,203,208,209,215,232,233,253,258,637,357,362,372],"class_list":["post-42","post","type-post","status-publish","format-standard","hentry","category-nouvelles-technologies","category-non-classe","category-video","tag-adobe","tag-apple","tag-avid","tag-blog","tag-blogueuse","tag-final-cut-pro","tag-le-lab","tag-logiciels","tag-mac","tag-macquebec","tag-mediacomposer","tag-michelle-blanc","tag-microsoft","tag-montage","tag-os","tag-osx","tag-premere-pro","tag-professionnel","tag-video","tag-videotron","tag-vox","tag-windows"],"aioseo_notices":[],"jetpack_featured_media_url":"","jetpack_shortlink":"https:\/\/wp.me\/p97UKg-G","jetpack-related-posts":[{"id":56416,"url":"https:\/\/hespel.fr\/?p=56416","url_meta":{"origin":42,"position":0},"title":"Minority Report ou les mises \u00e0 jour d&rsquo;Adobe","author":"R. Hespel","date":"novembre 4, 2023","format":false,"excerpt":"\u00c7a doit faire des ann\u00e9es que je r\u00e2le sur la politique de mise \u00e0 jour de la suite Adobe Creative Cloud. Je n'ai pas \u00e9t\u00e9 le dernier \u00e0 les accuser de jouer le jeu de l'obsolescence programm\u00e9e, m\u00eame si c'\u00e9tait peut-\u00eatre \u00e0 tort... jusqu'\u00e0 aujourd'hui. Peut-\u00eatre aviez-vous re\u00e7u le m\u00e9mo\u2026","rel":"","context":"Dans &quot;Nouvelles technologies&quot;","block_context":{"text":"Nouvelles technologies","link":"https:\/\/hespel.fr\/?cat=5"},"img":{"alt_text":"Les versions 24.0 de nos applications vid\u00e9o n\u00e9cessiteront des processeurs prenant en charge Advanced Vector Extensions 2 (AVX2). ","src":"https:\/\/i0.wp.com\/hespel.fr\/wp-content\/uploads\/2023\/10\/Adobe001.jpg?resize=350%2C200&ssl=1","width":350,"height":200,"srcset":"https:\/\/i0.wp.com\/hespel.fr\/wp-content\/uploads\/2023\/10\/Adobe001.jpg?resize=350%2C200&ssl=1 1x, https:\/\/i0.wp.com\/hespel.fr\/wp-content\/uploads\/2023\/10\/Adobe001.jpg?resize=525%2C300&ssl=1 1.5x, https:\/\/i0.wp.com\/hespel.fr\/wp-content\/uploads\/2023\/10\/Adobe001.jpg?resize=700%2C400&ssl=1 2x"},"classes":[]},{"id":57235,"url":"https:\/\/hespel.fr\/?p=57235","url_meta":{"origin":42,"position":1},"title":"Blanche Neige ou filmer \u00e0 l&rsquo;iPhone","author":"R. Hespel","date":"novembre 7, 2023","format":false,"excerpt":"La semaine derni\u00e8re avait lieu le \"Scary Fast\", un \u00e9v\u00e9nement Apple comme on en conna\u00eet maintenant r\u00e9guli\u00e8rement, durant lequel la marque \u00e0 la pomme a annonc\u00e9 ses nouveaux Macbooks, \u00e9quip\u00e9s \u00e0 pr\u00e9sent de puces M3. Rien de bien surprenant, a priori. Sauf que l'\u00e9v\u00e9nement se terminait sur une touche inhabituelle,\u2026","rel":"","context":"Dans &quot;Nouvelles technologies&quot;","block_context":{"text":"Nouvelles technologies","link":"https:\/\/hespel.fr\/?cat=5"},"img":{"alt_text":"This event was shot on iPhone","src":"https:\/\/i0.wp.com\/hespel.fr\/wp-content\/uploads\/2023\/11\/AppleEventScaryFast-1024x576.jpg?resize=350%2C200&ssl=1","width":350,"height":200,"srcset":"https:\/\/i0.wp.com\/hespel.fr\/wp-content\/uploads\/2023\/11\/AppleEventScaryFast-1024x576.jpg?resize=350%2C200&ssl=1 1x, https:\/\/i0.wp.com\/hespel.fr\/wp-content\/uploads\/2023\/11\/AppleEventScaryFast-1024x576.jpg?resize=525%2C300&ssl=1 1.5x, https:\/\/i0.wp.com\/hespel.fr\/wp-content\/uploads\/2023\/11\/AppleEventScaryFast-1024x576.jpg?resize=700%2C400&ssl=1 2x"},"classes":[]},{"id":976,"url":"https:\/\/hespel.fr\/?p=976","url_meta":{"origin":42,"position":2},"title":"The Final Cut ou une s\u00e9lection de logiciels de montage gratuits","author":"R. Hespel","date":"avril 20, 2018","format":false,"excerpt":"Depuis qu'Apple a officiellement annonc\u00e9 l'impossibilit\u00e9 pour Final Cut Pro 7 de fonctionner sous MacOS 10.13 High Sierra, je me suis activement mis \u00e0 la recherche de son successeur. Mon quotidien tournant de mani\u00e8re importante autour du montage vid\u00e9o, ce n'\u00e9tait pas une d\u00e9cision \u00e0 prendre \u00e0 la l\u00e9g\u00e8re et\u2026","rel":"","context":"Dans &quot;Tests&quot;","block_context":{"text":"Tests","link":"https:\/\/hespel.fr\/?cat=448"},"img":{"alt_text":"","src":"https:\/\/i0.wp.com\/hespel.fr\/wp-content\/uploads\/2018\/04\/adobecc-1024x650.jpg?resize=350%2C200&ssl=1","width":350,"height":200,"srcset":"https:\/\/i0.wp.com\/hespel.fr\/wp-content\/uploads\/2018\/04\/adobecc-1024x650.jpg?resize=350%2C200&ssl=1 1x, https:\/\/i0.wp.com\/hespel.fr\/wp-content\/uploads\/2018\/04\/adobecc-1024x650.jpg?resize=525%2C300&ssl=1 1.5x, https:\/\/i0.wp.com\/hespel.fr\/wp-content\/uploads\/2018\/04\/adobecc-1024x650.jpg?resize=700%2C400&ssl=1 2x"},"classes":[]},{"id":673,"url":"https:\/\/hespel.fr\/?p=673","url_meta":{"origin":42,"position":3},"title":"J&rsquo;ai regard\u00e9 un film sur mon smartphone et j&rsquo;ai aim\u00e9 \u00e7a","author":"R. Hespel","date":"juillet 20, 2016","format":false,"excerpt":"J'en ai d\u00e9j\u00e0 parl\u00e9 par le pass\u00e9, j'ai la conviction que nos modes de consommation de films vont \u00e9voluer et sont d\u00e9j\u00e0 en train d'\u00e9voluer. Avec l'av\u00e8nement des smartphones et des tablettes, des services de VOD tels que Netflix et autre Molotov.tv, plus besoin d'aller au cin\u00e9ma ou d'allumer la\u2026","rel":"","context":"Dans &quot;Cinema&quot;","block_context":{"text":"Cinema","link":"https:\/\/hespel.fr\/?cat=3"},"img":{"alt_text":"Image by Kevin M.\/Gadget Hacks","src":"https:\/\/i0.wp.com\/hespel.fr\/wp-content\/uploads\/2016\/07\/4-best-phones-for-binge-watching-netflix-hulu.w1456-1024x682.jpg?resize=350%2C200&ssl=1","width":350,"height":200,"srcset":"https:\/\/i0.wp.com\/hespel.fr\/wp-content\/uploads\/2016\/07\/4-best-phones-for-binge-watching-netflix-hulu.w1456-1024x682.jpg?resize=350%2C200&ssl=1 1x, https:\/\/i0.wp.com\/hespel.fr\/wp-content\/uploads\/2016\/07\/4-best-phones-for-binge-watching-netflix-hulu.w1456-1024x682.jpg?resize=525%2C300&ssl=1 1.5x, https:\/\/i0.wp.com\/hespel.fr\/wp-content\/uploads\/2016\/07\/4-best-phones-for-binge-watching-netflix-hulu.w1456-1024x682.jpg?resize=700%2C400&ssl=1 2x"},"classes":[]},{"id":398,"url":"https:\/\/hespel.fr\/?p=398","url_meta":{"origin":42,"position":4},"title":"Hook ou ces marques qui communiquent en vid\u00e9o","author":"R. Hespel","date":"janvier 29, 2013","format":false,"excerpt":"La recette d'une vid\u00e9o virale, personne ne la conna\u00eet. Des centaines d'articles existent sur Internet et vous promettent le Graal, \u00e0 base de grandes lignes directrices, mais la v\u00e9rit\u00e9 est que personne ne poss\u00e8de la formule magique. Les ingr\u00e9dients sont pourtant connus : de l'humour ou de l'\u00e9motion, quelque chose\u2026","rel":"","context":"Dans &quot;R\u00e9flexions&quot;","block_context":{"text":"R\u00e9flexions","link":"https:\/\/hespel.fr\/?cat=4"},"img":{"alt_text":"catalogue-redoute-homme-nu-dr","src":"https:\/\/i0.wp.com\/hespel.fr\/wp-content\/uploads\/2013\/01\/catalogue-redoute-homme-nu-dr-300x192.jpg?resize=350%2C200","width":350,"height":200},"classes":[]},{"id":627,"url":"https:\/\/hespel.fr\/?p=627","url_meta":{"origin":42,"position":5},"title":"Cloud Atlas ou quand RealPlayer se met au Cloud","author":"R. Hespel","date":"ao\u00fbt 4, 2014","format":false,"excerpt":"Quand Real Player revient d'entre les morts... Cela fait maintenant plusieurs semaines que j'utilise la toute derni\u00e8re version de Real Player, dans son it\u00e9ration d\u00e9di\u00e9e au partage de fichiers dans le nuage. Il faut donc \u00e0 pr\u00e9sent parler de RealPlayer Cloud, un service \u00e9quivalent \u00e0 Dropbox, OneDrive ou Google Drive,\u2026","rel":"","context":"Dans &quot;Nouvelles technologies&quot;","block_context":{"text":"Nouvelles technologies","link":"https:\/\/hespel.fr\/?cat=5"},"img":{"alt_text":"rp-logo","src":"https:\/\/i0.wp.com\/hespel.fr\/wp-content\/uploads\/2014\/08\/rp-logo.png?resize=350%2C200","width":350,"height":200},"classes":[]}],"_links":{"self":[{"href":"https:\/\/hespel.fr\/index.php?rest_route=\/wp\/v2\/posts\/42","targetHints":{"allow":["GET"]}}],"collection":[{"href":"https:\/\/hespel.fr\/index.php?rest_route=\/wp\/v2\/posts"}],"about":[{"href":"https:\/\/hespel.fr\/index.php?rest_route=\/wp\/v2\/types\/post"}],"author":[{"embeddable":true,"href":"https:\/\/hespel.fr\/index.php?rest_route=\/wp\/v2\/users\/2"}],"replies":[{"embeddable":true,"href":"https:\/\/hespel.fr\/index.php?rest_route=%2Fwp%2Fv2%2Fcomments&post=42"}],"version-history":[{"count":6,"href":"https:\/\/hespel.fr\/index.php?rest_route=\/wp\/v2\/posts\/42\/revisions"}],"predecessor-version":[{"id":6987,"href":"https:\/\/hespel.fr\/index.php?rest_route=\/wp\/v2\/posts\/42\/revisions\/6987"}],"wp:attachment":[{"href":"https:\/\/hespel.fr\/index.php?rest_route=%2Fwp%2Fv2%2Fmedia&parent=42"}],"wp:term":[{"taxonomy":"category","embeddable":true,"href":"https:\/\/hespel.fr\/index.php?rest_route=%2Fwp%2Fv2%2Fcategories&post=42"},{"taxonomy":"post_tag","embeddable":true,"href":"https:\/\/hespel.fr\/index.php?rest_route=%2Fwp%2Fv2%2Ftags&post=42"}],"curies":[{"name":"wp","href":"https:\/\/api.w.org\/{rel}","templated":true}]}}