{"id":360,"date":"2012-12-24T17:17:46","date_gmt":"2012-12-24T16:17:46","guid":{"rendered":"http:\/\/hespel.fr\/?p=360"},"modified":"2026-04-21T10:40:15","modified_gmt":"2026-04-21T08:40:15","slug":"des-objectifs-pour-les-sony-nex-ou-the-final-cut","status":"publish","type":"post","link":"https:\/\/hespel.fr\/?p=360","title":{"rendered":"One Hour Photo ou des objectifs pour monture Sony E"},"content":{"rendered":"<p><strong>En 2010, Sony sortait son premier mod\u00e8le de cam\u00e9ra \u00e0 optiques interchangeables pour le grand public<\/strong>, le <a href=\"http:\/\/hespel.fr\/?p=191\" title=\"La Rel\u00e8ve ou la Sony NEX-VG10\">Sony NEX-VG10<\/a>. L&rsquo;objectif avou\u00e9 : concurrencer les DSLR de Canon en offrant aux vid\u00e9astes une alternative aux attraits certains. \u00c0 l&rsquo;aube de 2013, Sony annon\u00e7ait la troisi\u00e8me mise \u00e0 niveau de son mod\u00e8le, le VG30, auquel s&rsquo;ajoute un mod\u00e8le aussi plus haut de gamme, le NEX-VG900. Derri\u00e8re ces noms se cachent juste davantage de possibilit\u00e9s (<a href=\"https:\/\/www.sony.com\/electronics\/handycam-camcorders\/nex-vg30-vg30h\" title=\"La Sony NEX-VG30\" target=\"_blank\" rel=\"noopener noreferrer\">la VG30<\/a> dispose par exemple d&rsquo;un zoom motoris\u00e9 \u00e0 pr\u00e9sent), avec toujours un tr\u00e8s grand capteur.<\/p>\n<p>J&rsquo;arrive un peu trop tard pour vous conseiller dans vos achats de No\u00ebl. Mais si jamais vous avez re\u00e7u une VG10, VG20, VG30 ou m\u00eame un des appareils photo de la marque (le NEX-5R par exemple, voire Sony a6000, a6300 ou a6500), vous serez peut-\u00eatre int\u00e9ress\u00e9s par savoir <strong>quels objectifs adjoindre \u00e0 votre nouvelle arme de poing<\/strong>.<br \/>\n<!--more--><\/p>\n<p>Les mod\u00e8les micro 4\/3 de Sony ont leur propre type de monture lorsqu&rsquo;il s&rsquo;agit d&rsquo;objectif, <strong>la E-mount<\/strong>. On trouve toute une s\u00e9rie d&rsquo;objectifs compatibles mais qui sont parfois un peu chers, comme souvent dans ce domaine. On trouve heureusement une pl\u00e9thore de bagues et d&rsquo;<strong>adaptateurs pour utiliser les objectifs d&rsquo;autres marques<\/strong> qui ont un catalogue bien plus large (Canon et Nikon en t\u00eate) et dont vous poss\u00e9dez peut-\u00eatre d\u00e9j\u00e0 un exemplaire.<\/p>\n<p>Mon but ici n&rsquo;est pas cependant d&rsquo;en faire la liste &#8211; je n&rsquo;ai pas acc\u00e8s \u00e0 autant d&rsquo;objectifs, mais si Canon ou Nikon veulent m&rsquo;en soumettre, je ne serais pas contre en faire le test. Non, <strong>ce que j&rsquo;aimerais vous conseiller, ce sont deux objectifs \u00e0 bas prix<\/strong> qui pourraient donner un look particuli\u00e8rement int\u00e9ressant \u00e0 vos vid\u00e9os ou \u00e0 vos photos. On les trouve autour de 50 euros chacun en cherchant un peu.<br \/>\n<figure id=\"attachment_364\" aria-describedby=\"caption-attachment-364\" style=\"width: 780px\" class=\"wp-caption aligncenter\"><img loading=\"lazy\" decoding=\"async\" data-attachment-id=\"364\" data-permalink=\"https:\/\/hespel.fr\/?attachment_id=364\" data-orig-file=\"https:\/\/hespel.fr\/wp-content\/uploads\/2012\/12\/DSC00029.jpg\" data-orig-size=\"4592,2576\" data-comments-opened=\"1\" data-image-meta=\"{&quot;aperture&quot;:&quot;3.5&quot;,&quot;credit&quot;:&quot;&quot;,&quot;camera&quot;:&quot;NEX-VG10E&quot;,&quot;caption&quot;:&quot;&quot;,&quot;created_timestamp&quot;:&quot;1356271460&quot;,&quot;copyright&quot;:&quot;&quot;,&quot;focal_length&quot;:&quot;18&quot;,&quot;iso&quot;:&quot;6400&quot;,&quot;shutter_speed&quot;:&quot;0.00625&quot;,&quot;title&quot;:&quot;SONY DSC&quot;}\" data-image-title=\"SONY DSC\" data-image-description=\"\" data-image-caption=\"&lt;p&gt;Avec l&amp;rsquo;objectif 18-200mm&lt;\/p&gt;\n\" data-large-file=\"https:\/\/hespel.fr\/wp-content\/uploads\/2012\/12\/DSC00029-1024x574.jpg\" src=\"https:\/\/hespel.fr\/wp-content\/uploads\/2012\/12\/DSC00029-1024x574.jpg\" alt=\"Avec l&#039;objectif 18-200mm\" width=\"780\" height=\"437\" class=\"size-large wp-image-364\" srcset=\"https:\/\/hespel.fr\/wp-content\/uploads\/2012\/12\/DSC00029-1024x574.jpg 1024w, https:\/\/hespel.fr\/wp-content\/uploads\/2012\/12\/DSC00029-300x168.jpg 300w\" sizes=\"auto, (max-width: 780px) 100vw, 780px\" \/><figcaption id=\"caption-attachment-364\" class=\"wp-caption-text\">Avec l&rsquo;objectif 18-200mm<\/figcaption><\/figure><br \/>\nLes NEX-VG10 et VG20 \u00e9taient vendues avec le m\u00eame objectif, un <a href=\"https:\/\/www.lesnumeriques.com\/objectif\/sony-18-200-mm-f-3-5-6-3-monture-e-nex-p48545\/test.html\" title=\"Test par Focus Num\u00e9rique\" target=\"_blank\" rel=\"noopener noreferrer\">18-200mm F 3,5-6,3<\/a> stabilis\u00e9, avec un zoom important, le rendant polyvalent. Un \u00ab\u00a0caillou\u00a0\u00bb de bonne qualit\u00e9 qui valait \u00e0 lui seul deux tiers du prix du package. Celui du VG30 est \u00e9quivalent, mais poss\u00e8de un zoom \u00e9lectrique, alors qu&rsquo;on ne pouvait pr\u00e9c\u00e9demment l&rsquo;actionner que par la bague manuelle.<\/p>\n<p><strong>Ce qu&rsquo;il faut retenir de ces objectifs, c&rsquo;est qu&rsquo;ils poss\u00e8dent un zoom et une stabilisation.<\/strong> Les objectifs dont je vais maintenant vous parler en sont d\u00e9pourvus, c&rsquo;est-\u00e0-dire qu&rsquo;ils ont une focale fixe (il faudra se d\u00e9placer pour se rapprocher ou s&rsquo;\u00e9loigner du sujet) et que le moindre mouvement se verra \u00e0 l&rsquo;image, tremblements compris.<br \/>\n<figure id=\"attachment_365\" aria-describedby=\"caption-attachment-365\" style=\"width: 780px\" class=\"wp-caption aligncenter\"><img loading=\"lazy\" decoding=\"async\" data-attachment-id=\"365\" data-permalink=\"https:\/\/hespel.fr\/?attachment_id=365\" data-orig-file=\"https:\/\/hespel.fr\/wp-content\/uploads\/2012\/12\/DSC00026.jpg\" data-orig-size=\"4592,2576\" data-comments-opened=\"1\" data-image-meta=\"{&quot;aperture&quot;:&quot;1&quot;,&quot;credit&quot;:&quot;&quot;,&quot;camera&quot;:&quot;NEX-VG10E&quot;,&quot;caption&quot;:&quot;&quot;,&quot;created_timestamp&quot;:&quot;1356271332&quot;,&quot;copyright&quot;:&quot;&quot;,&quot;focal_length&quot;:&quot;0&quot;,&quot;iso&quot;:&quot;4000&quot;,&quot;shutter_speed&quot;:&quot;0.004&quot;,&quot;title&quot;:&quot;SONY DSC&quot;}\" data-image-title=\"Avec le H\u00e9lios 44-2\" data-image-description=\"\" data-image-caption=\"&lt;p&gt;Avec le H\u00e9lios 44-2&lt;\/p&gt;\n\" data-large-file=\"https:\/\/hespel.fr\/wp-content\/uploads\/2012\/12\/DSC00026-1024x574.jpg\" src=\"https:\/\/hespel.fr\/wp-content\/uploads\/2012\/12\/DSC00026-1024x574.jpg\" alt=\"Avec le H\u00e9lios 44-2\" width=\"780\" height=\"437\" class=\"size-large wp-image-365\" srcset=\"https:\/\/hespel.fr\/wp-content\/uploads\/2012\/12\/DSC00026-1024x574.jpg 1024w, https:\/\/hespel.fr\/wp-content\/uploads\/2012\/12\/DSC00026-300x168.jpg 300w\" sizes=\"auto, (max-width: 780px) 100vw, 780px\" \/><figcaption id=\"caption-attachment-365\" class=\"wp-caption-text\">Avec le H\u00e9lios 44-2<\/figcaption><\/figure><br \/>\nJe commencerai par une s\u00e9rie d&rsquo;objectifs anciens, r\u00e9pondant au doux nom de <a href=\"http:\/\/fr.wikipedia.org\/wiki\/Monture_M42\" title=\"Monture M42 sur Wikip\u00e9dia\" target=\"_blank\" rel=\"noopener noreferrer\">M42<\/a>. Il s&rsquo;agit en fait de la monture viss\u00e9e d&rsquo;un diam\u00e8tre de 42mm. Pour les utiliser, il faut bien s\u00fbr passer par un adaptateur, qui ne co\u00fbte pas plus de 15 euros sur Ebay. De Carl Zeiss \u00e0 Rokinon en passant par Takumar ou Praktica, on trouve de tout en <strong>M42<\/strong>. J&rsquo;ai opt\u00e9 pour le <a href=\"https:\/\/pierretizien-photos.blogspot.com\/2013\/10\/helios-44-2-58mm-f2-zebra.html\" title=\"Un test du Helios 44-2\" target=\"_blank\" rel=\"noopener noreferrer\">H\u00e9lios 44-2<\/a>, un 58mm f2. Les 50mm sont recommand\u00e9s pour tout ce qui touche aux portraits et celui-l\u00e0 ne d\u00e9roge pas \u00e0 la r\u00e8gle. Offrant \u00e0 la fois un joli piqu\u00e9 et un bokeh tr\u00e8s doux, cet objectif russe a encore plus d&rsquo;un tour dans son sac.<br \/>\n<figure id=\"attachment_366\" aria-describedby=\"caption-attachment-366\" style=\"width: 780px\" class=\"wp-caption aligncenter\"><img loading=\"lazy\" decoding=\"async\" data-attachment-id=\"366\" data-permalink=\"https:\/\/hespel.fr\/?attachment_id=366\" data-orig-file=\"https:\/\/hespel.fr\/wp-content\/uploads\/2012\/12\/DSC00021.jpg\" data-orig-size=\"4592,2576\" data-comments-opened=\"1\" data-image-meta=\"{&quot;aperture&quot;:&quot;1&quot;,&quot;credit&quot;:&quot;&quot;,&quot;camera&quot;:&quot;NEX-VG10E&quot;,&quot;caption&quot;:&quot;&quot;,&quot;created_timestamp&quot;:&quot;1356188490&quot;,&quot;copyright&quot;:&quot;&quot;,&quot;focal_length&quot;:&quot;0&quot;,&quot;iso&quot;:&quot;6400&quot;,&quot;shutter_speed&quot;:&quot;0.004&quot;,&quot;title&quot;:&quot;SONY DSC&quot;}\" data-image-title=\"Avec le Fujian 35mm\" data-image-description=\"\" data-image-caption=\"&lt;p&gt;Avec le Fujian 35mm&lt;\/p&gt;\n\" data-large-file=\"https:\/\/hespel.fr\/wp-content\/uploads\/2012\/12\/DSC00021-1024x574.jpg\" src=\"https:\/\/hespel.fr\/wp-content\/uploads\/2012\/12\/DSC00021-1024x574.jpg\" alt=\"Avec le Fujian 35mm\" width=\"780\" height=\"437\" class=\"size-large wp-image-366\" srcset=\"https:\/\/hespel.fr\/wp-content\/uploads\/2012\/12\/DSC00021-1024x574.jpg 1024w, https:\/\/hespel.fr\/wp-content\/uploads\/2012\/12\/DSC00021-300x168.jpg 300w\" sizes=\"auto, (max-width: 780px) 100vw, 780px\" \/><figcaption id=\"caption-attachment-366\" class=\"wp-caption-text\">Avec le Fujian 35mm<\/figcaption><\/figure><br \/>\nOutre la gamme M42, on trouve aussi des choses un peu exotiques sur Ebay. Le <strong>SLR Magic 35mm f\/1.7<\/strong>, aussi d\u00e9nomm\u00e9 <a href=\"https:\/\/www.stevehuffphoto.com\/2016\/11\/07\/fujian-35mm-f1-7-the-cheap-charm-offensive-for-m43-by-brad-nichol\/\" title=\"Un test du Fujian 35mm\" target=\"_blank\" rel=\"noopener noreferrer\">Fujian 35mm 1,7 CCTV<\/a> est un objectif tout droit sorti de la t\u00e9l\u00e9vision chinoise mais qui s&rsquo;adapte parfaitement aux appareils SONY (toujours via une bague d&rsquo;adaptation), tout en permettant des essais visuels tr\u00e8s int\u00e9ressants. Utilisable pour des portraits, des paysages, de l&rsquo;architecture ou du reportage, il poss\u00e8de une grande ouverture et un flou artistique sur les bords \u00e0 utiliser sans mod\u00e9ration.<\/p>\n<p>Voici un exemple de vid\u00e9o r\u00e9alis\u00e9e avec exclusivement l&rsquo;optique de base ainsi que le H\u00e9lios 44-2 :<\/p>\n<div class=\"jetpack-video-wrapper\"><span class=\"embed-youtube\" style=\"text-align:center; display: block;\"><iframe loading=\"lazy\" class=\"youtube-player\" width=\"780\" height=\"439\" src=\"https:\/\/www.youtube.com\/embed\/_Blp8CmiGV0?version=3&#038;rel=1&#038;showsearch=0&#038;showinfo=1&#038;iv_load_policy=1&#038;fs=1&#038;hl=fr-FR&#038;autohide=2&#038;wmode=transparent\" allowfullscreen=\"true\" style=\"border:0;\" sandbox=\"allow-scripts allow-same-origin allow-popups allow-presentation allow-popups-to-escape-sandbox\"><\/iframe><\/span><\/div>\n<p><strong>Si vous \u00eates int\u00e9ress\u00e9s par des objectifs pas chers pour votre appareil photo Sony, qu&rsquo;il s&rsquo;agisse d&rsquo;un Full Frame ou d&rsquo;un Micro 4\/3, ne cherchez pas plus loin. En plus du kit de base, ils vous permettront de vous amuser largement et d&rsquo;exp\u00e9rimenter \u00e0 tout-va. Outre les objectifs, n&rsquo;oubliez pas d&rsquo;ajouter \u00e0 votre cam\u00e9ra ou \u00e0 votre appareil une seconde batterie et un bon tr\u00e9pied. En vid\u00e9o, n&rsquo;oublions pas un micro externe, mais il faudrait un nouvel article pour en d\u00e9tailler l&rsquo;offre. D&rsquo;ici \u00e0 ce que ce soit fait, je vous souhaite un joyeux No\u00ebl et une tr\u00e8s bonne ann\u00e9e 2013 !<br \/>\n<\/strong><\/p>\n<p>Autre exemple de vid\u00e9o r\u00e9alis\u00e9e avec ces objectifs (en particulier le Fujian) :<br \/>\n<div style=\"width: 640px;\" class=\"wp-video\"><video class=\"wp-video-shortcode\" id=\"video-360-1\" width=\"640\" height=\"360\" preload=\"metadata\" controls=\"controls\"><source type=\"video\/mp4\" src=\"https:\/\/streamer.podcast.uliege.be\/webTV\/Amphis\/Etudes\/BonneBloque2014\/BonneBloque2014HD.mp4?_=1\" \/><a href=\"https:\/\/streamer.podcast.uliege.be\/webTV\/Amphis\/Etudes\/BonneBloque2014\/BonneBloque2014HD.mp4\">https:\/\/streamer.podcast.uliege.be\/webTV\/Amphis\/Etudes\/BonneBloque2014\/BonneBloque2014HD.mp4<\/a><\/video><\/div><\/p>\n<p><span class=\"imdbRatingPlugin\" data-user=\"ur22055856\" data-title=\"tt0265459\" data-style=\"t1\"><br \/>\n<a href=\"https:\/\/www.imdb.com\/title\/tt0265459\/?ref_=tt_plg_rt\"\n><img decoding=\"async\" alt=\"One Hour Photo (2002) on IMDb\" src=\"https:\/\/ia.media-imdb.com\/images\/G\/01\/imdb\/plugins\/rating\/images\/imdb_46x22.png\"><br \/>\n<\/a><\/span><br \/>\n<script>\n(function(d,s,id){var js,stags=d.getElementsByTagName(s)[0];\nif(d.getElementById(id)){return;}js=d.createElement(s);js.id=id;\njs.src=\"https:\/\/ia.media-imdb.com\/images\/G\/01\/imdb\/plugins\/rating\/js\/rating.js\";\nstags.parentNode.insertBefore(js,stags);})(document,'script','imdb-rating-api');    \n<\/script>                                    <\/p>\n","protected":false},"excerpt":{"rendered":"<p>En 2010, Sony sortait son premier mod\u00e8le de cam\u00e9ra \u00e0 optiques interchangeables pour le grand public, le Sony NEX-VG10. L&rsquo;objectif avou\u00e9 : concurrencer les DSLR de Canon en offrant aux vid\u00e9astes une alternative aux attraits certains. \u00c0 l&rsquo;aube de 2013, Sony annon\u00e7ait la troisi\u00e8me mise \u00e0 niveau de son mod\u00e8le, le VG30, auquel s&rsquo;ajoute un<\/p>\n<footer class=\"entry-footer index-entry\">\n<div class=\"post-social pull-left\"><a href=\"https:\/\/www.facebook.com\/sharer\/sharer.php?u=https%3A%2F%2Fhespel.fr%2F%3Fp%3D360\" target=\"_blank\" class=\"social-icons\"><i class=\"fa fa-facebook\" aria-hidden=\"true\"><\/i><\/a><a href=\"https:\/\/twitter.com\/home?status=https%3A%2F%2Fhespel.fr%2F%3Fp%3D360\" target=\"_blank\" class=\"social-icons\"><i class=\"fa fa-twitter\" aria-hidden=\"true\"><\/i><\/a><a href=\"https:\/\/www.linkedin.com\/shareArticle?mini=true&#038;url=https%3A%2F%2Fhespel.fr%2F%3Fp%3D360&#038;title=One+Hour+Photo+ou+des+objectifs+pour+monture+Sony+E\" target=\"_blank\" class=\"social-icons\"><i class=\"fa fa-linkedin\" aria-hidden=\"true\"><\/i><\/a><\/div>\n<p class=\"link-more\"><a href=\"https:\/\/hespel.fr\/?p=360\" class=\"more-link\">Continue reading <span class=\"meta-nav\">\u2192<\/span><\/a><\/p>\n<\/footer>\n","protected":false},"author":2,"featured_media":0,"comment_status":"open","ping_status":"open","sticky":false,"template":"","format":"standard","meta":{"jetpack_post_was_ever_published":false,"footnotes":""},"categories":[5,4,448,6],"tags":[670,669,530,522,72,529,107,528,527,533,523,526,224,532,521,531,299,352,524,525],"class_list":["post-360","post","type-post","status-publish","format-standard","hentry","category-nouvelles-technologies","category-non-classe","category-tests","category-video","tag-a6300","tag-a6500","tag-bokeh","tag-cailloux","tag-canon","tag-cctv","tag-dslr","tag-fujian","tag-helios","tag-interchangeable","tag-lens","tag-m42","tag-nex","tag-nikon","tag-objectif","tag-slr-magic","tag-sony","tag-vg10","tag-vg20","tag-vg30"],"aioseo_notices":[],"jetpack_featured_media_url":"","jetpack_shortlink":"https:\/\/wp.me\/p97UKg-5O","jetpack-related-posts":[{"id":191,"url":"https:\/\/hespel.fr\/?p=191","url_meta":{"origin":360,"position":0},"title":"La Rel\u00e8ve ou la Sony NEX-VG10","author":"R. Hespel","date":"novembre 1, 2010","format":false,"excerpt":"J'ai d\u00e9couvert ce week-end une nouvelle cam\u00e9ra semi-professionnelle de Sony : la handycam NEX-VG10. Un mod\u00e8le qui se classe dans la cat\u00e9gorie grand public, s'adressant aux amateurs \u00e9clair\u00e9s et \u00e0 ceux qui aspirent \u00e0 la vid\u00e9o professionnelle \u00e0 peu de frais. Ces derniers temps, sur ce segment, on ne parlait\u2026","rel":"","context":"Dans &quot;Nouvelles technologies&quot;","block_context":{"text":"Nouvelles technologies","link":"https:\/\/hespel.fr\/?cat=5"},"img":{"alt_text":"Sony NEX VG10","src":"https:\/\/i0.wp.com\/hespel.fr\/wp-content\/uploads\/2010\/11\/artoff4797-25173-300x132.jpg?resize=350%2C200","width":350,"height":200},"classes":[]},{"id":4783,"url":"https:\/\/hespel.fr\/?p=4783","url_meta":{"origin":360,"position":1},"title":"GoldenEye ou faire du live streaming en 2020","author":"R. Hespel","date":"juillet 8, 2020","format":false,"excerpt":"On me demande souvent comment capter un \u00e9v\u00e9nement en direct et le diffuser en simultan\u00e9 sur Internet. Depuis 2009, ann\u00e9e \u00e0 partir de laquelle j'ai commenc\u00e9 \u00e0 exp\u00e9rimenter sur le sujet, les choses ont beaucoup \u00e9volu\u00e9es. A l'\u00e9poque, mon mat\u00e9riel de pr\u00e9dilection \u00e9tait une cam\u00e9ra professionnelle reli\u00e9e \u00e0 un ordinateur\u2026","rel":"","context":"Dans &quot;Nouvelles technologies&quot;","block_context":{"text":"Nouvelles technologies","link":"https:\/\/hespel.fr\/?cat=5"},"img":{"alt_text":"","src":"https:\/\/i0.wp.com\/hespel.fr\/wp-content\/uploads\/2020\/07\/CanonEOSwebcamUtility-1024x767.jpg?resize=350%2C200&ssl=1","width":350,"height":200,"srcset":"https:\/\/i0.wp.com\/hespel.fr\/wp-content\/uploads\/2020\/07\/CanonEOSwebcamUtility-1024x767.jpg?resize=350%2C200&ssl=1 1x, https:\/\/i0.wp.com\/hespel.fr\/wp-content\/uploads\/2020\/07\/CanonEOSwebcamUtility-1024x767.jpg?resize=525%2C300&ssl=1 1.5x, https:\/\/i0.wp.com\/hespel.fr\/wp-content\/uploads\/2020\/07\/CanonEOSwebcamUtility-1024x767.jpg?resize=700%2C400&ssl=1 2x"},"classes":[]},{"id":1783,"url":"https:\/\/hespel.fr\/?p=1783","url_meta":{"origin":360,"position":2},"title":"La doublure ou la Sony RX0 Mark II","author":"R. Hespel","date":"f\u00e9vrier 3, 2020","format":false,"excerpt":"Sortie au milieu de l'ann\u00e9e derni\u00e8re, la Sony RX0 II est pass\u00e9e relativement inaper\u00e7ue. Etait-ce \u00e0 cause de son format qui l'assimile d'office \u00e0 une action cam (une GoPro de plus ?), de son c\u00f4t\u00e9 inclassable (beaucoup l'ont envisag\u00e9 comme une cam\u00e9ra pour Youtubeurs), ou de son prix relativement \u00e9lev\u00e9\u2026","rel":"","context":"Dans &quot;Nouvelles technologies&quot;","block_context":{"text":"Nouvelles technologies","link":"https:\/\/hespel.fr\/?cat=5"},"img":{"alt_text":"","src":"https:\/\/i0.wp.com\/hespel.fr\/wp-content\/uploads\/2020\/01\/sonyrx0II_hespel01_resultat-1024x576.jpg?resize=350%2C200&ssl=1","width":350,"height":200,"srcset":"https:\/\/i0.wp.com\/hespel.fr\/wp-content\/uploads\/2020\/01\/sonyrx0II_hespel01_resultat-1024x576.jpg?resize=350%2C200&ssl=1 1x, https:\/\/i0.wp.com\/hespel.fr\/wp-content\/uploads\/2020\/01\/sonyrx0II_hespel01_resultat-1024x576.jpg?resize=525%2C300&ssl=1 1.5x, https:\/\/i0.wp.com\/hespel.fr\/wp-content\/uploads\/2020\/01\/sonyrx0II_hespel01_resultat-1024x576.jpg?resize=700%2C400&ssl=1 2x"},"classes":[]},{"id":146,"url":"https:\/\/hespel.fr\/?p=146","url_meta":{"origin":360,"position":3},"title":"Les Incorruptibles ou filmer avec un DSLR","author":"R. Hespel","date":"f\u00e9vrier 15, 2010","format":false,"excerpt":"J'ai beaucoup parl\u00e9 du Kodak Zi8 ces derniers temps, une solution parfaite pour de la vid\u00e9o mobile, \u00e0 peu de frais. Mais qu'en est-il des DSLR, ces appareils photos capables de filmer en HD ? En me basant sur mon exp\u00e9rience lors de la captation du show The Art Of\u2026","rel":"","context":"Dans &quot;R\u00e9flexions&quot;","block_context":{"text":"R\u00e9flexions","link":"https:\/\/hespel.fr\/?cat=4"},"img":{"alt_text":"The Art Of Performing Oral Sex","src":"https:\/\/i0.wp.com\/hespel.fr\/wp-content\/uploads\/2010\/02\/ecbimcoanchidcif.jpg?resize=350%2C200&ssl=1","width":350,"height":200},"classes":[]},{"id":177,"url":"https:\/\/hespel.fr\/?p=177","url_meta":{"origin":360,"position":4},"title":"Suspicion ou choisir son vid\u00e9aste","author":"R. Hespel","date":"avril 28, 2010","format":false,"excerpt":"Essayer de conseiller comment choisir son vid\u00e9aste quand on vend soi-m\u00eame ses services comme tel, cela peut para\u00eetre vain. Pourtant, mon but n'est pas ici de vous inviter \u00e0 m'engager mais plut\u00f4t de vous \u00e9viter de tomber sur un charlatan. Il en existe dans tous les domaines et il s'agit\u2026","rel":"","context":"Dans &quot;R\u00e9flexions&quot;","block_context":{"text":"R\u00e9flexions","link":"https:\/\/hespel.fr\/?cat=4"},"img":{"alt_text":"","src":"","width":0,"height":0},"classes":[]},{"id":204,"url":"https:\/\/hespel.fr\/?p=204","url_meta":{"origin":360,"position":5},"title":"La Fin des Temps ou les cam\u00e9ras Flip","author":"R. Hespel","date":"avril 13, 2011","format":false,"excerpt":"Les cam\u00e9ras de poche - ou pocket cameras - ont d\u00e9j\u00e0 eu leur moment de gloire sur ce blog. J'ai cru d\u00e8s le d\u00e9but et crois toujours fortement au concept, que j'ai moi-m\u00eame illustr\u00e9 avec la Kodak Zi8. Lors de son achat, j'avais longtemps tergivers\u00e9 entre ce mod\u00e8le et le\u2026","rel":"","context":"Dans &quot;Nouvelles technologies&quot;","block_context":{"text":"Nouvelles technologies","link":"https:\/\/hespel.fr\/?cat=5"},"img":{"alt_text":"Flip Mino HD","src":"https:\/\/i0.wp.com\/live.staticflickr.com\/3012\/3026387619_68050f397f_o.jpg?resize=350%2C200&ssl=1","width":350,"height":200},"classes":[]}],"_links":{"self":[{"href":"https:\/\/hespel.fr\/index.php?rest_route=\/wp\/v2\/posts\/360","targetHints":{"allow":["GET"]}}],"collection":[{"href":"https:\/\/hespel.fr\/index.php?rest_route=\/wp\/v2\/posts"}],"about":[{"href":"https:\/\/hespel.fr\/index.php?rest_route=\/wp\/v2\/types\/post"}],"author":[{"embeddable":true,"href":"https:\/\/hespel.fr\/index.php?rest_route=\/wp\/v2\/users\/2"}],"replies":[{"embeddable":true,"href":"https:\/\/hespel.fr\/index.php?rest_route=%2Fwp%2Fv2%2Fcomments&post=360"}],"version-history":[{"count":25,"href":"https:\/\/hespel.fr\/index.php?rest_route=\/wp\/v2\/posts\/360\/revisions"}],"predecessor-version":[{"id":113286,"href":"https:\/\/hespel.fr\/index.php?rest_route=\/wp\/v2\/posts\/360\/revisions\/113286"}],"wp:attachment":[{"href":"https:\/\/hespel.fr\/index.php?rest_route=%2Fwp%2Fv2%2Fmedia&parent=360"}],"wp:term":[{"taxonomy":"category","embeddable":true,"href":"https:\/\/hespel.fr\/index.php?rest_route=%2Fwp%2Fv2%2Fcategories&post=360"},{"taxonomy":"post_tag","embeddable":true,"href":"https:\/\/hespel.fr\/index.php?rest_route=%2Fwp%2Fv2%2Ftags&post=360"}],"curies":[{"name":"wp","href":"https:\/\/api.w.org\/{rel}","templated":true}]}}