{"id":269,"date":"2012-05-28T14:06:24","date_gmt":"2012-05-28T12:06:24","guid":{"rendered":"http:\/\/hespel.fr\/?p=269"},"modified":"2021-05-25T10:11:31","modified_gmt":"2021-05-25T08:11:31","slug":"le-proces-ou-le-bureau-international-jeunesse","status":"publish","type":"post","link":"https:\/\/hespel.fr\/?p=269","title":{"rendered":"Le Proc\u00e8s ou le Bureau International Jeunesse"},"content":{"rendered":"<p>Il y a des choses qu&rsquo;on pensait avoir mis derri\u00e8re soi. Des choses qui soudain reprennent vie et viennent \u00e0 nouveau vous chercher. En f\u00e9vrier 2011, je mettais fin \u00e0 <a title=\"VivreAuCanada.tv ou mon exp\u00e9rience de la WebTV\" href=\"http:\/\/hespel.fr\/?p=201\" target=\"_blank\" rel=\"noopener noreferrer\">l&rsquo;exp\u00e9rience Vivre Au Canada.tv<\/a> pour de bon. Du moins, c&rsquo;est ce que je pensais. Au fil du temps, alors que plus aucune vid\u00e9o n&rsquo;\u00e9tait produite, j&rsquo;ai vu le nombre de vues augmenter quotidiennement sur Youtube, l&rsquo;audience s&rsquo;\u00e9largir sur les r\u00e9seaux sociaux, jusqu&rsquo;\u00e0 recevoir des demandes pour la mise en ligne de nouveaux contenus. <strong>L&rsquo;id\u00e9e de relancer Vivre Au Canada.tv<\/strong> le temps d&rsquo;un \u00e9t\u00e9 avait donc peu \u00e0 peu germ\u00e9&#8230;<!--more--><\/p>\n<p><strong>Comment ?<\/strong><\/p>\n<p>S&rsquo;il n&rsquo;\u00e9tait pas question de s&rsquo;\u00e9tablir \u00e0 nouveau au Qu\u00e9bec pour tourner les nouvelles capsules, la possibilit\u00e9 d&rsquo;utiliser les vacances d&rsquo;\u00e9t\u00e9 pour r\u00e9unir tous les tournages possibles l\u00e0-bas \u00e9tait envisageable.<\/p>\n<p>N\u00e9anmoins, un des gros soucis qui avait men\u00e9 \u00e0 la fin de la webTV \u00e0 la feuille d&rsquo;\u00e9rable \u00e9tait le manque de fonds. Il fallait donc trouver une possible source de financement. C&rsquo;est l\u00e0 qu&rsquo;intervenait l&rsquo;Office Qu\u00e9bec Wallonie Bruxelles pour la Jeunesse. G\u00e9r\u00e9 en Belgique par <a title=\"Le BIJ\" href=\"http:\/\/www.lebij.be\/\" target=\"_blank\" rel=\"noopener noreferrer\">le BIJ (le Bureau International Jeunesse)<\/a>, il a pour fonction d&rsquo;aider les jeunes de 16 \u00e0 35 ans \u00e0 notamment d\u00e9velopper les relations et la connaissance r\u00e9ciproque entre les jeunesses qu\u00e9b\u00e9coise et belge, de susciter l\u2019innovation et l\u2019exp\u00e9rimentation ou encore de renforcer la pr\u00e9sence et l\u2019action communes au niveau international.<\/p>\n<p><img decoding=\"async\" src=\"http:\/\/i49.servimg.com\/u\/f49\/11\/19\/66\/95\/logo_b10.jpg\" alt=\"Faut que \u00e7a bouge ??\" \/><\/p>\n<p>Il s&rsquo;agissait donc de r\u00e9diger un dossier pr\u00e9sentant le projet. Si r\u00e9aliser de nouvelles capsules vid\u00e9os \u00e9tait bien entendu au programme, il \u00e9tait aussi important d&rsquo;\u00e9changer sur les nouvelles pratiques webTV en rencontrant des acteurs importants du tourisme au Qu\u00e9bec et d&rsquo;en apprendre le plus possible sur leur utilisation de la vid\u00e9o sur Internet.<\/p>\n<p>Pour \u00eatre s\u00fbr de ne pas commettre d&rsquo;impair, nous avons d\u00e8s le d\u00e9but souhait\u00e9 rencontrer une personne du BIJ pour savoir si notre projet rentrait dans le programme \u00ab\u00a0Curriculum\u00a0\u00bb.<\/p>\n<p><img decoding=\"async\" src=\"http:\/\/i49.servimg.com\/u\/f49\/11\/19\/66\/95\/bij0110.jpg\" alt=\"Curriculum\" \/><\/p>\n<p>Rencontre qui s&rsquo;est vite av\u00e9r\u00e9e tr\u00e8s d\u00e9stabilisante. La personne avec qui nous avons discut\u00e9 disait ne pas voir la plus value ramen\u00e9e en Belgique. Faute probablement \u00e0 notre pr\u00e9sentation un peu confuse, elle ne comprenait pas comment la r\u00e9alisation de nouvelles capsules vid\u00e9o pour une webtv rentrait dans les programmes du BIJ. Alors que nous nous attendions \u00e0 recevoir des conseils, nous n&rsquo;avons eu que la possibilit\u00e9 de consulter les dossiers des anciens projets d\u00e9pos\u00e9s.<\/p>\n<p>Nous avons donc r\u00e9dig\u00e9 notre dossier en mettant davantage en avant les connaissances que nous pourrions retirer des \u00e9changes avec nos partenaires qu\u00e9b\u00e9cois (comptant notamment les associations de tourismes de Trois-Rivi\u00e8res ou du Saguenay) et l&rsquo;apport que nous pourrions en retirer professionnellement.<\/p>\n<p>Quelques semaines apr\u00e8s la remise du dossier, nous avons re\u00e7u une lettre du BIJ nous confirmant la r\u00e9ception de notre dossier. Cette lettre nous a laiss\u00e9 dubitatifs sur plusieurs points (cliquez sur l&rsquo;image pour comprendre).<\/p>\n<p><a href=\"http:\/\/www.servimg.com\/image_preview.php?i=232&amp;u=11196695\" target=\"_blank\" rel=\"noopener noreferrer\"><img decoding=\"async\" src=\"http:\/\/i49.servimg.com\/u\/f49\/11\/19\/66\/95\/th\/bij02n10.jpg\" alt=\"Image h\u00e9berg\u00e9e par servimg.com\" border=\"0\" \/><\/a><\/p>\n<p><strong>Le projet ne sera pas soutenu<\/strong><\/p>\n<p>Finalement, un mois apr\u00e8s, nous avons re\u00e7u une seconde lettre nous annon\u00e7ant que le projet n&rsquo;avait pas \u00e9t\u00e9 retenu, ce pour plusieurs raisons.<\/p>\n<p>D&rsquo;abord, le projet n&rsquo;\u00e9tait d&rsquo;apr\u00e8s le Comit\u00e9 de s\u00e9lection pas en lien avec notre profession. Toute personne qui lit ce blog peut cliquer sur la partie <a title=\"A propos de moi\" href=\"http:\/\/hespel.fr\/?page_id=7\">A propos<\/a> et comprendre que je me suis quelque peu senti insult\u00e9 par cette simple phrase. Par ailleurs, il faut savoir que l&rsquo;\u00e9quipe \u00e9tait la m\u00eame que celle d&rsquo;origine, et que nous avions d\u00e9velopp\u00e9 la fa\u00e7on dont ce projet serait en lien avec nos diff\u00e9rentes professions dans le dossier rendu. Incompr\u00e9hension totale donc.<\/p>\n<p><a href=\"http:\/\/www.servimg.com\/image_preview.php?i=233&amp;u=11196695\" target=\"_blank\" rel=\"noopener noreferrer\"><img decoding=\"async\" src=\"http:\/\/i49.servimg.com\/u\/f49\/11\/19\/66\/95\/th\/bij03n10.jpg\" alt=\"Image h\u00e9berg\u00e9e par servimg.com\" border=\"0\" \/><\/a><\/p>\n<p>Ensuite, la question de la plus value de l&rsquo;information que nous pourrions d\u00e9livrer et les retomb\u00e9es qui en d\u00e9couleraient par rapport \u00e0 d&rsquo;autres organismes \u00e9tait soulev\u00e9e.<\/p>\n<p>Je n&rsquo;avais pour ma part pas compris que le Comit\u00e9 de s\u00e9lection jugeait de la pertinence des projets <em>sur le fond<\/em>, mais soit.<\/p>\n<p>Plusieurs de nos partenaires, dont les noms \u00e9taient pr\u00e9sents dans notre dossier, \u00e9taient des organismes de tourismes qu\u00e9b\u00e9cois. Se sont-ils sentis menac\u00e9s par notre projet ? Non, ils auraient \u00e9t\u00e9 heureux d&rsquo;y participer. Certes, nous n&rsquo;avions pr\u00e9vu aucune collaboration avec une Ambassade ou avec la Direction g\u00e9n\u00e9rale du Qu\u00e9bec. Pour la bonne raison que celles-ci ne produisent pas de vid\u00e9os et ne d\u00e9livrent pas le type d&rsquo;informations que nous souhaitions aborder.<\/p>\n<p>Au Danemark, la WebTV <a title=\"My Denmark TV\" href=\"https:\/\/web.archive.org\/web\/20201109043631\/http:\/\/www.mydenmarktv.com\/\" target=\"_blank\" rel=\"noopener noreferrer\">MyDenmarkTV<\/a> effectue le m\u00eame travail et poursuit les m\u00eames buts que Vivre Au Canada.tv, avec davantage de moyens. La pertinence de ce type de site et de ce type de d\u00e9marche n&rsquo;est selon moi plus \u00e0 prouver. Il est dommage que tout le monde ne partage pas cet avis.<\/p>\n<p>Plus que tout, il est regrettable qu&rsquo;un organe comme l&rsquo;Office Qu\u00e9bec Wallonie Bruxelles n&rsquo;ai pas d\u00e9cid\u00e9 de soutenir un projet qui avait toutes les dispositions pour atteindre ses objectifs et avoir des retomb\u00e9es internationales. Ceci sans m\u00eame \u00e9voquer ce que, personnellement, je perds comme acquis au niveau exp\u00e9rience professionnelle&#8230;<\/p>\n<p><strong>Pourquoi ce r\u00e9cit ?<\/strong><\/p>\n<p>D&rsquo;abord parce qu&rsquo;il me semble illustrer parfaitement un manque de clairvoyance des pouvoirs publics par rapport \u00e0 la r\u00e9alit\u00e9 des nouvelles technologies. Les raisons du non-soutien de Vivre Au Canada.tv ne sont pas valables, tant elles sont r\u00e9futables. Est-ce qu&rsquo;il s&rsquo;agit d&rsquo;un probl\u00e8me de compr\u00e9hension par rapport \u00e0 un projet de webtv ? Notez que le BIJ n&rsquo;est pr\u00e9sent sur aucun des r\u00e9seaux sociaux et que <a title=\"Le BIJ\" href=\"http:\/\/www.lebij.be\/\" target=\"_blank\" rel=\"noopener noreferrer\">leur site Internet<\/a> fait&#8230; peur \u00e0 voir.<\/p>\n<p>Surtout, je crois toujours en la pertinence de relancer <a title=\"VivreAuCanada.tv\" href=\"http:\/\/www.vivreaucanada.tv\" target=\"_blank\" rel=\"noopener noreferrer\">Vivre Au Canada.tv<\/a>. Il ne se passe pas une semaine sans que je re\u00e7oive un commentaire via Facebook ou Youtube pour demander de nouvelles vid\u00e9os. D&rsquo;autres initiatives avec des objectifs tr\u00e8s proches voient d&rsquo;ailleurs le jour (par <a title=\"IcitteTV\" href=\"https:\/\/web.archive.org\/web\/20170918021959\/http:\/\/icitte.tv\/\" target=\"_blank\" rel=\"noopener noreferrer\">une production Suisse<\/a> par exemple). La prochaine \u00e9tape ? Je pense au <a href=\"http:\/\/fr.wikipedia.org\/wiki\/Production_communautaire\" title=\"Qu'est-ce que le crowdfunding ?\" target=\"_blank\" rel=\"noopener noreferrer\">crowdfunding<\/a>. Mais ceci demande une pr\u00e9paration diff\u00e9rente et ne sera donc pas possible cette ann\u00e9e. Pour l&rsquo;heure, il va donc falloir pr\u00e9venir les diff\u00e9rentes personnes qui \u00e9taient pr\u00eates \u00e0 travailler avec nous qu&rsquo;il va falloir remettre \u00e7a \u00e0 plus tard&#8230;<\/p>\n<p><strong>EDIT : Depuis fin juin, le BIJ a manifestement \u00e9t\u00e9 \u00e0 l&rsquo;\u00e9coute, puisqu&rsquo;ils ont modifi\u00e9 leur site internet et se sont cr\u00e9\u00e9s des comptes Facebook et Youtube. Des tentatives tardives qui me laissent dubitatif.<\/strong><\/p>\n","protected":false},"excerpt":{"rendered":"<p>Il y a des choses qu&rsquo;on pensait avoir mis derri\u00e8re soi. Des choses qui soudain reprennent vie et viennent \u00e0 nouveau vous chercher. En f\u00e9vrier 2011, je mettais fin \u00e0 l&rsquo;exp\u00e9rience Vivre Au Canada.tv pour de bon. Du moins, c&rsquo;est ce que je pensais. Au fil du temps, alors que plus aucune vid\u00e9o n&rsquo;\u00e9tait produite,<\/p>\n<footer class=\"entry-footer index-entry\">\n<div class=\"post-social pull-left\"><a href=\"https:\/\/www.facebook.com\/sharer\/sharer.php?u=https%3A%2F%2Fhespel.fr%2F%3Fp%3D269\" target=\"_blank\" class=\"social-icons\"><i class=\"fa fa-facebook\" aria-hidden=\"true\"><\/i><\/a><a href=\"https:\/\/twitter.com\/home?status=https%3A%2F%2Fhespel.fr%2F%3Fp%3D269\" target=\"_blank\" class=\"social-icons\"><i class=\"fa fa-twitter\" aria-hidden=\"true\"><\/i><\/a><a href=\"https:\/\/www.linkedin.com\/shareArticle?mini=true&#038;url=https%3A%2F%2Fhespel.fr%2F%3Fp%3D269&#038;title=Le+Proc%C3%A8s+ou+le+Bureau+International+Jeunesse\" target=\"_blank\" class=\"social-icons\"><i class=\"fa fa-linkedin\" aria-hidden=\"true\"><\/i><\/a><\/div>\n<p class=\"link-more\"><a href=\"https:\/\/hespel.fr\/?p=269\" class=\"more-link\">Continue reading <span class=\"meta-nav\">\u2192<\/span><\/a><\/p>\n<\/footer>\n","protected":false},"author":2,"featured_media":0,"comment_status":"open","ping_status":"open","sticky":false,"template":"","format":"standard","meta":{"jetpack_post_was_ever_published":false,"footnotes":""},"categories":[412,4],"tags":[385,474,475,71,479,480,476,477,472,478,267,481,406,473,409],"class_list":["post-269","post","type-post","status-publish","format-standard","hentry","category-projets","category-non-classe","tag-au","tag-bruxelles","tag-bureau","tag-canada","tag-curriculum","tag-dossier","tag-international","tag-jeunesse","tag-office","tag-programme","tag-quebec","tag-refus","tag-vivre","tag-wallonie","tag-webtv"],"aioseo_notices":[],"jetpack_featured_media_url":"","jetpack_shortlink":"https:\/\/wp.me\/p97UKg-4l","jetpack-related-posts":[{"id":201,"url":"https:\/\/hespel.fr\/?p=201","url_meta":{"origin":269,"position":0},"title":"VivreAuCanada.tv ou mon exp\u00e9rience de la webtv","author":"R. Hespel","date":"f\u00e9vrier 20, 2011","format":false,"excerpt":"Il y a un peu plus d\u2019un an et un mois, je cr\u00e9ais la webt\u00e9l\u00e9 Vivre Au Canada.tv \u2013 une webtv pour d\u00e9couvrir le Canada sous tous ses aspects. J\u2019\u00e9tais alors expatri\u00e9 \u00e0 Montr\u00e9al depuis presque six mois, et c\u2019\u00e9tait au PodCamp 2009, quelques mois plus t\u00f4t, que m\u2019\u00e9tait venu\u2026","rel":"","context":"Dans &quot;Projets&quot;","block_context":{"text":"Projets","link":"https:\/\/hespel.fr\/?cat=412"},"img":{"alt_text":"","src":"https:\/\/i0.wp.com\/hespel.fr\/wp-content\/uploads\/2011\/02\/396d1a6b66aabcc4af8b3f90d9690068_400x400.jpeg?resize=350%2C200&ssl=1","width":350,"height":200},"classes":[]},{"id":114,"url":"https:\/\/hespel.fr\/?p=114","url_meta":{"origin":269,"position":1},"title":"Un Nouvel Espoir ou Tou.Tv","author":"R. Hespel","date":"f\u00e9vrier 1, 2010","format":false,"excerpt":"L'actualit\u00e9 a \u00e9t\u00e9 tr\u00e8s riche la semaine pass\u00e9e, entre la pr\u00e9sentation tr\u00e8s attendue du nouveau concept d'Apple, l'iPad, et l'arriv\u00e9e au Qu\u00e9bec d'une solution vid\u00e9o in\u00e9dite en ligne, intitul\u00e9e TOU.TV. Entre les deux sujets, mon coeur balance, lequel allais-je aborder ? Le choix a \u00e9t\u00e9 plus simple que pr\u00e9vu. Du\u2026","rel":"","context":"Dans &quot;R\u00e9flexions&quot;","block_context":{"text":"R\u00e9flexions","link":"https:\/\/hespel.fr\/?cat=4"},"img":{"alt_text":"","src":"","width":0,"height":0},"classes":[]},{"id":182,"url":"https:\/\/hespel.fr\/?p=182","url_meta":{"origin":269,"position":2},"title":"La Firme ou TV5MONDE + Cin\u00e9ma","author":"R. Hespel","date":"mai 18, 2010","format":false,"excerpt":"C'est \u00e0 l'occasion du Festival de Cannes 2010 qu'est n\u00e9e la 1\u00e8re offre internationale des cin\u00e9mas francophones \u00e0 la demande : TV5 lance TV5 MONDE + Cin\u00e9ma, qui propose de louer ou d'acheter des films francophones (donc de France, de Belgique, du Qu\u00e9bec, ...). L'initiative est int\u00e9ressante, puisqu'il est vrai\u2026","rel":"","context":"Dans &quot;Cinema&quot;","block_context":{"text":"Cinema","link":"https:\/\/hespel.fr\/?cat=3"},"img":{"alt_text":"","src":"","width":0,"height":0},"classes":[]},{"id":241,"url":"https:\/\/hespel.fr\/?p=241","url_meta":{"origin":269,"position":3},"title":"Peur sur la ville ou Li\u00e8ge 13\/12\/11","author":"R. Hespel","date":"d\u00e9cembre 14, 2011","format":false,"excerpt":"Difficile de commencer sur ce sujet sans une pens\u00e9e aux familles des victimes de ce drame qui a eu lieu \u00e0 Li\u00e8ge le 13 d\u00e9cembre 2011. Pour r\u00e9sumer les faits, du moins ce que l'on en sait \u00e0 l'heure o\u00f9 j'\u00e9cris ces lignes, Nordine Amrani \u00e9tait sur le chemin du\u2026","rel":"","context":"Dans &quot;R\u00e9flexions&quot;","block_context":{"text":"R\u00e9flexions","link":"https:\/\/hespel.fr\/?cat=4"},"img":{"alt_text":"","src":"https:\/\/i0.wp.com\/img.youtube.com\/vi\/95RAXKY7K08\/0.jpg?resize=350%2C200","width":350,"height":200},"classes":[]},{"id":35,"url":"https:\/\/hespel.fr\/?p=35","url_meta":{"origin":269,"position":4},"title":"Matrix ou mes trois conseils \u00e0 R\u00e9zoPointZ\u00e9ro","author":"R. Hespel","date":"novembre 9, 2009","format":false,"excerpt":"The Matrix \u00e9tait un excellent film. Mais une pi\u00e8tre trilogie. Une bonne id\u00e9e au d\u00e9part, mais bien mal exploit\u00e9e. Le tout devenait indigeste, et manquait le coche. R\u00e9zoPointZ\u00e9ro souffre pour l\u2019instant du m\u00eame syndrome. Une bonne id\u00e9e, mais dont la mise en application me laisse perplexe. Pour vous en faire\u2026","rel":"","context":"Dans &quot;Nouvelles technologies&quot;","block_context":{"text":"Nouvelles technologies","link":"https:\/\/hespel.fr\/?cat=5"},"img":{"alt_text":"","src":"","width":0,"height":0},"classes":[]},{"id":287,"url":"https:\/\/hespel.fr\/?p=287","url_meta":{"origin":269,"position":5},"title":"Les 7 Samoura\u00efs ou de nouvelles webs\u00e9ries","author":"R. Hespel","date":"juin 10, 2012","format":false,"excerpt":"J'ai par le pass\u00e9 (il y a plus de deux ans !) dress\u00e9 un constat assez d\u00e9sabus\u00e9 de la cr\u00e9ation vid\u00e9o pour le web, notamment des webs\u00e9ries. J'ai depuis fait quelques d\u00e9couvertes, comme Le Visiteur du Futur ou En Audition avec Simon qui, si elles ne reprenaient pas mes id\u00e9es\u2026","rel":"","context":"Dans &quot;R\u00e9flexions&quot;","block_context":{"text":"R\u00e9flexions","link":"https:\/\/hespel.fr\/?cat=4"},"img":{"alt_text":"","src":"https:\/\/i0.wp.com\/img.youtube.com\/vi\/wrM53tIktwA\/0.jpg?resize=350%2C200","width":350,"height":200},"classes":[]}],"_links":{"self":[{"href":"https:\/\/hespel.fr\/index.php?rest_route=\/wp\/v2\/posts\/269","targetHints":{"allow":["GET"]}}],"collection":[{"href":"https:\/\/hespel.fr\/index.php?rest_route=\/wp\/v2\/posts"}],"about":[{"href":"https:\/\/hespel.fr\/index.php?rest_route=\/wp\/v2\/types\/post"}],"author":[{"embeddable":true,"href":"https:\/\/hespel.fr\/index.php?rest_route=\/wp\/v2\/users\/2"}],"replies":[{"embeddable":true,"href":"https:\/\/hespel.fr\/index.php?rest_route=%2Fwp%2Fv2%2Fcomments&post=269"}],"version-history":[{"count":18,"href":"https:\/\/hespel.fr\/index.php?rest_route=\/wp\/v2\/posts\/269\/revisions"}],"predecessor-version":[{"id":8493,"href":"https:\/\/hespel.fr\/index.php?rest_route=\/wp\/v2\/posts\/269\/revisions\/8493"}],"wp:attachment":[{"href":"https:\/\/hespel.fr\/index.php?rest_route=%2Fwp%2Fv2%2Fmedia&parent=269"}],"wp:term":[{"taxonomy":"category","embeddable":true,"href":"https:\/\/hespel.fr\/index.php?rest_route=%2Fwp%2Fv2%2Fcategories&post=269"},{"taxonomy":"post_tag","embeddable":true,"href":"https:\/\/hespel.fr\/index.php?rest_route=%2Fwp%2Fv2%2Ftags&post=269"}],"curies":[{"name":"wp","href":"https:\/\/api.w.org\/{rel}","templated":true}]}}