{"id":206,"date":"2011-05-28T14:06:31","date_gmt":"2011-05-28T12:06:31","guid":{"rendered":"http:\/\/hespel.fr\/?p=206"},"modified":"2020-01-20T16:02:55","modified_gmt":"2020-01-20T15:02:55","slug":"signes-ou-un-nouveau-projet-de-webtv","status":"publish","type":"post","link":"https:\/\/hespel.fr\/?p=206","title":{"rendered":"Signes ou un nouveau projet de WebTV"},"content":{"rendered":"<p><strong>Beaucoup de gens vous diront, moi y compris, que lorsqu&rsquo;on d\u00e9veloppe  une id\u00e9e pour Internet, il ne faut pas viser le plus large public  possible. <\/strong>La bonne tactique, quand vous n&rsquo;avez pas les moyens de vos  ambitions gargantuesques, c&rsquo;est de vous adresser \u00e0 un public pr\u00e9cis.  C&rsquo;est ce qu&rsquo;on appelle une niche. Alors que pour mon pr\u00e9c\u00e9dent projet de webvid\u00e9o, le public \u00e9tait \u00e9vident et bien d\u00e9fini, ce \u00e0 quoi je m&rsquo;att\u00e8le maintenant pose de nouvelles questions. <strong>Comment proposer de la vid\u00e9o sur Internet \u00e0 un public qui n&rsquo;est pas connect\u00e9 ?<\/strong><\/p>\n<p><a title=\"Pays de Geminiacum ASBL\" href=\"https:\/\/ccpac.be\/\" target=\"_blank\" rel=\"noopener noreferrer\">Le Pays de Geminiacum<\/a> est une ASBL qui a pour but d&rsquo;am\u00e9liorer l&rsquo;identit\u00e9 culturelle, l&rsquo;\u00e9conomie et la qualit\u00e9 de vie dans les communes de Pont-\u00e0-Celles et des Bons Villers. Nous sommes en Belgique, en pleine province du Hainaut et ce qu&rsquo;on appelle le pays de Geminiacum est en fait une entit\u00e9 regroupant plusieurs villages. <strong>Le projet sur lequel je travaille vise \u00e0 illustrer, en vid\u00e9o, les activit\u00e9s culturelles, \u00e9conomiques et citoyennes <\/strong>qui y ont lieu.<!--more--><\/p>\n<p>De la pr\u00e9sentation d&rsquo;un \u00e9v\u00e9nement au portrait d&rsquo;un artiste du coin, en passant par le micro-trottoir, le type de vid\u00e9o propos\u00e9 devrait rapidement varier, pour \u00eatre ensuite propos\u00e9 en diffusion sur le site de l&rsquo;ASBL, fa\u00e7on WebTV. <strong>Mais pour quel public ?<\/strong><\/p>\n<p>Le site Internet du Pays de Geminiacum ne re\u00e7oit pas un grand nombre de visiteurs et l&rsquo;ASBL n&rsquo;est pr\u00e9sente sur les r\u00e9seaux sociaux que de fa\u00e7on timide (<a title=\"Pays de Geminiacum Facebook\" href=\"https:\/\/www.facebook.com\/ccpac.be\/\" target=\"_blank\" rel=\"noopener noreferrer\">sur Facebook, un profil conventionnel<\/a> plut\u00f4t qu&rsquo;une fanpage). J&rsquo;ai de mon c\u00f4t\u00e9 cr\u00e9\u00e9 <a title=\"Pays de Geminiacum Twitter\" href=\"http:\/\/twitter.com\/geminiacum\" target=\"_blank\" rel=\"noopener noreferrer\">un compte Twitter<\/a> avec pour but d&rsquo;informer autant sur les activit\u00e9s en r\u00e9gion que sur la publication de mes vid\u00e9os. Mais encore une fois, pour quel public ?<\/p>\n<p><strong>La population de ces communes ne m&rsquo;appara\u00eet pas comme particuli\u00e8rement active sur le web<\/strong> : la grande majorit\u00e9 se contente des m\u00e9dias traditionnels comme vecteur d&rsquo;information. Il y a bien une infime partie demandeuse d&rsquo;une existence virtuelle, mais qui trouve sa contrepartie dans un nombre \u00e9quivalent de personne qui n&rsquo;est absolument pas connect\u00e9e.<\/p>\n<p>Il y a bien s\u00fbr le public direct des \u00e9v\u00e9nements, et les organisateurs, sponsors et subventionneurs, qui eux peuvent \u00eatre int\u00e9ress\u00e9. <a title=\"PaCRocK Festival - Vimeo\" href=\"http:\/\/www.vimeo.com\/24010392\" target=\"_blank\" rel=\"noopener noreferrer\">Une vid\u00e9o revenait sur le PaCRocK Festival<\/a>, le premier \u00e0 annoncer la saison des festivals d&rsquo;\u00e9t\u00e9, et elle sera tr\u00e8s prochainement pr\u00e9sent\u00e9e sur le site officiel du <a title=\"Site officiel du PacRock\" href=\"http:\/\/www.pacrock.be\/\" target=\"_blank\" rel=\"noopener noreferrer\">PaCRocK<\/a> comme un outil de promotion.<\/p>\n<p>Enfin, il y a aussi les personnes qui ne sont pas forc\u00e9ment de la r\u00e9gion mais qui cherchent des activit\u00e9s \u00e0 faire, et qui peuvent ainsi prendre conscience des initiatives qui prennent vie dans ces communes. Touriste, futur r\u00e9sident&#8230; Un public restreint mais qui existe.<\/p>\n<p><strong>Le gros d\u00e9fi de ce projet, d\u00e9nomm\u00e9 en interne GeminiacumTV, sera donc de trouver son public. C&rsquo;est un projet qui va m&rsquo;occuper durant six mois, \u00e0 c\u00f4t\u00e9 de mes autres activit\u00e9s professionnelles. Ce n&rsquo;est donc qu&rsquo;au mois d&rsquo;octobre \/ novembre que je serais en mesure de dire si le projet a \u00e9t\u00e9 un succ\u00e8s, s&rsquo;il a trouv\u00e9 son public.<\/strong><\/p>\n<p><em>Bonus, la deuxi\u00e8me vid\u00e9o produite \u00e0 date :<\/em><\/p>\n<p><em><br \/>\n<\/em><br \/>\n<!-- vimeo error: not a vimeo video --><\/p>\n","protected":false},"excerpt":{"rendered":"<p>Beaucoup de gens vous diront, moi y compris, que lorsqu&rsquo;on d\u00e9veloppe une id\u00e9e pour Internet, il ne faut pas viser le plus large public possible. La bonne tactique, quand vous n&rsquo;avez pas les moyens de vos ambitions gargantuesques, c&rsquo;est de vous adresser \u00e0 un public pr\u00e9cis. C&rsquo;est ce qu&rsquo;on appelle une niche. Alors que pour<\/p>\n<footer class=\"entry-footer index-entry\">\n<div class=\"post-social pull-left\"><a href=\"https:\/\/www.facebook.com\/sharer\/sharer.php?u=https%3A%2F%2Fhespel.fr%2F%3Fp%3D206\" target=\"_blank\" class=\"social-icons\"><i class=\"fa fa-facebook\" aria-hidden=\"true\"><\/i><\/a><a href=\"https:\/\/twitter.com\/home?status=https%3A%2F%2Fhespel.fr%2F%3Fp%3D206\" target=\"_blank\" class=\"social-icons\"><i class=\"fa fa-twitter\" aria-hidden=\"true\"><\/i><\/a><a href=\"https:\/\/www.linkedin.com\/shareArticle?mini=true&#038;url=https%3A%2F%2Fhespel.fr%2F%3Fp%3D206&#038;title=Signes+ou+un+nouveau+projet+de+WebTV\" target=\"_blank\" class=\"social-icons\"><i class=\"fa fa-linkedin\" aria-hidden=\"true\"><\/i><\/a><\/div>\n<p class=\"link-more\"><a href=\"https:\/\/hespel.fr\/?p=206\" class=\"more-link\">Continue reading <span class=\"meta-nav\">\u2192<\/span><\/a><\/p>\n<\/footer>\n","protected":false},"author":2,"featured_media":0,"comment_status":"open","ping_status":"open","sticky":false,"template":"","format":"standard","meta":{"jetpack_post_was_ever_published":false,"footnotes":""},"categories":[412,4,6,7],"tags":[414,415,416,417,425,418,419,428,420,421,427,422,426,423,424,409],"class_list":["post-206","post","type-post","status-publish","format-standard","hentry","category-projets","category-non-classe","category-video","category-web","tag-a","tag-asbl","tag-belgique","tag-bons","tag-bons-villers","tag-celles","tag-geminiacum","tag-geminiacumtv","tag-hainaut","tag-pays","tag-pays-de-geminiacum","tag-pont","tag-pont-a-celles","tag-province","tag-villers","tag-webtv"],"aioseo_notices":[],"jetpack_featured_media_url":"","jetpack_shortlink":"https:\/\/wp.me\/p97UKg-3k","jetpack-related-posts":[{"id":201,"url":"https:\/\/hespel.fr\/?p=201","url_meta":{"origin":206,"position":0},"title":"VivreAuCanada.tv ou mon exp\u00e9rience de la webtv","author":"R. Hespel","date":"f\u00e9vrier 20, 2011","format":false,"excerpt":"Il y a un peu plus d\u2019un an et un mois, je cr\u00e9ais la webt\u00e9l\u00e9 Vivre Au Canada.tv \u2013 une webtv pour d\u00e9couvrir le Canada sous tous ses aspects. J\u2019\u00e9tais alors expatri\u00e9 \u00e0 Montr\u00e9al depuis presque six mois, et c\u2019\u00e9tait au PodCamp 2009, quelques mois plus t\u00f4t, que m\u2019\u00e9tait venu\u2026","rel":"","context":"Dans &quot;Projets&quot;","block_context":{"text":"Projets","link":"https:\/\/hespel.fr\/?cat=412"},"img":{"alt_text":"","src":"https:\/\/i0.wp.com\/hespel.fr\/wp-content\/uploads\/2011\/02\/396d1a6b66aabcc4af8b3f90d9690068_400x400.jpeg?resize=350%2C200&ssl=1","width":350,"height":200},"classes":[]},{"id":269,"url":"https:\/\/hespel.fr\/?p=269","url_meta":{"origin":206,"position":1},"title":"Le Proc\u00e8s ou le Bureau International Jeunesse","author":"R. Hespel","date":"mai 28, 2012","format":false,"excerpt":"Il y a des choses qu'on pensait avoir mis derri\u00e8re soi. Des choses qui soudain reprennent vie et viennent \u00e0 nouveau vous chercher. En f\u00e9vrier 2011, je mettais fin \u00e0 l'exp\u00e9rience Vivre Au Canada.tv pour de bon. Du moins, c'est ce que je pensais. Au fil du temps, alors que\u2026","rel":"","context":"Dans &quot;Projets&quot;","block_context":{"text":"Projets","link":"https:\/\/hespel.fr\/?cat=412"},"img":{"alt_text":"","src":"","width":0,"height":0},"classes":[]},{"id":571,"url":"https:\/\/hespel.fr\/?p=571","url_meta":{"origin":206,"position":2},"title":"Twister ou Blip.tv dans la tourmente","author":"R. Hespel","date":"octobre 11, 2013","format":false,"excerpt":"Un autre concurrent de Youtube au tapis ? C'est un peu ce qu'on pourrait penser de l'\u00e9volution r\u00e9cente de Blip. Blip ? Oui, cette plateforme d'h\u00e9bergement vid\u00e9o ne poss\u00e8de clairement pas la m\u00eame renomm\u00e9e aupr\u00e8s du grand public que le poulain de Google. Et pour cause : le public n'a\u2026","rel":"","context":"Dans &quot;R\u00e9flexions&quot;","block_context":{"text":"R\u00e9flexions","link":"https:\/\/hespel.fr\/?cat=4"},"img":{"alt_text":"bliplogo","src":"https:\/\/i0.wp.com\/hespel.fr\/wp-content\/uploads\/2013\/10\/bliplogo-300x149.png?resize=350%2C200","width":350,"height":200},"classes":[]},{"id":232,"url":"https:\/\/hespel.fr\/?p=232","url_meta":{"origin":206,"position":3},"title":"Braveheart ou cr\u00e9er un videosite sur VidMeUp","author":"R. Hespel","date":"ao\u00fbt 18, 2011","format":false,"excerpt":"Dans la rubrique \"J'ai test\u00e9 pour vous\", je me suis int\u00e9ress\u00e9 \u00e0 un portail original nomm\u00e9 VidMeUp. Qu'est-ce qui se cache derri\u00e8re ce nom myst\u00e9rieux ? VidMeUp est un service qui se targue de vous permettre de cr\u00e9er votre propre site de vid\u00e9os, gratuitement. Un site de vid\u00e9os ? Plus\u2026","rel":"","context":"Dans &quot;R\u00e9flexions&quot;","block_context":{"text":"R\u00e9flexions","link":"https:\/\/hespel.fr\/?cat=4"},"img":{"alt_text":"","src":"https:\/\/i0.wp.com\/hespel.fr\/wp-content\/uploads\/2011\/08\/vidmeup-pricing-606x364-1.jpg?resize=350%2C200&ssl=1","width":350,"height":200,"srcset":"https:\/\/i0.wp.com\/hespel.fr\/wp-content\/uploads\/2011\/08\/vidmeup-pricing-606x364-1.jpg?resize=350%2C200&ssl=1 1x, https:\/\/i0.wp.com\/hespel.fr\/wp-content\/uploads\/2011\/08\/vidmeup-pricing-606x364-1.jpg?resize=525%2C300&ssl=1 1.5x"},"classes":[]},{"id":591,"url":"https:\/\/hespel.fr\/?p=591","url_meta":{"origin":206,"position":4},"title":"Backdraft ou What The Fake","author":"R. Hespel","date":"janvier 30, 2014","format":false,"excerpt":"En octobre dernier, France T\u00e9l\u00e9visions lan\u00e7ait \"G\u00e9n\u00e9ration Quoi ?\", une grande enqu\u00eate cens\u00e9e \u00e9tablir le portrait d'une g\u00e9n\u00e9ration, celle des 18-34 ans. Le dispositif ? Un questionnaire interactif disponible sur smartphone, ordinateur et tablette, et une exp\u00e9rience web compl\u00e8te comprenant vid\u00e9os, sondages et r\u00e9seaux sociaux. Quelques mois plus tard arrive\u2026","rel":"","context":"Dans &quot;Nouvelles technologies&quot;","block_context":{"text":"Nouvelles technologies","link":"https:\/\/hespel.fr\/?cat=5"},"img":{"alt_text":"Googleplus_WTF","src":"https:\/\/i0.wp.com\/hespel.fr\/wp-content\/uploads\/2014\/01\/Googleplus_WTF-300x239.jpg?resize=350%2C200","width":350,"height":200},"classes":[]},{"id":941,"url":"https:\/\/hespel.fr\/?p=941","url_meta":{"origin":206,"position":5},"title":"La Nuit au Mus\u00e9e ou la place de la vid\u00e9o dans un mus\u00e9e","author":"R. Hespel","date":"f\u00e9vrier 17, 2018","format":false,"excerpt":"Pour la premi\u00e8re fois, j'ai des vid\u00e9os qui tournent simultan\u00e9ment dans trois mus\u00e9es ou expositions de la r\u00e9gion li\u00e9geoise. Une petite r\u00e9volution en soit tant j'ai toujours \u00e9t\u00e9 tr\u00e8s prudent quant \u00e0 la place \u00e0 accorder \u00e0 des vid\u00e9os dans de telles institutions. Comme bien souvent, j'ai l'impression qu'on cherche\u2026","rel":"","context":"Dans &quot;Projets&quot;","block_context":{"text":"Projets","link":"https:\/\/hespel.fr\/?cat=412"},"img":{"alt_text":"","src":"https:\/\/i0.wp.com\/hespel.fr\/wp-content\/uploads\/2018\/02\/arts-m%C3%A9caniques-MMIL-3-e1518882296424-963x1024.jpg?resize=350%2C200&ssl=1","width":350,"height":200,"srcset":"https:\/\/i0.wp.com\/hespel.fr\/wp-content\/uploads\/2018\/02\/arts-m%C3%A9caniques-MMIL-3-e1518882296424-963x1024.jpg?resize=350%2C200&ssl=1 1x, https:\/\/i0.wp.com\/hespel.fr\/wp-content\/uploads\/2018\/02\/arts-m%C3%A9caniques-MMIL-3-e1518882296424-963x1024.jpg?resize=525%2C300&ssl=1 1.5x, https:\/\/i0.wp.com\/hespel.fr\/wp-content\/uploads\/2018\/02\/arts-m%C3%A9caniques-MMIL-3-e1518882296424-963x1024.jpg?resize=700%2C400&ssl=1 2x"},"classes":[]}],"_links":{"self":[{"href":"https:\/\/hespel.fr\/index.php?rest_route=\/wp\/v2\/posts\/206","targetHints":{"allow":["GET"]}}],"collection":[{"href":"https:\/\/hespel.fr\/index.php?rest_route=\/wp\/v2\/posts"}],"about":[{"href":"https:\/\/hespel.fr\/index.php?rest_route=\/wp\/v2\/types\/post"}],"author":[{"embeddable":true,"href":"https:\/\/hespel.fr\/index.php?rest_route=\/wp\/v2\/users\/2"}],"replies":[{"embeddable":true,"href":"https:\/\/hespel.fr\/index.php?rest_route=%2Fwp%2Fv2%2Fcomments&post=206"}],"version-history":[{"count":3,"href":"https:\/\/hespel.fr\/index.php?rest_route=\/wp\/v2\/posts\/206\/revisions"}],"predecessor-version":[{"id":2533,"href":"https:\/\/hespel.fr\/index.php?rest_route=\/wp\/v2\/posts\/206\/revisions\/2533"}],"wp:attachment":[{"href":"https:\/\/hespel.fr\/index.php?rest_route=%2Fwp%2Fv2%2Fmedia&parent=206"}],"wp:term":[{"taxonomy":"category","embeddable":true,"href":"https:\/\/hespel.fr\/index.php?rest_route=%2Fwp%2Fv2%2Fcategories&post=206"},{"taxonomy":"post_tag","embeddable":true,"href":"https:\/\/hespel.fr\/index.php?rest_route=%2Fwp%2Fv2%2Ftags&post=206"}],"curies":[{"name":"wp","href":"https:\/\/api.w.org\/{rel}","templated":true}]}}