{"id":204,"date":"2011-04-13T12:32:35","date_gmt":"2011-04-13T10:32:35","guid":{"rendered":"http:\/\/hespel.fr\/?p=204"},"modified":"2022-11-29T11:46:08","modified_gmt":"2022-11-29T10:46:08","slug":"la-fin-des-temps-ou-les-cameras-flip","status":"publish","type":"post","link":"https:\/\/hespel.fr\/?p=204","title":{"rendered":"La Fin des Temps ou les cam\u00e9ras Flip"},"content":{"rendered":"<p><strong>Les cam\u00e9ras de poche<\/strong> &#8211; ou pocket cameras &#8211; ont d\u00e9j\u00e0 eu leur moment de gloire <a href=\"https:\/\/hespel.fr\/?p=92\" rel=\"noopener noreferrer\" target=\"_blank\">sur ce blog<\/a>. J&rsquo;ai cru d\u00e8s le d\u00e9but et crois toujours fortement au concept, que j&rsquo;ai moi-m\u00eame illustr\u00e9 avec la Kodak Zi8. Lors de son achat, j&rsquo;avais longtemps tergivers\u00e9 entre ce mod\u00e8le et le pr\u00e9curseur dans ce domaine, les cam\u00e9ras <strong>Flip<\/strong>. Un choix qui serait maintenant fortement simplifi\u00e9, puisque Cisco, qui a entre temps rachet\u00e9 la soci\u00e9t\u00e9 produisant les Flip, a annonc\u00e9 qu&rsquo;<a title=\"Article de Cyberpresse.ca\" href=\"https:\/\/web.archive.org\/web\/20110815184920\/http:\/\/technaute.cyberpresse.ca:80\/nouvelles\/produits-electroniques\/201104\/12\/01-4389042-cisco-arrete-la-camera-flip-et-supprime-550-postes.php\" target=\"_blank\" rel=\"noopener noreferrer\">ils arr\u00eataient purement et simplement de proposer ce produit<\/a>. <strong>Retour sur un \u00e9chec annonc\u00e9.<\/strong><\/p>\n<p>Pure Digital Technologies, qui est \u00e0 l&rsquo;origine des Flip, n&rsquo;a peut-\u00eatre pas invent\u00e9 le concept des cam\u00e9ras de poche mais l&rsquo;a certainement rendu populaire. Plus besoin d&rsquo;un cam\u00e9scope plus ou moins encombrant, mieux qu&rsquo;un appareil photo, la premi\u00e8re <strong>Flip rentrait dans la poche et filmait en HD<\/strong>. Une r\u00e9volution qui n&rsquo;a malheureusement pas connu de suite.<!--more--><\/p>\n<p>Les diff\u00e9rents mod\u00e8les qui ont suivi se sont limit\u00e9s \u00e0 faire \u00e9voluer le concept quand c&rsquo;\u00e9tait n\u00e9cessaire (davantage de m\u00e9moire pour plus d&rsquo;heures d&rsquo;enregistrement) ou pour permettre des changements de moindres importances (personnalisation des coques des cam\u00e9ras, mod\u00e8les plus fins, plus grande taille d&rsquo;\u00e9cran). Entre temps, <strong>de nouveaux acteurs sont arriv\u00e9s sur le march\u00e9<\/strong>, la t\u00eate remplie d&rsquo;id\u00e9es en ce qui concernait le terme \u00ab\u00a0concurrence\u00a0\u00bb.<br \/>\n<center><br \/>\n<a data-flickr-embed=\"true\" href=\"https:\/\/www.flickr.com\/photos\/momentimedia\/3026387619\/in\/photolist-5Br2AT-5JLshr-5DiTLq-6vLZxU-5JQHKE-6dN9UQ-63wjqM-5Qkkzq-5Wy65x-5ZvueJ-5Qg5Mx-5CPtVd-5DUttH-7u7nDn-5Wc4vY-6j8okx-5WcUd2-7asiyD-72syrt-68xNbB-5M9hK5-6j5cjt-5WwY9E-5KU4ZL-946LfG-6PGeiG-5MrTD6-7qdd36-6vGJ7g-7nPkmj-69Guo1-6aM466-5hkhmT-6tPEEA-69Cio6-827hVc-6XZtbM-8NC4xQ-6hoBBy-7nPkqG-67iTQw-9H5arf-72wy9U-6cg4k7-5Kruua-5XXcWM-6gTCgZ-72wy89-6rZP5m-72syur\" title=\"Flip Mino HD\"><img loading=\"lazy\" decoding=\"async\" src=\"https:\/\/live.staticflickr.com\/3012\/3026387619_68050f397f_o.jpg\" width=\"225\" height=\"188\" alt=\"Flip Mino HD\"><\/a><script async src=\"\/\/embedr.flickr.com\/assets\/client-code.js\" charset=\"utf-8\"><\/script><br \/>\n<\/center><br \/>\nLors de la pr\u00e9sentation <a title=\"Site officiel des cam\u00e9ras Flip\" href=\"https:\/\/en.wikipedia.org\/wiki\/Flip_Video\" target=\"_blank\" rel=\"noopener noreferrer\">des derniers mod\u00e8les de Flip<\/a>, j&rsquo;avais \u00e9t\u00e9 particuli\u00e8rement s\u00e9v\u00e8re, mais juste. Aucune innovation dans ces pr\u00e9tendues nouveaut\u00e9s : toujours pas d&rsquo;enregistrement en Full HD (limitation au 720p), toujours pas de prise pour micro externe&#8230; En 2011 ? Je ne reviens pas sur le choix d&rsquo;offrir une m\u00e9moire interne inamovible plut\u00f4t qu&rsquo;un syst\u00e8me de carte SD, c&rsquo;est un choix qui peut plaire au grand public. Reste qu&rsquo;avec ce genre de tares, <strong>Flip \u00e9tait devenu un suiveur sans envergure.<\/strong> Une vraie d\u00e9ception.<\/p>\n<p>Cisco explique aujourd&rsquo;hui l&rsquo;\u00e9chec de ses cam\u00e9ras par <strong>la standardisation de la vid\u00e9o sur smartphone.<\/strong> Sans vouloir les contredire compl\u00e8tement, je trouve l&rsquo;argument un peu facile. Le prix de ces pocket cameras avait la bonne id\u00e9e d&rsquo;\u00eatre abordable, ce qui est loin d&rsquo;\u00eatre le cas d&rsquo;un iPhone par exemple. M\u00eame alors, qui risque son jouet hors de prix comme il aurait risqu\u00e9 une pocket cam\u00e9ras \u00e0 moins de $200 ? Les usages et le public vis\u00e9 correspondaient-il vraiment \u00e0 ceux d&rsquo;un iPod Touch ? <a title=\"Article de Pocket-Cam.com\" href=\"https:\/\/web.archive.org\/web\/20121018124253\/http:\/\/pocket-cam.com\/blog\/?p=2491\" target=\"_blank\" rel=\"noopener noreferrer\">Soyons lucide<\/a>, cette excuse cache surtout une volont\u00e9 de se recentrer sur des activit\u00e9s plus profitables et Cisco ferme le cercueil des cam\u00e9ras Flip sans avoir m\u00eame tent\u00e9 un bouche \u00e0 bouche.<\/p>\n<p><strong>Heureusement, le concept des cam\u00e9ras de poche est loin d&rsquo;\u00eatre mort et enterr\u00e9. Kodak persiste et signe et a r\u00e9cemment sorti deux nouveaux mod\u00e8les aux nombreuses qualit\u00e9s. Sony est sur le point de d\u00e9cliner la prise de vue 3D au format de poche <a title=\"Article du Journal du Geek\" href=\"http:\/\/www.journaldugeek.com\/2011\/01\/07\/la-sony-bloggie-3d-en-photos\/\" target=\"_blank\" rel=\"noopener noreferrer\">avec la Bloggie 3D<\/a>. Et puisque Cisco n&rsquo;a pas pris ce chemin, il est probable qu&rsquo;un autre proposera t\u00f4t ou tard des pockets cam\u00e9ras \u00e9quip\u00e9es de connexion WiFi ou 3G. En attendant, et comme le disait presque <a title=\"Vid\u00e9o Youtube\" href=\"http:\/\/www.youtube.com\/watch?v=ojydNb3Lrrs&amp;feature=related\" target=\"_blank\" rel=\"noopener noreferrer\">Douglas Adams<\/a>, so long &amp; thanks for all the Flips !<\/strong><\/p>\n<p><span class=\"imdbRatingPlugin\" data-user=\"ur22055856\" data-title=\"tt0146675\" data-style=\"t1\"><br \/>\n<a href=\"https:\/\/www.imdb.com\/title\/tt0146675\/?ref_=tt_plg_rt\"\n><img decoding=\"async\" alt=\"End of Days (1999) on IMDb\" src=\"https:\/\/ia.media-imdb.com\/images\/G\/01\/imdb\/plugins\/rating\/images\/imdb_46x22.png\"><br \/>\n<\/a><\/span><br \/>\n<script>\n(function(d,s,id){var js,stags=d.getElementsByTagName(s)[0];\nif(d.getElementById(id)){return;}js=d.createElement(s);js.id=id;\njs.src=\"https:\/\/ia.media-imdb.com\/images\/G\/01\/imdb\/plugins\/rating\/js\/rating.js\";\nstags.parentNode.insertBefore(js,stags);})(document,'script','imdb-rating-api');    \n<\/script>                    <\/p>\n","protected":false},"excerpt":{"rendered":"<p>Les cam\u00e9ras de poche &#8211; ou pocket cameras &#8211; ont d\u00e9j\u00e0 eu leur moment de gloire sur ce blog. J&rsquo;ai cru d\u00e8s le d\u00e9but et crois toujours fortement au concept, que j&rsquo;ai moi-m\u00eame illustr\u00e9 avec la Kodak Zi8. Lors de son achat, j&rsquo;avais longtemps tergivers\u00e9 entre ce mod\u00e8le et le pr\u00e9curseur dans ce domaine, les<\/p>\n<footer class=\"entry-footer index-entry\">\n<div class=\"post-social pull-left\"><a href=\"https:\/\/www.facebook.com\/sharer\/sharer.php?u=https%3A%2F%2Fhespel.fr%2F%3Fp%3D204\" target=\"_blank\" class=\"social-icons\"><i class=\"fa fa-facebook\" aria-hidden=\"true\"><\/i><\/a><a href=\"https:\/\/twitter.com\/home?status=https%3A%2F%2Fhespel.fr%2F%3Fp%3D204\" target=\"_blank\" class=\"social-icons\"><i class=\"fa fa-twitter\" aria-hidden=\"true\"><\/i><\/a><a href=\"https:\/\/www.linkedin.com\/shareArticle?mini=true&#038;url=https%3A%2F%2Fhespel.fr%2F%3Fp%3D204&#038;title=La+Fin+des+Temps+ou+les+cam%C3%A9ras+Flip\" target=\"_blank\" class=\"social-icons\"><i class=\"fa fa-linkedin\" aria-hidden=\"true\"><\/i><\/a><\/div>\n<p class=\"link-more\"><a href=\"https:\/\/hespel.fr\/?p=204\" class=\"more-link\">Continue reading <span class=\"meta-nav\">\u2192<\/span><\/a><\/p>\n<\/footer>\n","protected":false},"author":2,"featured_media":0,"comment_status":"open","ping_status":"open","sticky":false,"template":"","format":"standard","meta":{"jetpack_post_was_ever_published":false,"footnotes":""},"categories":[5,4,6],"tags":[12,14,35,384,387,390,66,85,394,395,128,136,148,170,398,177,244,245,399,401,299,403,637,379],"class_list":["post-204","post","type-post","status-publish","format-standard","hentry","category-nouvelles-technologies","category-non-classe","category-video","tag-3d","tag-720p","tag-apple","tag-arret","tag-bloggie","tag-cam","tag-camera","tag-cisco","tag-digital","tag-douglas-adams","tag-flip","tag-full","tag-hd","tag-iphone","tag-ipod","tag-kodak","tag-poche","tag-pocket","tag-pure","tag-smartphone","tag-sony","tag-technologies","tag-video","tag-zi8"],"aioseo_notices":[],"jetpack_featured_media_url":"","jetpack_shortlink":"https:\/\/wp.me\/p97UKg-3i","jetpack-related-posts":[{"id":171,"url":"https:\/\/hespel.fr\/?p=171","url_meta":{"origin":204,"position":0},"title":"Mrs Doubtfire ou une cam\u00e9ra dans toutes les poches","author":"R. Hespel","date":"mars 29, 2010","format":false,"excerpt":"C'est \u00e0 l'occasion d'une promotion sur le site de Dell Canada la semaine pass\u00e9e qu'on m'a demand\u00e9 pour la premi\u00e8re fois, de fa\u00e7on directe, des conseils sur une cam\u00e9ra de poche. Les cam\u00e9ras de poche, j'en ai d\u00e9j\u00e0 parl\u00e9 avant sur ce blog. J'ai largement explor\u00e9 ce nouveau petit monde\u2026","rel":"","context":"Dans &quot;Nouvelles technologies&quot;","block_context":{"text":"Nouvelles technologies","link":"https:\/\/hespel.fr\/?cat=5"},"img":{"alt_text":"","src":"https:\/\/i0.wp.com\/hespel.fr\/wp-content\/uploads\/2010\/03\/937_0811.jpg?resize=350%2C200&ssl=1","width":350,"height":200,"srcset":"https:\/\/i0.wp.com\/hespel.fr\/wp-content\/uploads\/2010\/03\/937_0811.jpg?resize=350%2C200&ssl=1 1x, https:\/\/i0.wp.com\/hespel.fr\/wp-content\/uploads\/2010\/03\/937_0811.jpg?resize=525%2C300&ssl=1 1.5x, https:\/\/i0.wp.com\/hespel.fr\/wp-content\/uploads\/2010\/03\/937_0811.jpg?resize=700%2C400&ssl=1 2x"},"classes":[]},{"id":92,"url":"https:\/\/hespel.fr\/?p=92","url_meta":{"origin":204,"position":1},"title":"[Rec] ou une pr\u00e9sentation du Kodak Zi8","author":"R. Hespel","date":"janvier 18, 2010","format":false,"excerpt":"La Kodak Zi8 n'a rien de nouveau. Sortie au mois de septembre 2009, le mod\u00e8le est d\u00e9j\u00e0 \u00e2g\u00e9 de 4 mois ; une \u00e9ternit\u00e9, tant dans le monde de la vid\u00e9o que dans celui des nouvelles technologies. Pourtant, ses concurrents se comptent encore sur les doigts d'une seule main et\u2026","rel":"","context":"Dans &quot;Nouvelles technologies&quot;","block_context":{"text":"Nouvelles technologies","link":"https:\/\/hespel.fr\/?cat=5"},"img":{"alt_text":"","src":"https:\/\/i0.wp.com\/hespel.fr\/wp-content\/uploads\/2010\/01\/IMG_3522-300x225.jpg?resize=350%2C200","width":350,"height":200},"classes":[]},{"id":108,"url":"https:\/\/hespel.fr\/?p=108","url_meta":{"origin":204,"position":2},"title":"[Rec]\u00b2 ou le Kodak Zi8 avec un Netbook","author":"R. Hespel","date":"janvier 25, 2010","format":false,"excerpt":"Apr\u00e8s ma pr\u00e9sentation de la Kodak Zi8 la semaine derni\u00e8re, j'ai souhait\u00e9 aborder la cam\u00e9ra de poche dans un angle plus pratique. Du point de vue de la mobilit\u00e9, l'engin de Kodak est parfait. On le glisse dans sa poche et il se fait vite oublier. Mais si on est\u2026","rel":"","context":"Dans &quot;Nouvelles technologies&quot;","block_context":{"text":"Nouvelles technologies","link":"https:\/\/hespel.fr\/?cat=5"},"img":{"alt_text":"","src":"","width":0,"height":0},"classes":[]},{"id":776,"url":"https:\/\/hespel.fr\/?p=776","url_meta":{"origin":204,"position":3},"title":"Volte\/Face ou la vid\u00e9o \u00e0 360\u00b0","author":"R. Hespel","date":"mars 31, 2017","format":false,"excerpt":"Comment d\u00e9buter avec une cam\u00e9ra 360 ? J'en ai parl\u00e9 en d\u00e9but d'ann\u00e9e, \u00e0 mon sens, le 360\u00b0 sera l'une des tendances fortes de l'ann\u00e9e. Les g\u00e9ants du web supportent tous d\u00e9j\u00e0 ce format (et m\u00eame le direct en 360\u00b0), les outils de r\u00e9alit\u00e9 virtuelle se d\u00e9mocratisent et les cam\u00e9ras\u2026","rel":"","context":"Dans &quot;Nouvelles technologies&quot;","block_context":{"text":"Nouvelles technologies","link":"https:\/\/hespel.fr\/?cat=5"},"img":{"alt_text":"","src":"https:\/\/i0.wp.com\/hespel.fr\/wp-content\/uploads\/2017\/03\/lg360cam.jpg?resize=350%2C200","width":350,"height":200},"classes":[]},{"id":1783,"url":"https:\/\/hespel.fr\/?p=1783","url_meta":{"origin":204,"position":4},"title":"La doublure ou la Sony RX0 Mark II","author":"R. Hespel","date":"f\u00e9vrier 3, 2020","format":false,"excerpt":"Sortie au milieu de l'ann\u00e9e derni\u00e8re, la Sony RX0 II est pass\u00e9e relativement inaper\u00e7ue. Etait-ce \u00e0 cause de son format qui l'assimile d'office \u00e0 une action cam (une GoPro de plus ?), de son c\u00f4t\u00e9 inclassable (beaucoup l'ont envisag\u00e9 comme une cam\u00e9ra pour Youtubeurs), ou de son prix relativement \u00e9lev\u00e9\u2026","rel":"","context":"Dans &quot;Nouvelles technologies&quot;","block_context":{"text":"Nouvelles technologies","link":"https:\/\/hespel.fr\/?cat=5"},"img":{"alt_text":"","src":"https:\/\/i0.wp.com\/hespel.fr\/wp-content\/uploads\/2020\/01\/sonyrx0II_hespel01_resultat-1024x576.jpg?resize=350%2C200&ssl=1","width":350,"height":200,"srcset":"https:\/\/i0.wp.com\/hespel.fr\/wp-content\/uploads\/2020\/01\/sonyrx0II_hespel01_resultat-1024x576.jpg?resize=350%2C200&ssl=1 1x, https:\/\/i0.wp.com\/hespel.fr\/wp-content\/uploads\/2020\/01\/sonyrx0II_hespel01_resultat-1024x576.jpg?resize=525%2C300&ssl=1 1.5x, https:\/\/i0.wp.com\/hespel.fr\/wp-content\/uploads\/2020\/01\/sonyrx0II_hespel01_resultat-1024x576.jpg?resize=700%2C400&ssl=1 2x"},"classes":[]},{"id":177,"url":"https:\/\/hespel.fr\/?p=177","url_meta":{"origin":204,"position":5},"title":"Suspicion ou choisir son vid\u00e9aste","author":"R. Hespel","date":"avril 28, 2010","format":false,"excerpt":"Essayer de conseiller comment choisir son vid\u00e9aste quand on vend soi-m\u00eame ses services comme tel, cela peut para\u00eetre vain. Pourtant, mon but n'est pas ici de vous inviter \u00e0 m'engager mais plut\u00f4t de vous \u00e9viter de tomber sur un charlatan. Il en existe dans tous les domaines et il s'agit\u2026","rel":"","context":"Dans &quot;R\u00e9flexions&quot;","block_context":{"text":"R\u00e9flexions","link":"https:\/\/hespel.fr\/?cat=4"},"img":{"alt_text":"","src":"","width":0,"height":0},"classes":[]}],"_links":{"self":[{"href":"https:\/\/hespel.fr\/index.php?rest_route=\/wp\/v2\/posts\/204","targetHints":{"allow":["GET"]}}],"collection":[{"href":"https:\/\/hespel.fr\/index.php?rest_route=\/wp\/v2\/posts"}],"about":[{"href":"https:\/\/hespel.fr\/index.php?rest_route=\/wp\/v2\/types\/post"}],"author":[{"embeddable":true,"href":"https:\/\/hespel.fr\/index.php?rest_route=\/wp\/v2\/users\/2"}],"replies":[{"embeddable":true,"href":"https:\/\/hespel.fr\/index.php?rest_route=%2Fwp%2Fv2%2Fcomments&post=204"}],"version-history":[{"count":10,"href":"https:\/\/hespel.fr\/index.php?rest_route=\/wp\/v2\/posts\/204\/revisions"}],"predecessor-version":[{"id":20644,"href":"https:\/\/hespel.fr\/index.php?rest_route=\/wp\/v2\/posts\/204\/revisions\/20644"}],"wp:attachment":[{"href":"https:\/\/hespel.fr\/index.php?rest_route=%2Fwp%2Fv2%2Fmedia&parent=204"}],"wp:term":[{"taxonomy":"category","embeddable":true,"href":"https:\/\/hespel.fr\/index.php?rest_route=%2Fwp%2Fv2%2Fcategories&post=204"},{"taxonomy":"post_tag","embeddable":true,"href":"https:\/\/hespel.fr\/index.php?rest_route=%2Fwp%2Fv2%2Ftags&post=204"}],"curies":[{"name":"wp","href":"https:\/\/api.w.org\/{rel}","templated":true}]}}