{"id":201,"date":"2011-02-20T12:29:30","date_gmt":"2011-02-20T11:29:30","guid":{"rendered":"http:\/\/hespel.fr\/?p=201"},"modified":"2020-01-20T16:10:04","modified_gmt":"2020-01-20T15:10:04","slug":"vivreaucanada-tv-ou-mon-experience-de-la-webtv","status":"publish","type":"post","link":"https:\/\/hespel.fr\/?p=201","title":{"rendered":"VivreAuCanada.tv ou mon exp\u00e9rience de la webtv"},"content":{"rendered":"<p><strong>Il y a un peu plus d\u2019un an et un mois, je cr\u00e9ais la webt\u00e9l\u00e9 Vivre Au Canada.tv<\/strong> \u2013 une webtv pour d\u00e9couvrir le Canada sous tous ses aspects. J\u2019\u00e9tais alors expatri\u00e9 \u00e0 Montr\u00e9al depuis presque six mois, et c\u2019\u00e9tait au <a title=\"Podcamp Montreal\" href=\"http:\/\/podcampmontreal.org\/fr\/\" target=\"_blank\" rel=\"noopener noreferrer\">PodCamp 2009<\/a>, quelques mois plus t\u00f4t, que m\u2019\u00e9tait venu l\u2019id\u00e9e. Qu\u2019est-ce qui existait comme solution pour informer ceux d\u00e9sireux de s\u2019expatrier au Canada ? Pas grand-chose. Le but \u00e9tait donc de proposer chaque semaine une courte vid\u00e9o permettant d\u2019en savoir plus sur la vie culturelle, sociale, pratique\u2026 au Canada. Je suis s\u00fbr le point de mettre un terme \u00e0 l\u2019exp\u00e9rience, c\u2019est donc le bon moment d\u2019en faire un bilan.<\/p>\n<p>L\u2019immigration est un des vrais moteurs de l\u2019\u00e9conomie Canadienne, et il n\u2019y a pas moins de 12 000 Fran\u00e7ais qui s\u2019expatrient au pays de la feuille d\u2019\u00e9rable chaque ann\u00e9e avec un visa temporaire. A ceux-ci, il faut ajouter ceux qui demandent un visa de r\u00e9sidence permanente, les Belges, les Suisses et les autres Europ\u00e9ens, dont certains ne savent pas du tout \u00e0 quoi s\u2019attendre. <strong>Un public et une niche potentiellement \u00e9normes. <\/strong><!--more--><\/p>\n<p><strong>Des vid\u00e9os sur le Canada, il en existait d\u00e9j\u00e0<\/strong>, notamment celles de l\u2019organe officiel du gouvernement, <a title=\"Voyage Canada\" href=\"http:\/\/fr.canada.travel\/\" target=\"_blank\" rel=\"noopener noreferrer\">Explorez Sans Fin<\/a> (et son <a title=\"Youtube de Keep Exploring\" href=\"http:\/\/www.youtube.com\/user\/canadiantourism\" target=\"_blank\" rel=\"noopener noreferrer\">\u00e9quivalent anglophone<\/a>). Mais l\u00e0 o\u00f9 il y avait toute une \u00e9quipe derri\u00e8re eux, j\u2019\u00e9tais tout seul, et il a rapidement fallu que je descende mon nombre de vid\u00e9o de 4 \u00e0 3 par mois. Mes exigences ont d\u00fb aussi \u00eatre r\u00e9\u00e9valu\u00e9es, n\u2019ayant pas le temps suffisant pour effectuer les d\u00e9marches et entrevues que j\u2019avais pr\u00e9vu au premier abord. <strong>Ceci explique peut-\u00eatre un succ\u00e8s mitig\u00e9.<\/strong><\/p>\n<p>Diffus\u00e9es principalement sur <a title=\"Youtube de Vivre Au Canada\" href=\"http:\/\/www.youtube.com\/vivreaucanada\" target=\"_blank\" rel=\"noopener noreferrer\">Youtube<\/a>, <a title=\"Dailymotion de Vivre Au Canada\" href=\"http:\/\/www.dailymotion.com\/vivreaucanada\" target=\"_blank\" rel=\"noopener noreferrer\">Dailymotion<\/a>, <a title=\"Vimeo de Vivre Au Canada\" href=\"http:\/\/www.vimeo.com\/vivreaucanada\" target=\"_blank\" rel=\"noopener noreferrer\">Vimeo<\/a> et <a title=\"iTunes de Vivre Au Canada\" href=\"https:\/\/podcasts.apple.com\/fr\/podcast\/vivre-au-canada-tv\/id973045079\" target=\"_blank\" rel=\"noopener noreferrer\">iTunes<\/a>, <strong>la quarantaine de vid\u00e9os produites ont r\u00e9colt\u00e9es un peu plus de 60 000 vues<\/strong>. Un r\u00e9sultat en de\u00e7\u00e0 de mes esp\u00e9rances, auquel il faut n\u00e9anmoins ajouter les quelques 30 000 vues obtenues via la page Facebook de la webtv. Je n\u2019ai effectu\u00e9 aucune publicit\u00e9 pour Vivre Au Canada.tv autre que par les comptes d\u00e9di\u00e9s sur les r\u00e9seaux sociaux. <a title=\"Facebook de Vivre Au Canada\" href=\"http:\/\/www.facebook.com\/vivreaucanada\" target=\"_blank\" rel=\"noopener noreferrer\">Le compte Facebook<\/a> a d\u00e9pass\u00e9 il y a peu les 500 fans, \u00e0 peu pr\u00e8s le nombre d\u2019abonn\u00e9s au compte Twitter de la webt\u00e9l\u00e9. Il faut n\u00e9anmoins pr\u00e9ciser que <a title=\"Twitter de Vivre Au Canada\" href=\"http:\/\/twitter.com\/vivreaucanada\" target=\"_blank\" rel=\"noopener noreferrer\">le compte Twitter<\/a>, en plus de diffuser les vid\u00e9os, avait pour but d\u2019informer sur les activit\u00e9s ayant lieux dans les grandes villes Canadiennes. J\u2019ai d\u00e9pass\u00e9 il y a peu les 2300 tweets.<\/p>\n<p><a href=\"https:\/\/www.vivreaucanada.tv\"><img loading=\"lazy\" decoding=\"async\" data-attachment-id=\"2536\" data-permalink=\"https:\/\/hespel.fr\/?attachment_id=2536\" data-orig-file=\"https:\/\/hespel.fr\/wp-content\/uploads\/2011\/02\/396d1a6b66aabcc4af8b3f90d9690068_400x400.jpeg\" data-orig-size=\"400,400\" data-comments-opened=\"1\" data-image-meta=\"{&quot;aperture&quot;:&quot;0&quot;,&quot;credit&quot;:&quot;&quot;,&quot;camera&quot;:&quot;&quot;,&quot;caption&quot;:&quot;&quot;,&quot;created_timestamp&quot;:&quot;0&quot;,&quot;copyright&quot;:&quot;&quot;,&quot;focal_length&quot;:&quot;0&quot;,&quot;iso&quot;:&quot;0&quot;,&quot;shutter_speed&quot;:&quot;0&quot;,&quot;title&quot;:&quot;&quot;,&quot;orientation&quot;:&quot;0&quot;}\" data-image-title=\"396d1a6b66aabcc4af8b3f90d9690068_400x400\" data-image-description=\"\" data-image-caption=\"\" data-large-file=\"https:\/\/hespel.fr\/wp-content\/uploads\/2011\/02\/396d1a6b66aabcc4af8b3f90d9690068_400x400.jpeg\" src=\"https:\/\/hespel.fr\/wp-content\/uploads\/2011\/02\/396d1a6b66aabcc4af8b3f90d9690068_400x400.jpeg\" alt=\"\" width=\"200\" height=\"200\" class=\"aligncenter size-full wp-image-2536\" srcset=\"https:\/\/hespel.fr\/wp-content\/uploads\/2011\/02\/396d1a6b66aabcc4af8b3f90d9690068_400x400.jpeg 400w, https:\/\/hespel.fr\/wp-content\/uploads\/2011\/02\/396d1a6b66aabcc4af8b3f90d9690068_400x400-300x300.jpeg 300w, https:\/\/hespel.fr\/wp-content\/uploads\/2011\/02\/396d1a6b66aabcc4af8b3f90d9690068_400x400-150x150.jpeg 150w\" sizes=\"auto, (max-width: 200px) 100vw, 200px\" \/><\/a><\/p>\n<p>Les vid\u00e9os qui ont le mieux fonctionn\u00e9 diff\u00e8rent selon les m\u00e9dias. Sur Vimeo, c\u2019est la vid\u00e9o <a title=\"Survivre \u00e0 l'Hiver\" href=\"http:\/\/www.vimeo.com\/18331403\" target=\"_blank\" rel=\"noopener noreferrer\">Survivre \u00e0 l&rsquo;hiver Canadien<\/a> qui a cr\u00e9\u00e9 la surprise, avec plus de 700 vues. Sur Dailymotion, b\u00e9n\u00e9ficiant d\u2019un compte Official User, ce qui permet d\u2019avoir ses vid\u00e9os parfois mises en avant dans les cat\u00e9gories vid\u00e9os, c\u2019est <a title=\"A Walk In Toronto\" href=\"http:\/\/www.dailymotion.com\/video\/xd3tj2_a-walk-in-toronto_travel\" target=\"_blank\" rel=\"noopener noreferrer\">A Walk in Toronto<\/a> qui a rassembl\u00e9 le plus de monde avec presque 3000 vues. Une vid\u00e9o touristique d\u00e9pass\u00e9e sur iTunes par celle pr\u00e9sentant <a title=\"Un Jour \u00e0 Qu\u00e9bec\" href=\"http:\/\/www.vimeo.com\/11036151\" target=\"_blank\" rel=\"noopener noreferrer\">Un Jour \u00e0 Qu\u00e9bec<\/a>, avec ses 1700 vues. Enfin, sur Youtube, c\u2019est une vid\u00e9o d\u00e9crivant les <a title=\"Premiers Pas \u00e0 Montr\u00e9al\" href=\"http:\/\/www.youtube.com\/watch?v=bg5tFE2HHdc\" target=\"_blank\" rel=\"noopener noreferrer\">Premiers pas \u00e0 Montr\u00e9al<\/a> qui atteint pr\u00e8s de 2000 visionnements.<\/p>\n<p>Aujourd\u2019hui, la sant\u00e9 de <a title=\"Vivre Au Canada.tv\" href=\"http:\/\/www.vivreaucanada.tv\" target=\"_blank\" rel=\"noopener noreferrer\">Vivre Au Canada.tv<\/a> est relativement bonne. Plus de fans sur Facebook, plus de followers sur Twitter, davantage de vues sur tous les comptes vid\u00e9os. N\u00e9anmoins, il n\u2019y a jamais eu de mod\u00e8le \u00e9conomique derri\u00e8re. Les quelques vid\u00e9os sponsoris\u00e9es ont permis d\u2019offrir des concours au public r\u00e9gulier de la webt\u00e9l\u00e9, le bouton Paypal dispos\u00e9 sur le site n\u2019a jamais rien rapport\u00e9 et la publicit\u00e9 propos\u00e9e sur iTunes m\u2019a permis d\u2019encaisser <strong>0,64 dollars<\/strong>. On est loin en dessous des co\u00fbts de fonctionnement r\u00e9els.<\/p>\n<p><strong>L\u2019aventure s\u2019arr\u00eate donc ici. Plus de temps, plus de moyens, et le fait que je ne r\u00e9side plus au Canada ont sonn\u00e9 le glas de Vivre Au Canada.tv. La passion a toujours \u00e9t\u00e9 pr\u00e9sente et les retours, toujours appr\u00e9ci\u00e9s. Je reste persuad\u00e9 du potentiel de l\u2019id\u00e9e, et de la n\u00e9cessit\u00e9 d\u2019informer par vid\u00e9o les potentiels expatri\u00e9s. Le site restera donc en ligne et le nom de domaine sera renouvel\u00e9 jusqu\u2019\u00e0 ce que la webt\u00e9l\u00e9 ne re\u00e7oive plus aucun int\u00e9r\u00eat. Pour ma part, je vais continuer mon exp\u00e9rience dans ce domaine, mais cette fois-ci dans le domaine public, en Belgique. Souhaitez-moi bonne chance !<\/strong><\/p>\n<div class=\"jetpack-video-wrapper\"><span class=\"embed-youtube\" style=\"text-align:center; display: block;\"><iframe loading=\"lazy\" class=\"youtube-player\" width=\"780\" height=\"439\" src=\"https:\/\/www.youtube.com\/embed\/tL_0AAgL91s?version=3&#038;rel=1&#038;showsearch=0&#038;showinfo=1&#038;iv_load_policy=1&#038;fs=1&#038;hl=fr-FR&#038;autohide=2&#038;wmode=transparent\" allowfullscreen=\"true\" style=\"border:0;\" sandbox=\"allow-scripts allow-same-origin allow-popups allow-presentation allow-popups-to-escape-sandbox\"><\/iframe><\/span><\/div>\n","protected":false},"excerpt":{"rendered":"<p>Il y a un peu plus d\u2019un an et un mois, je cr\u00e9ais la webt\u00e9l\u00e9 Vivre Au Canada.tv \u2013 une webtv pour d\u00e9couvrir le Canada sous tous ses aspects. J\u2019\u00e9tais alors expatri\u00e9 \u00e0 Montr\u00e9al depuis presque six mois, et c\u2019\u00e9tait au PodCamp 2009, quelques mois plus t\u00f4t, que m\u2019\u00e9tait venu l\u2019id\u00e9e. Qu\u2019est-ce qui existait comme<\/p>\n<footer class=\"entry-footer index-entry\">\n<div class=\"post-social pull-left\"><a href=\"https:\/\/www.facebook.com\/sharer\/sharer.php?u=https%3A%2F%2Fhespel.fr%2F%3Fp%3D201\" target=\"_blank\" class=\"social-icons\"><i class=\"fa fa-facebook\" aria-hidden=\"true\"><\/i><\/a><a href=\"https:\/\/twitter.com\/home?status=https%3A%2F%2Fhespel.fr%2F%3Fp%3D201\" target=\"_blank\" class=\"social-icons\"><i class=\"fa fa-twitter\" aria-hidden=\"true\"><\/i><\/a><a href=\"https:\/\/www.linkedin.com\/shareArticle?mini=true&#038;url=https%3A%2F%2Fhespel.fr%2F%3Fp%3D201&#038;title=VivreAuCanada.tv+ou+mon+exp%C3%A9rience+de+la+webtv\" target=\"_blank\" class=\"social-icons\"><i class=\"fa fa-linkedin\" aria-hidden=\"true\"><\/i><\/a><\/div>\n<p class=\"link-more\"><a href=\"https:\/\/hespel.fr\/?p=201\" class=\"more-link\">Continue reading <span class=\"meta-nav\">\u2192<\/span><\/a><\/p>\n<\/footer>\n","protected":false},"author":2,"featured_media":0,"comment_status":"open","ping_status":"open","sticky":false,"template":"","format":"standard","meta":{"jetpack_post_was_ever_published":false,"footnotes":""},"categories":[412,4,6,7],"tags":[385,52,71,96,116,171,216,246,247,267,404,335,338,358,406,407,408,409,377],"class_list":["post-201","post","type-post","status-publish","format-standard","hentry","category-projets","category-non-classe","category-video","category-web","tag-au","tag-blip","tag-canada","tag-dailymotion","tag-facebook","tag-itunes","tag-montreal","tag-podcamp","tag-podcast","tag-quebec","tag-toronto","tag-tv","tag-twitter","tag-vimeo","tag-vivre","tag-vivre-au-canada","tag-webtele","tag-webtv","tag-youtube"],"aioseo_notices":[],"jetpack_featured_media_url":"","jetpack_shortlink":"https:\/\/wp.me\/p97UKg-3f","jetpack-related-posts":[{"id":269,"url":"https:\/\/hespel.fr\/?p=269","url_meta":{"origin":201,"position":0},"title":"Le Proc\u00e8s ou le Bureau International Jeunesse","author":"R. Hespel","date":"mai 28, 2012","format":false,"excerpt":"Il y a des choses qu'on pensait avoir mis derri\u00e8re soi. Des choses qui soudain reprennent vie et viennent \u00e0 nouveau vous chercher. En f\u00e9vrier 2011, je mettais fin \u00e0 l'exp\u00e9rience Vivre Au Canada.tv pour de bon. Du moins, c'est ce que je pensais. Au fil du temps, alors que\u2026","rel":"","context":"Dans &quot;Projets&quot;","block_context":{"text":"Projets","link":"https:\/\/hespel.fr\/?cat=412"},"img":{"alt_text":"","src":"","width":0,"height":0},"classes":[]},{"id":206,"url":"https:\/\/hespel.fr\/?p=206","url_meta":{"origin":201,"position":1},"title":"Signes ou un nouveau projet de WebTV","author":"R. Hespel","date":"mai 28, 2011","format":false,"excerpt":"Beaucoup de gens vous diront, moi y compris, que lorsqu'on d\u00e9veloppe une id\u00e9e pour Internet, il ne faut pas viser le plus large public possible. La bonne tactique, quand vous n'avez pas les moyens de vos ambitions gargantuesques, c'est de vous adresser \u00e0 un public pr\u00e9cis. C'est ce qu'on appelle\u2026","rel":"","context":"Dans &quot;Projets&quot;","block_context":{"text":"Projets","link":"https:\/\/hespel.fr\/?cat=412"},"img":{"alt_text":"","src":"","width":0,"height":0},"classes":[]},{"id":114,"url":"https:\/\/hespel.fr\/?p=114","url_meta":{"origin":201,"position":2},"title":"Un Nouvel Espoir ou Tou.Tv","author":"R. Hespel","date":"f\u00e9vrier 1, 2010","format":false,"excerpt":"L'actualit\u00e9 a \u00e9t\u00e9 tr\u00e8s riche la semaine pass\u00e9e, entre la pr\u00e9sentation tr\u00e8s attendue du nouveau concept d'Apple, l'iPad, et l'arriv\u00e9e au Qu\u00e9bec d'une solution vid\u00e9o in\u00e9dite en ligne, intitul\u00e9e TOU.TV. Entre les deux sujets, mon coeur balance, lequel allais-je aborder ? Le choix a \u00e9t\u00e9 plus simple que pr\u00e9vu. Du\u2026","rel":"","context":"Dans &quot;R\u00e9flexions&quot;","block_context":{"text":"R\u00e9flexions","link":"https:\/\/hespel.fr\/?cat=4"},"img":{"alt_text":"","src":"","width":0,"height":0},"classes":[]},{"id":232,"url":"https:\/\/hespel.fr\/?p=232","url_meta":{"origin":201,"position":3},"title":"Braveheart ou cr\u00e9er un videosite sur VidMeUp","author":"R. Hespel","date":"ao\u00fbt 18, 2011","format":false,"excerpt":"Dans la rubrique \"J'ai test\u00e9 pour vous\", je me suis int\u00e9ress\u00e9 \u00e0 un portail original nomm\u00e9 VidMeUp. Qu'est-ce qui se cache derri\u00e8re ce nom myst\u00e9rieux ? VidMeUp est un service qui se targue de vous permettre de cr\u00e9er votre propre site de vid\u00e9os, gratuitement. Un site de vid\u00e9os ? Plus\u2026","rel":"","context":"Dans &quot;R\u00e9flexions&quot;","block_context":{"text":"R\u00e9flexions","link":"https:\/\/hespel.fr\/?cat=4"},"img":{"alt_text":"","src":"https:\/\/i0.wp.com\/hespel.fr\/wp-content\/uploads\/2011\/08\/vidmeup-pricing-606x364-1.jpg?resize=350%2C200&ssl=1","width":350,"height":200,"srcset":"https:\/\/i0.wp.com\/hespel.fr\/wp-content\/uploads\/2011\/08\/vidmeup-pricing-606x364-1.jpg?resize=350%2C200&ssl=1 1x, https:\/\/i0.wp.com\/hespel.fr\/wp-content\/uploads\/2011\/08\/vidmeup-pricing-606x364-1.jpg?resize=525%2C300&ssl=1 1.5x"},"classes":[]},{"id":61,"url":"https:\/\/hespel.fr\/?p=61","url_meta":{"origin":201,"position":4},"title":"The Truman Show ou la diffusion en direct","author":"R. Hespel","date":"d\u00e9cembre 7, 2009","format":false,"excerpt":"Diffuser une vid\u00e9o en direct sur Internet n'est aujourd'hui plus si complexe et il m'a sembl\u00e9 opportun, \u00e0 la veille de la diffusion de l'IdentityCamp, de faire le point sur les diff\u00e9rentes plateformes existantes et sur leurs possibilit\u00e9s. Je vais commencer par les solutions les plus faciles \u00e0 utiliser et\u2026","rel":"","context":"Dans &quot;Nouvelles technologies&quot;","block_context":{"text":"Nouvelles technologies","link":"https:\/\/hespel.fr\/?cat=5"},"img":{"alt_text":"","src":"","width":0,"height":0},"classes":[]},{"id":941,"url":"https:\/\/hespel.fr\/?p=941","url_meta":{"origin":201,"position":5},"title":"La Nuit au Mus\u00e9e ou la place de la vid\u00e9o dans un mus\u00e9e","author":"R. Hespel","date":"f\u00e9vrier 17, 2018","format":false,"excerpt":"Pour la premi\u00e8re fois, j'ai des vid\u00e9os qui tournent simultan\u00e9ment dans trois mus\u00e9es ou expositions de la r\u00e9gion li\u00e9geoise. Une petite r\u00e9volution en soit tant j'ai toujours \u00e9t\u00e9 tr\u00e8s prudent quant \u00e0 la place \u00e0 accorder \u00e0 des vid\u00e9os dans de telles institutions. Comme bien souvent, j'ai l'impression qu'on cherche\u2026","rel":"","context":"Dans &quot;Projets&quot;","block_context":{"text":"Projets","link":"https:\/\/hespel.fr\/?cat=412"},"img":{"alt_text":"","src":"https:\/\/i0.wp.com\/hespel.fr\/wp-content\/uploads\/2018\/02\/arts-m%C3%A9caniques-MMIL-3-e1518882296424-963x1024.jpg?resize=350%2C200&ssl=1","width":350,"height":200,"srcset":"https:\/\/i0.wp.com\/hespel.fr\/wp-content\/uploads\/2018\/02\/arts-m%C3%A9caniques-MMIL-3-e1518882296424-963x1024.jpg?resize=350%2C200&ssl=1 1x, https:\/\/i0.wp.com\/hespel.fr\/wp-content\/uploads\/2018\/02\/arts-m%C3%A9caniques-MMIL-3-e1518882296424-963x1024.jpg?resize=525%2C300&ssl=1 1.5x, https:\/\/i0.wp.com\/hespel.fr\/wp-content\/uploads\/2018\/02\/arts-m%C3%A9caniques-MMIL-3-e1518882296424-963x1024.jpg?resize=700%2C400&ssl=1 2x"},"classes":[]}],"_links":{"self":[{"href":"https:\/\/hespel.fr\/index.php?rest_route=\/wp\/v2\/posts\/201","targetHints":{"allow":["GET"]}}],"collection":[{"href":"https:\/\/hespel.fr\/index.php?rest_route=\/wp\/v2\/posts"}],"about":[{"href":"https:\/\/hespel.fr\/index.php?rest_route=\/wp\/v2\/types\/post"}],"author":[{"embeddable":true,"href":"https:\/\/hespel.fr\/index.php?rest_route=\/wp\/v2\/users\/2"}],"replies":[{"embeddable":true,"href":"https:\/\/hespel.fr\/index.php?rest_route=%2Fwp%2Fv2%2Fcomments&post=201"}],"version-history":[{"count":10,"href":"https:\/\/hespel.fr\/index.php?rest_route=\/wp\/v2\/posts\/201\/revisions"}],"predecessor-version":[{"id":2539,"href":"https:\/\/hespel.fr\/index.php?rest_route=\/wp\/v2\/posts\/201\/revisions\/2539"}],"wp:attachment":[{"href":"https:\/\/hespel.fr\/index.php?rest_route=%2Fwp%2Fv2%2Fmedia&parent=201"}],"wp:term":[{"taxonomy":"category","embeddable":true,"href":"https:\/\/hespel.fr\/index.php?rest_route=%2Fwp%2Fv2%2Fcategories&post=201"},{"taxonomy":"post_tag","embeddable":true,"href":"https:\/\/hespel.fr\/index.php?rest_route=%2Fwp%2Fv2%2Ftags&post=201"}],"curies":[{"name":"wp","href":"https:\/\/api.w.org\/{rel}","templated":true}]}}