{"id":20,"date":"2009-10-26T18:22:26","date_gmt":"2009-10-26T16:22:26","guid":{"rendered":"http:\/\/rhespel.perso.sfr.fr\/?p=20"},"modified":"2020-09-10T19:01:54","modified_gmt":"2020-09-10T17:01:54","slug":"jason-bourne-ou-lidentite-numerique","status":"publish","type":"post","link":"https:\/\/hespel.fr\/?p=20","title":{"rendered":"Jason Bourne ou l&rsquo;Identit\u00e9 Num\u00e9rique"},"content":{"rendered":"<p><strong>L&rsquo;identit\u00e9 num\u00e9rique<\/strong> a \u00e9t\u00e9 abord\u00e9e lors du dernier\u00a0 <a title=\"Webcamp Montreal\" href=\"http:\/\/webcampmontreal.org\/\" target=\"_blank\" rel=\"noopener noreferrer\">Webcamp<\/a>, l&rsquo;\u00e9v\u00e9nement off du\u00a0 <a title=\"Webcom Montreal\" href=\"https:\/\/web.archive.org\/web\/20090323021543\/http:\/\/www.webcom-montreal.com\/\" target=\"_blank\" rel=\"noopener noreferrer\">Webcom<\/a> 2009 de Montr\u00e9al, de fa\u00e7on presque \u00e9vidente. Quel geek, quel blogueur influent n&rsquo;utilise pas son nom comme marque de fabrique sur Internet ?<\/p>\n<p>D&rsquo;abord, une pr\u00e9cision : qu&rsquo;est-ce que votre identit\u00e9 num\u00e9rique ? Ce sont toutes les informations qu&rsquo;on peut trouver \u00e0 votre sujet sur Internet. Donn\u00e9es rentr\u00e9es dans les profils de forums, de blogs, de r\u00e9seaux sociaux&#8230; <strong>Tout cela vous identifie sur le web.\u00a0 <!--more--><br \/>\n<\/strong><\/p>\n<p>Au d\u00e9part, g\u00e9rer son identit\u00e9 \u00e9tait simple. On arrivait sur Internet, on se trouvait un pseudo (parfois ridicule) et on pouvait errer dans les coins d&rsquo;Internet en toute tranquillit\u00e9. Personne ne saurait qui est qui. <strong>Internet, ou le monde o\u00f9 vous pouviez devenir n&rsquo;importe qui. <\/strong><\/p>\n<p>Les\u00a0 <a title=\"MMO sur Wikipedia\" href=\"http:\/\/fr.wikipedia.org\/wiki\/MMO\" target=\"_blank\" rel=\"noopener noreferrer\">MMO<\/a> ont continu\u00e9 dans cette voie. Vous \u00eates un homme ? Devenez une elfette. Un avatar vous repr\u00e9sentait et vous personnifiait dans les mondes virtuels. Avec ses possibles d\u00e9rives, mais aussi avec ses avantages : quid de la discrimination, du racisme, de la moindre diff\u00e9rence ? En dissociant identit\u00e9 r\u00e9elle et identit\u00e9 num\u00e9rique, tout devenait possible.<\/p>\n<p>C&rsquo;est encore comme \u00e7a aujourd&rsquo;hui. Alors, qu&rsquo;est-ce qui a chang\u00e9 ? D&rsquo;abord, pas grand chose. Comme toute \u00e9volution, les choses se font petit \u00e0 petit.<\/p>\n<p>Au gr\u00e9 de mes amiti\u00e9s virtuelles, j&rsquo;ai rencontr\u00e9 une personne partageant certains de mes go\u00fbts musicaux et m&rsquo;en faisant d\u00e9couvrir d&rsquo;autres sur\u00a0 <a title=\"Last.fm\" href=\"http:\/\/www.last.fm\/\" target=\"_blank\" rel=\"noopener noreferrer\">Last.fm<\/a>. Cette personne avait pour pseudo <em>chasing_twilight<\/em>. Quelques mois pass\u00e8rent, peut-\u00eatre une ann\u00e9e. Au bout du compte, j&rsquo;avais de moins en moins de nouvelles de <em>chasing_twilight<\/em> et son activit\u00e9 sur le site musical \u00e9tait devenue inexistante. Une visite sur son profil m&rsquo;apprit qu&rsquo;elle avait d\u00e9m\u00e9nag\u00e9. Des \u00c9tats-Unis au Canada, mais aussi de fa\u00e7on num\u00e9rique. Elle s&rsquo;\u00e9tait cr\u00e9\u00e9e un nouveau profil et \u00e9tait devenue <em>simply_stardust<\/em>.<\/p>\n<p>Ce changement d&rsquo;identit\u00e9, qui refl\u00e9tait un changement dans sa vie personnelle, elle l&rsquo;avait effectu\u00e9 sur tous les sites qu&rsquo;elle fr\u00e9quentait. <strong>Elle avait m\u00e9tamorphos\u00e9 son identit\u00e9 num\u00e9rique pour coller \u00e0 la r\u00e9alit\u00e9.<\/strong> Pour une personne qui ne la rencontrait que sous son nouveau pseudonyme, il n&rsquo;y avait rien de choquant, mais pour ceux qui la connaissait d\u00e9j\u00e0, cela ne leur permettait que de la conna\u00eetre mieux.<\/p>\n<p>Cette anecdote refl\u00e8te pour moi un pallier de l&rsquo;\u00e9volution de l&rsquo;identit\u00e9 num\u00e9rique. Un pallier dans notre fa\u00e7on de g\u00e9rer notre identit\u00e9 via des pseudos. Un pallier s\u00e9rieusement \u00e9branl\u00e9 depuis par l&rsquo;explosion des r\u00e9seaux sociaux, via l&rsquo;apog\u00e9e de\u00a0 <a title=\"Facebook\" href=\"http:\/\/www.facebook.com\" target=\"_blank\" rel=\"noopener noreferrer\">Facebook<\/a>.<\/p>\n<p><strong>Facebook<\/strong>, bien que fonctionnant en syst\u00e8me ferm\u00e9 par rapport au monde ouvert que pr\u00e9sente Internet, appelle un chat \u00ab\u00a0un chat\u00a0\u00bb. Recherchez une personne par son nom, vous la trouverez &#8211; ainsi que ses amis, ses go\u00fbts, ses pr\u00e9f\u00e9rences&#8230; Bien s\u00fbr, de nombreuses mesures ont \u00e9t\u00e9 prises pour prot\u00e9ger ma vie priv\u00e9e ou la v\u00f4tre. Mais Facebook reste un changement majeur.<\/p>\n<p>Avec l&rsquo;arriv\u00e9e de\u00a0 <a title=\"Twitter\" href=\"http:\/\/www.twitter.com\" target=\"_blank\" rel=\"noopener noreferrer\">Twitter<\/a>, le jeu se complexifie encore. L\u00e0, rien ne vous emp\u00eache de choisir un pseudo plut\u00f4t que votre identit\u00e9 r\u00e9elle. Mais combien de personnes utilisent <strong>Twitter<\/strong> sans utiliser Facebook ? Qui, au contraire, utilisent les deux tableaux et y sont suivis par les m\u00eames personnes ? Choisir un pseudo, c&rsquo;est alors permettre de l&rsquo;associer \u00e0 un nom r\u00e9el. Utiliser son nom, c&rsquo;est continuer \u00e0 se d\u00e9voiler un peu plus&#8230;<\/p>\n<p>L\u00e0 encore, des garde-fous existent. Mais \u00e0 l&rsquo;heure o\u00f9 le partage de vid\u00e9os et de photos, via\u00a0 <a title=\"Youtube\" href=\"http:\/\/www.youtube.com\" target=\"_blank\" rel=\"noopener noreferrer\">Youtube<\/a> et\u00a0 <a title=\"Flickr\" href=\"http:\/\/www.flickr.com\" target=\"_blank\" rel=\"noopener noreferrer\">Flickr<\/a> par exemple, se d\u00e9mocratise, peut-on vraiment encore se cacher derri\u00e8re son identit\u00e9 num\u00e9rique ? Une simple recherche dans Google permet de trouver mon amie <em>simply_stardust<\/em> sous son vrai nom&#8230;<\/p>\n<p>Et si, la vrai question \u00e9tait : est-ce encore utile ? <strong>Internet n&rsquo;est-il pas, au contraire, en train de se responsabiliser ?<\/strong> En Am\u00e9rique du Nord, il y a ce qu&rsquo;on appelle le personnal branding, soit la marque personnelle. \u00e7a ne veut rien dire une fois traduit, mais il s&rsquo;agit simplement de promouvoir son nom en tant que marque. Je citerais comme exemple\u00a0 <a title=\"Christian Aubry .org\" href=\"http:\/\/christian.aubry.org\/\" target=\"_blank\" rel=\"noopener noreferrer\">Christian Aubry<\/a> et\u00a0 <a title=\"Ze Laurent\" href=\"http:\/\/www.zelaurent.com\" target=\"_blank\" rel=\"noopener noreferrer\">Laurent Maisonnave<\/a>, deux personnes que je respecte, oeuvrant dans la vid\u00e9o et la communication.<\/p>\n<p><strong>On peut arguer que l&rsquo;usage du personnal branding est pour l&rsquo;instant r\u00e9serv\u00e9 aux personnes qui s&rsquo;en servent pour se promouvoir au niveau professionnel. <\/strong>C&rsquo;est en effet majoritairement limit\u00e9 aux personnes qui en font leur fond de commerce. Blogueurs, pigistes, ind\u00e9pendants&#8230; On peut les consid\u00e9rer comme des exceptions. Je les consid\u00e8re comme des pr\u00e9curseurs.<\/p>\n<p><strong>Ce n&rsquo;est \u00e0 mon avis qu&rsquo;une question de temps avant que tout \u00e0 chacun ne fasse usage de sa v\u00e9ritable identit\u00e9 sur Internet. C&rsquo;est la direction qu&rsquo;a pris Internet et c&rsquo;est une direction qu&rsquo;il faut prendre si on veut en faire un espace important, un espace d\u00e9cisionnel, un espace en prise avec le r\u00e9el&#8230; ce qu&rsquo;il est, mais ce que tout le monde ne lui reconnait pas encore.<\/strong><\/p>\n<p>C&rsquo;est pourquoi, aujourd&rsquo;hui, je cr\u00e9\u00e9 mon blog, \u00e0 mon nom.<\/p>\n<p><span class=\"imdbRatingPlugin\" data-user=\"ur22055856\" data-title=\"tt0258463\" data-style=\"t1\"><br \/>\n<a href=\"http:\/\/www.imdb.com\/title\/tt0258463\/?ref_=tt_plg_rt\"\n><img decoding=\"async\" alt=\"The Bourne Identity (2002) on IMDb\" src=\"http:\/\/g-ecx.images-amazon.com\/images\/G\/01\/imdb\/plugins\/rating\/images\/imdb_46x22.png\"><br \/>\n<\/a><\/span><br \/>\n<script>\n(function(d,s,id){var js,stags=d.getElementsByTagName(s)[0];\nif(d.getElementById(id)){return;}js=d.createElement(s);js.id=id;\njs.src=\"http:\/\/g-ec2.images-amazon.com\/images\/G\/01\/imdb\/plugins\/rating\/js\/rating.min.js\";\nstags.parentNode.insertBefore(js,stags);})(document,'script','imdb-rating-api');    \n<\/script>                    <\/p>\n","protected":false},"excerpt":{"rendered":"<p>Ce n&rsquo;est \u00e0 mon avis qu&rsquo;une question de temps avant que tout \u00e0 chacun ne fasse usage de sa v\u00e9ritable identit\u00e9 sur Internet. C&rsquo;est la direction qu&rsquo;a pris Internet et c&rsquo;est une direction qu&rsquo;il faut prendre si on veut en faire un espace important, un espace d\u00e9cisionnel, un espace en prise avec le r\u00e9el&#8230; ce qu&rsquo;il est, mais ce que tout le monde ne lui reconnait pas encore.<\/p>\n","protected":false},"author":2,"featured_media":0,"comment_status":"open","ping_status":"open","sticky":false,"template":"","format":"standard","meta":{"jetpack_post_was_ever_published":false,"footnotes":""},"categories":[5,7],"tags":[42,116,127,158,159,167,175,227,238,260,276,338,377],"class_list":["post-20","post","type-post","status-publish","format-standard","hentry","category-nouvelles-technologies","category-web","tag-avatar","tag-facebook","tag-flickr","tag-identite","tag-identite-numerique","tag-internet","tag-jason-bourne","tag-numerique","tag-personal-branding","tag-pseudo","tag-reseaux-sociaux","tag-twitter","tag-youtube"],"aioseo_notices":[],"jetpack_featured_media_url":"","jetpack_shortlink":"https:\/\/wp.me\/p97UKg-k","jetpack-related-posts":[{"id":134,"url":"https:\/\/hespel.fr\/?p=134","url_meta":{"origin":20,"position":0},"title":"Apparences ou votre brand en vid\u00e9o","author":"R. Hespel","date":"f\u00e9vrier 8, 2010","format":false,"excerpt":"Lors de mon passage au dernier Focus 20, \u00e0 Drummondville, je me suis pos\u00e9 une question simple. Combien de personnes, dans la salle, communiquent par vid\u00e9o ? Le Focus 20 est un r\u00e9seau de professionnels du Web et de chefs d'entreprise exploitant ou souhaitant exploiter des applications Web 2.0 pour\u2026","rel":"","context":"Dans &quot;R\u00e9flexions&quot;","block_context":{"text":"R\u00e9flexions","link":"https:\/\/hespel.fr\/?cat=4"},"img":{"alt_text":"","src":"","width":0,"height":0},"classes":[]},{"id":180,"url":"https:\/\/hespel.fr\/?p=180","url_meta":{"origin":20,"position":1},"title":"Heat ou l&rsquo;importance d&rsquo;\u00eatre pr\u00e9sent en vid\u00e9o","author":"R. Hespel","date":"mai 14, 2010","format":false,"excerpt":"Suite \u00e0 un contrat cette semaine, j'ai pris le temps de r\u00e9fl\u00e9chir plus amplement sur l'importance d'\u00eatre pr\u00e9sent sur Internet, particuli\u00e8rement en vid\u00e9o. C'est un sujet majeur, une \u00e9vidence pour certains, mais qui demande des exemples concrets pour convaincre les autres. Pourquoi faut-il \u00eatre pr\u00e9sent sur Internet ? Que vous\u2026","rel":"","context":"Dans &quot;Video&quot;","block_context":{"text":"Video","link":"https:\/\/hespel.fr\/?cat=6"},"img":{"alt_text":"","src":"","width":0,"height":0},"classes":[]},{"id":173,"url":"https:\/\/hespel.fr\/?p=173","url_meta":{"origin":20,"position":2},"title":"Le 3e Homme ou la diffusion live \u00e0 outrance","author":"R. Hespel","date":"avril 18, 2010","format":false,"excerpt":"Depuis quelques semaines, je suis bien occup\u00e9. Des mandats s'installent sur le long terme, ce qui explique une diminution de ma pr\u00e9sence web. Une diminution paradoxale puisque je suis toujours tr\u00e8s pr\u00e9sent, mais plus en mon nom. A deux reprises, la semaine pass\u00e9e, j'ai effectu\u00e9 des captations sur Ustream \u00e0\u2026","rel":"","context":"Dans &quot;Video&quot;","block_context":{"text":"Video","link":"https:\/\/hespel.fr\/?cat=6"},"img":{"alt_text":"","src":"","width":0,"height":0},"classes":[]},{"id":206,"url":"https:\/\/hespel.fr\/?p=206","url_meta":{"origin":20,"position":3},"title":"Signes ou un nouveau projet de WebTV","author":"R. Hespel","date":"mai 28, 2011","format":false,"excerpt":"Beaucoup de gens vous diront, moi y compris, que lorsqu'on d\u00e9veloppe une id\u00e9e pour Internet, il ne faut pas viser le plus large public possible. La bonne tactique, quand vous n'avez pas les moyens de vos ambitions gargantuesques, c'est de vous adresser \u00e0 un public pr\u00e9cis. C'est ce qu'on appelle\u2026","rel":"","context":"Dans &quot;Projets&quot;","block_context":{"text":"Projets","link":"https:\/\/hespel.fr\/?cat=412"},"img":{"alt_text":"","src":"","width":0,"height":0},"classes":[]},{"id":35,"url":"https:\/\/hespel.fr\/?p=35","url_meta":{"origin":20,"position":4},"title":"Matrix ou mes trois conseils \u00e0 R\u00e9zoPointZ\u00e9ro","author":"R. Hespel","date":"novembre 9, 2009","format":false,"excerpt":"The Matrix \u00e9tait un excellent film. Mais une pi\u00e8tre trilogie. Une bonne id\u00e9e au d\u00e9part, mais bien mal exploit\u00e9e. Le tout devenait indigeste, et manquait le coche. R\u00e9zoPointZ\u00e9ro souffre pour l\u2019instant du m\u00eame syndrome. Une bonne id\u00e9e, mais dont la mise en application me laisse perplexe. Pour vous en faire\u2026","rel":"","context":"Dans &quot;Nouvelles technologies&quot;","block_context":{"text":"Nouvelles technologies","link":"https:\/\/hespel.fr\/?cat=5"},"img":{"alt_text":"","src":"","width":0,"height":0},"classes":[]},{"id":195,"url":"https:\/\/hespel.fr\/?p=195","url_meta":{"origin":20,"position":5},"title":"Les Temps Modernes ou l&rsquo;Archos 70it","author":"R. Hespel","date":"novembre 26, 2010","format":false,"excerpt":"S'il y a bien un cadeau qui va se retrouver sous bon nombre de sapins cette fin d'ann\u00e9e 2010, c'est la tablette. Apple a frapp\u00e9 fort en lan\u00e7ant une mouvance avec son iPad, mais depuis peu, le march\u00e9 bouge beaucoup et \u00e9volue dans le bon sens. L'iPad avait deux inconv\u00e9nients\u2026","rel":"","context":"Dans &quot;Nouvelles technologies&quot;","block_context":{"text":"Nouvelles technologies","link":"https:\/\/hespel.fr\/?cat=5"},"img":{"alt_text":"","src":"https:\/\/i0.wp.com\/hespel.fr\/wp-content\/uploads\/2010\/11\/Iarchos-70-it-back.jpg?resize=350%2C200&ssl=1","width":350,"height":200,"srcset":"https:\/\/i0.wp.com\/hespel.fr\/wp-content\/uploads\/2010\/11\/Iarchos-70-it-back.jpg?resize=350%2C200&ssl=1 1x, https:\/\/i0.wp.com\/hespel.fr\/wp-content\/uploads\/2010\/11\/Iarchos-70-it-back.jpg?resize=525%2C300&ssl=1 1.5x"},"classes":[]}],"_links":{"self":[{"href":"https:\/\/hespel.fr\/index.php?rest_route=\/wp\/v2\/posts\/20","targetHints":{"allow":["GET"]}}],"collection":[{"href":"https:\/\/hespel.fr\/index.php?rest_route=\/wp\/v2\/posts"}],"about":[{"href":"https:\/\/hespel.fr\/index.php?rest_route=\/wp\/v2\/types\/post"}],"author":[{"embeddable":true,"href":"https:\/\/hespel.fr\/index.php?rest_route=\/wp\/v2\/users\/2"}],"replies":[{"embeddable":true,"href":"https:\/\/hespel.fr\/index.php?rest_route=%2Fwp%2Fv2%2Fcomments&post=20"}],"version-history":[{"count":2,"href":"https:\/\/hespel.fr\/index.php?rest_route=\/wp\/v2\/posts\/20\/revisions"}],"predecessor-version":[{"id":6046,"href":"https:\/\/hespel.fr\/index.php?rest_route=\/wp\/v2\/posts\/20\/revisions\/6046"}],"wp:attachment":[{"href":"https:\/\/hespel.fr\/index.php?rest_route=%2Fwp%2Fv2%2Fmedia&parent=20"}],"wp:term":[{"taxonomy":"category","embeddable":true,"href":"https:\/\/hespel.fr\/index.php?rest_route=%2Fwp%2Fv2%2Fcategories&post=20"},{"taxonomy":"post_tag","embeddable":true,"href":"https:\/\/hespel.fr\/index.php?rest_route=%2Fwp%2Fv2%2Ftags&post=20"}],"curies":[{"name":"wp","href":"https:\/\/api.w.org\/{rel}","templated":true}]}}