{"id":191,"date":"2010-11-01T12:18:05","date_gmt":"2010-11-01T11:18:05","guid":{"rendered":"http:\/\/hespel.fr\/?p=191"},"modified":"2021-08-24T18:44:42","modified_gmt":"2021-08-24T16:44:42","slug":"la-releve-ou-la-sony-nex-vg10","status":"publish","type":"post","link":"https:\/\/hespel.fr\/?p=191","title":{"rendered":"La Rel\u00e8ve ou la Sony NEX-VG10"},"content":{"rendered":"<p>J&rsquo;ai d\u00e9couvert ce week-end une nouvelle cam\u00e9ra semi-professionnelle de <a title=\"Site officiel de Sony\" href=\"http:\/\/www.sony.be\/lang\/fr\/product\/cam-high-definition-on-memory-stick\/nex-vg10e\" target=\"_blank\" rel=\"noopener noreferrer\">Sony<\/a> : la <strong>handycam NEX-VG10<\/strong>. Un mod\u00e8le qui se classe dans la cat\u00e9gorie grand public, s&rsquo;adressant aux amateurs \u00e9clair\u00e9s et \u00e0 ceux qui aspirent \u00e0 la vid\u00e9o professionnelle \u00e0 peu de frais. Ces derniers temps, sur ce segment, on ne parlait plus que des reflex, ou DSLR. Cette nouvelle cam\u00e9ra change la donne en prenant les avantages de ces appareils tout en d\u00e9laissant leurs inconv\u00e9nients.<\/p>\n<p>Je n&rsquo;ai jamais \u00e9t\u00e9 un fervent admirateur de l&rsquo;utilisation des DSLR pour  la vid\u00e9o, et j&rsquo;ai d\u00e9j\u00e0 exprim\u00e9 mon d\u00e9samour \u00e0 plusieurs reprises.  La  NEX-VG10 serait-elle la solution que j&rsquo;attendais tant ?<!--more--><\/p>\n<figure id=\"attachment_390\" aria-describedby=\"caption-attachment-390\" style=\"width: 300px\" class=\"wp-caption aligncenter\"><a href=\"http:\/\/hespel.fr\/?attachment_id=390\" rel=\"attachment wp-att-390\"><img loading=\"lazy\" decoding=\"async\" data-attachment-id=\"390\" data-permalink=\"https:\/\/hespel.fr\/?attachment_id=390\" data-orig-file=\"https:\/\/hespel.fr\/wp-content\/uploads\/2010\/11\/artoff4797-25173.jpg\" data-orig-size=\"505,223\" data-comments-opened=\"1\" data-image-meta=\"{&quot;aperture&quot;:&quot;0&quot;,&quot;credit&quot;:&quot;&quot;,&quot;camera&quot;:&quot;&quot;,&quot;caption&quot;:&quot;&quot;,&quot;created_timestamp&quot;:&quot;0&quot;,&quot;copyright&quot;:&quot;&quot;,&quot;focal_length&quot;:&quot;0&quot;,&quot;iso&quot;:&quot;0&quot;,&quot;shutter_speed&quot;:&quot;0&quot;,&quot;title&quot;:&quot;&quot;}\" data-image-title=\"artoff4797-25173\" data-image-description=\"\" data-image-caption=\"&lt;p&gt;Sony NEX VG10&lt;\/p&gt;\n\" data-large-file=\"https:\/\/hespel.fr\/wp-content\/uploads\/2010\/11\/artoff4797-25173.jpg\" src=\"http:\/\/hespel.fr\/wp-content\/uploads\/2010\/11\/artoff4797-25173-300x132.jpg\" alt=\"Sony NEX VG10\" width=\"300\" height=\"132\" class=\"size-medium wp-image-390\" srcset=\"https:\/\/hespel.fr\/wp-content\/uploads\/2010\/11\/artoff4797-25173-300x132.jpg 300w, https:\/\/hespel.fr\/wp-content\/uploads\/2010\/11\/artoff4797-25173.jpg 505w\" sizes=\"auto, (max-width: 300px) 100vw, 300px\" \/><\/a><figcaption id=\"caption-attachment-390\" class=\"wp-caption-text\">Sony NEX VG10<\/figcaption><\/figure>\n<p><strong>Un h\u00e9ritage direct<\/strong><\/p>\n<p>Qu&rsquo;apporte cette nouvelle solution de Sony ? Deux choses que les utilisateurs de reflex mettaient en avant jusque-l\u00e0 : des objectifs interchangeables et un capteur de meilleure qualit\u00e9. C&rsquo;est exactement ce qu&rsquo;apporte la VG10. H\u00e9rit\u00e9 de la nouvelle collection de r\u00e9flex de Sony, le capteur Exmor HD de 14 megapixels permet notamment un meilleur travail sur la profondeur de champ. C\u00f4t\u00e9 objectifs, via un adaptateur, ce sont une trentaine de mod\u00e8les (dont ceux disponibles dans la gamme DSLR de Sony) qui peuvent s&rsquo;adapter \u00e0 la structure de la cam\u00e9ra.<\/p>\n<p><strong>Corriger les erreurs du pass\u00e9<\/strong><\/p>\n<p>Ces deux forces pourraient d\u00e9j\u00e0 pousser le vid\u00e9aste utilisateur de r\u00e9flex \u00e0 passer \u00e0 la cam\u00e9ra de Sony, qui poss\u00e8de de par sa forme une meilleure ergonomie et une meilleure stabilit\u00e9. Mais d&rsquo;autres ajouts sont aussi au programme. Contrairement aux DSLR, il n&rsquo;y a pas de limite d&rsquo;enregistrement en temps sur la NEX-VG10. L&rsquo;enregistrement se fait par ailleurs toujours sur carte m\u00e9moire, que ce soit sur Memory Stick, cartes SDHC ou SDXC.<\/p>\n<p>Sony met beaucoup en avant son micro \u00e0 4 capsules qui devrait permettre \u00e0 la cam\u00e9ra de mieux capter une source sonore en supprimant les bruits de fonds. Je reste assez r\u00e9serv\u00e9 quant \u00e0 l&rsquo;efficacit\u00e9 du syst\u00e8me, mais l&rsquo;initiative est un vrai plus par rapport aux r\u00e9flex. La cam\u00e9ra propose de toute fa\u00e7on en standard une prise micro externe (format mini-jack) ainsi qu&rsquo;une prise casque pour contr\u00f4ler le bon enregistrement du son.<\/p>\n<figure id=\"attachment_391\" aria-describedby=\"caption-attachment-391\" style=\"width: 296px\" class=\"wp-caption aligncenter\"><a href=\"http:\/\/hespel.fr\/?attachment_id=391\" rel=\"attachment wp-att-391\"><img loading=\"lazy\" decoding=\"async\" data-attachment-id=\"391\" data-permalink=\"https:\/\/hespel.fr\/?attachment_id=391\" data-orig-file=\"https:\/\/hespel.fr\/wp-content\/uploads\/2010\/11\/Sony_NEX-VG10E_lenses_360.jpg\" data-orig-size=\"360,364\" data-comments-opened=\"1\" data-image-meta=\"{&quot;aperture&quot;:&quot;0&quot;,&quot;credit&quot;:&quot;&quot;,&quot;camera&quot;:&quot;H 25&quot;,&quot;caption&quot;:&quot;&quot;,&quot;created_timestamp&quot;:&quot;1273172313&quot;,&quot;copyright&quot;:&quot;&quot;,&quot;focal_length&quot;:&quot;0&quot;,&quot;iso&quot;:&quot;50&quot;,&quot;shutter_speed&quot;:&quot;0&quot;,&quot;title&quot;:&quot;&quot;}\" data-image-title=\"Sony_NEX-VG10E_lenses_360\" data-image-description=\"\" data-image-caption=\"&lt;p&gt;Sony NEX VG10&lt;\/p&gt;\n\" data-large-file=\"https:\/\/hespel.fr\/wp-content\/uploads\/2010\/11\/Sony_NEX-VG10E_lenses_360.jpg\" src=\"http:\/\/hespel.fr\/wp-content\/uploads\/2010\/11\/Sony_NEX-VG10E_lenses_360-296x300.jpg\" alt=\"Sony NEX VG10\" width=\"296\" height=\"300\" class=\"size-medium wp-image-391\" srcset=\"https:\/\/hespel.fr\/wp-content\/uploads\/2010\/11\/Sony_NEX-VG10E_lenses_360-296x300.jpg 296w, https:\/\/hespel.fr\/wp-content\/uploads\/2010\/11\/Sony_NEX-VG10E_lenses_360.jpg 360w\" sizes=\"auto, (max-width: 296px) 100vw, 296px\" \/><\/a><figcaption id=\"caption-attachment-391\" class=\"wp-caption-text\">Sony NEX VG10<\/figcaption><\/figure>\n<p><strong>Une solution id\u00e9ale ?<\/strong><\/p>\n<p>Propos\u00e9e \u00e0 un peu moins de 2000 euros en Europe (et $2000 en <a title=\"SonyStyle.com\" href=\"https:\/\/www.lesnumeriques.com\/camescope\/sony-nex-vg10-p9285\/test.html\" target=\"_blank\" rel=\"noopener noreferrer\">Am\u00e9rique du Nord<\/a>), Sony propose une rel\u00e8ve vraiment int\u00e9ressante. Elle n&rsquo;est pas exempte de d\u00e9fauts cependant. Par exemple, on pourra lui reprocher l&rsquo;absence de zoom \u00e9lectrique et le manque de sortie vid\u00e9o (il est pass\u00e9 depuis longtemps le temps du firewire&#8230;).<\/p>\n<p>Le format d&rsquo;enregistrement est aussi h\u00e9rit\u00e9 des DSLR et la Sony NEX-VG10 a beau se vanter d&rsquo;enregistrer en full HD, elle le fait en AVCHD. C&rsquo;est un format que je n&rsquo;aime pas particuli\u00e8rement une fois arriv\u00e9 au stade du montage, aussi pratique \u00e0 manipuler que du H264 (c&rsquo;est \u00e0 dire pas du tout). J&rsquo;aurais personnellement pr\u00e9f\u00e9r\u00e9 un format plus professionnel de type XDCAM mais il aurait de toute fa\u00e7on aussi fallu passer par le m\u00eame processus de conversion.<\/p>\n<p><strong>Alors oui, la cam\u00e9ra de Sony fait envie.<\/strong><\/p>\n<p>Pour en savoir plus, je vous laisse en t\u00eate \u00e0 t\u00eate avec <a title=\"Test de Magazine Vid\u00e9o\" href=\"http:\/\/www.magazinevideo.com\/tests-en-ligne.php?Clef=a15282\" target=\"_blank\" rel=\"noopener noreferrer\">le test de MagazineVid\u00e9o.com<\/a><\/p>\n<p><span class=\"imdbRatingPlugin\" data-user=\"ur22055856\" data-title=\"tt0100514\" data-style=\"t1\"><br \/>\n<a href=\"https:\/\/www.imdb.com\/title\/tt0100514\/?ref_=tt_plg_rt\"\n><img decoding=\"async\" alt=\"The Rookie (1990) on IMDb\" src=\"https:\/\/ia.media-imdb.com\/images\/G\/01\/imdb\/plugins\/rating\/images\/imdb_46x22.png\"><br \/>\n<\/a><\/span><br \/>\n<script>\n(function(d,s,id){var js,stags=d.getElementsByTagName(s)[0];\nif(d.getElementById(id)){return;}js=d.createElement(s);js.id=id;\njs.src=\"https:\/\/ia.media-imdb.com\/images\/G\/01\/imdb\/plugins\/rating\/js\/rating.js\";\nstags.parentNode.insertBefore(js,stags);})(document,'script','imdb-rating-api');    \n<\/script>                    <\/p>\n","protected":false},"excerpt":{"rendered":"<p>J&rsquo;ai d\u00e9couvert ce week-end une nouvelle cam\u00e9ra semi-professionnelle de Sony : la handycam NEX-VG10. Un mod\u00e8le qui se classe dans la cat\u00e9gorie grand public, s&rsquo;adressant aux amateurs \u00e9clair\u00e9s et \u00e0 ceux qui aspirent \u00e0 la vid\u00e9o professionnelle \u00e0 peu de frais. Ces derniers temps, sur ce segment, on ne parlait plus que des reflex, ou<\/p>\n<footer class=\"entry-footer index-entry\">\n<div class=\"post-social pull-left\"><a href=\"https:\/\/www.facebook.com\/sharer\/sharer.php?u=https%3A%2F%2Fhespel.fr%2F%3Fp%3D191\" target=\"_blank\" class=\"social-icons\"><i class=\"fa fa-facebook\" aria-hidden=\"true\"><\/i><\/a><a href=\"https:\/\/twitter.com\/home?status=https%3A%2F%2Fhespel.fr%2F%3Fp%3D191\" target=\"_blank\" class=\"social-icons\"><i class=\"fa fa-twitter\" aria-hidden=\"true\"><\/i><\/a><a href=\"https:\/\/www.linkedin.com\/shareArticle?mini=true&#038;url=https%3A%2F%2Fhespel.fr%2F%3Fp%3D191&#038;title=La+Rel%C3%A8ve+ou+la+Sony+NEX-VG10\" target=\"_blank\" class=\"social-icons\"><i class=\"fa fa-linkedin\" aria-hidden=\"true\"><\/i><\/a><\/div>\n<p class=\"link-more\"><a href=\"https:\/\/hespel.fr\/?p=191\" class=\"more-link\">Continue reading <span class=\"meta-nav\">\u2192<\/span><\/a><\/p>\n<\/footer>\n","protected":false},"author":2,"featured_media":0,"comment_status":"open","ping_status":"open","sticky":false,"template":"","format":"standard","meta":{"jetpack_post_was_ever_published":false,"footnotes":""},"categories":[5,4,6],"tags":[107,146,148,224,271,299,352],"class_list":["post-191","post","type-post","status-publish","format-standard","hentry","category-nouvelles-technologies","category-non-classe","category-video","tag-dslr","tag-handycam","tag-hd","tag-nex","tag-reflex","tag-sony","tag-vg10"],"aioseo_notices":[],"jetpack_featured_media_url":"","jetpack_shortlink":"https:\/\/wp.me\/p97UKg-35","jetpack-related-posts":[{"id":4783,"url":"https:\/\/hespel.fr\/?p=4783","url_meta":{"origin":191,"position":0},"title":"GoldenEye ou faire du live streaming en 2020","author":"R. Hespel","date":"juillet 8, 2020","format":false,"excerpt":"On me demande souvent comment capter un \u00e9v\u00e9nement en direct et le diffuser en simultan\u00e9 sur Internet. Depuis 2009, ann\u00e9e \u00e0 partir de laquelle j'ai commenc\u00e9 \u00e0 exp\u00e9rimenter sur le sujet, les choses ont beaucoup \u00e9volu\u00e9es. A l'\u00e9poque, mon mat\u00e9riel de pr\u00e9dilection \u00e9tait une cam\u00e9ra professionnelle reli\u00e9e \u00e0 un ordinateur\u2026","rel":"","context":"Dans &quot;Nouvelles technologies&quot;","block_context":{"text":"Nouvelles technologies","link":"https:\/\/hespel.fr\/?cat=5"},"img":{"alt_text":"","src":"https:\/\/i0.wp.com\/hespel.fr\/wp-content\/uploads\/2020\/07\/CanonEOSwebcamUtility-1024x767.jpg?resize=350%2C200&ssl=1","width":350,"height":200,"srcset":"https:\/\/i0.wp.com\/hespel.fr\/wp-content\/uploads\/2020\/07\/CanonEOSwebcamUtility-1024x767.jpg?resize=350%2C200&ssl=1 1x, https:\/\/i0.wp.com\/hespel.fr\/wp-content\/uploads\/2020\/07\/CanonEOSwebcamUtility-1024x767.jpg?resize=525%2C300&ssl=1 1.5x, https:\/\/i0.wp.com\/hespel.fr\/wp-content\/uploads\/2020\/07\/CanonEOSwebcamUtility-1024x767.jpg?resize=700%2C400&ssl=1 2x"},"classes":[]},{"id":146,"url":"https:\/\/hespel.fr\/?p=146","url_meta":{"origin":191,"position":1},"title":"Les Incorruptibles ou filmer avec un DSLR","author":"R. Hespel","date":"f\u00e9vrier 15, 2010","format":false,"excerpt":"J'ai beaucoup parl\u00e9 du Kodak Zi8 ces derniers temps, une solution parfaite pour de la vid\u00e9o mobile, \u00e0 peu de frais. Mais qu'en est-il des DSLR, ces appareils photos capables de filmer en HD ? En me basant sur mon exp\u00e9rience lors de la captation du show The Art Of\u2026","rel":"","context":"Dans &quot;R\u00e9flexions&quot;","block_context":{"text":"R\u00e9flexions","link":"https:\/\/hespel.fr\/?cat=4"},"img":{"alt_text":"The Art Of Performing Oral Sex","src":"https:\/\/i0.wp.com\/hespel.fr\/wp-content\/uploads\/2010\/02\/ecbimcoanchidcif.jpg?resize=350%2C200&ssl=1","width":350,"height":200},"classes":[]},{"id":177,"url":"https:\/\/hespel.fr\/?p=177","url_meta":{"origin":191,"position":2},"title":"Suspicion ou choisir son vid\u00e9aste","author":"R. Hespel","date":"avril 28, 2010","format":false,"excerpt":"Essayer de conseiller comment choisir son vid\u00e9aste quand on vend soi-m\u00eame ses services comme tel, cela peut para\u00eetre vain. Pourtant, mon but n'est pas ici de vous inviter \u00e0 m'engager mais plut\u00f4t de vous \u00e9viter de tomber sur un charlatan. Il en existe dans tous les domaines et il s'agit\u2026","rel":"","context":"Dans &quot;R\u00e9flexions&quot;","block_context":{"text":"R\u00e9flexions","link":"https:\/\/hespel.fr\/?cat=4"},"img":{"alt_text":"","src":"","width":0,"height":0},"classes":[]},{"id":360,"url":"https:\/\/hespel.fr\/?p=360","url_meta":{"origin":191,"position":3},"title":"One Hour Photo ou des objectifs pour monture Sony E","author":"R. Hespel","date":"d\u00e9cembre 24, 2012","format":false,"excerpt":"En 2010, Sony sortait son premier mod\u00e8le de cam\u00e9ra \u00e0 optiques interchangeables pour le grand public, le Sony NEX-VG10. L'objectif avou\u00e9 : concurrencer les DSLR de Canon en offrant aux vid\u00e9astes une alternative aux attraits certains. \u00c0 l'aube de 2013, Sony annon\u00e7ait la troisi\u00e8me mise \u00e0 niveau de son mod\u00e8le,\u2026","rel":"","context":"Dans &quot;Nouvelles technologies&quot;","block_context":{"text":"Nouvelles technologies","link":"https:\/\/hespel.fr\/?cat=5"},"img":{"alt_text":"Avec l'objectif 18-200mm","src":"https:\/\/i0.wp.com\/hespel.fr\/wp-content\/uploads\/2012\/12\/DSC00029-1024x574.jpg?resize=350%2C200&ssl=1","width":350,"height":200,"srcset":"https:\/\/i0.wp.com\/hespel.fr\/wp-content\/uploads\/2012\/12\/DSC00029-1024x574.jpg?resize=350%2C200&ssl=1 1x, https:\/\/i0.wp.com\/hespel.fr\/wp-content\/uploads\/2012\/12\/DSC00029-1024x574.jpg?resize=525%2C300&ssl=1 1.5x, https:\/\/i0.wp.com\/hespel.fr\/wp-content\/uploads\/2012\/12\/DSC00029-1024x574.jpg?resize=700%2C400&ssl=1 2x"},"classes":[]},{"id":1783,"url":"https:\/\/hespel.fr\/?p=1783","url_meta":{"origin":191,"position":4},"title":"La doublure ou la Sony RX0 Mark II","author":"R. Hespel","date":"f\u00e9vrier 3, 2020","format":false,"excerpt":"Sortie au milieu de l'ann\u00e9e derni\u00e8re, la Sony RX0 II est pass\u00e9e relativement inaper\u00e7ue. Etait-ce \u00e0 cause de son format qui l'assimile d'office \u00e0 une action cam (une GoPro de plus ?), de son c\u00f4t\u00e9 inclassable (beaucoup l'ont envisag\u00e9 comme une cam\u00e9ra pour Youtubeurs), ou de son prix relativement \u00e9lev\u00e9\u2026","rel":"","context":"Dans &quot;Nouvelles technologies&quot;","block_context":{"text":"Nouvelles technologies","link":"https:\/\/hespel.fr\/?cat=5"},"img":{"alt_text":"","src":"https:\/\/i0.wp.com\/hespel.fr\/wp-content\/uploads\/2020\/01\/sonyrx0II_hespel01_resultat-1024x576.jpg?resize=350%2C200&ssl=1","width":350,"height":200,"srcset":"https:\/\/i0.wp.com\/hespel.fr\/wp-content\/uploads\/2020\/01\/sonyrx0II_hespel01_resultat-1024x576.jpg?resize=350%2C200&ssl=1 1x, https:\/\/i0.wp.com\/hespel.fr\/wp-content\/uploads\/2020\/01\/sonyrx0II_hespel01_resultat-1024x576.jpg?resize=525%2C300&ssl=1 1.5x, https:\/\/i0.wp.com\/hespel.fr\/wp-content\/uploads\/2020\/01\/sonyrx0II_hespel01_resultat-1024x576.jpg?resize=700%2C400&ssl=1 2x"},"classes":[]},{"id":204,"url":"https:\/\/hespel.fr\/?p=204","url_meta":{"origin":191,"position":5},"title":"La Fin des Temps ou les cam\u00e9ras Flip","author":"R. Hespel","date":"avril 13, 2011","format":false,"excerpt":"Les cam\u00e9ras de poche - ou pocket cameras - ont d\u00e9j\u00e0 eu leur moment de gloire sur ce blog. J'ai cru d\u00e8s le d\u00e9but et crois toujours fortement au concept, que j'ai moi-m\u00eame illustr\u00e9 avec la Kodak Zi8. Lors de son achat, j'avais longtemps tergivers\u00e9 entre ce mod\u00e8le et le\u2026","rel":"","context":"Dans &quot;Nouvelles technologies&quot;","block_context":{"text":"Nouvelles technologies","link":"https:\/\/hespel.fr\/?cat=5"},"img":{"alt_text":"Flip Mino HD","src":"https:\/\/i0.wp.com\/live.staticflickr.com\/3012\/3026387619_68050f397f_o.jpg?resize=350%2C200&ssl=1","width":350,"height":200},"classes":[]}],"_links":{"self":[{"href":"https:\/\/hespel.fr\/index.php?rest_route=\/wp\/v2\/posts\/191","targetHints":{"allow":["GET"]}}],"collection":[{"href":"https:\/\/hespel.fr\/index.php?rest_route=\/wp\/v2\/posts"}],"about":[{"href":"https:\/\/hespel.fr\/index.php?rest_route=\/wp\/v2\/types\/post"}],"author":[{"embeddable":true,"href":"https:\/\/hespel.fr\/index.php?rest_route=\/wp\/v2\/users\/2"}],"replies":[{"embeddable":true,"href":"https:\/\/hespel.fr\/index.php?rest_route=%2Fwp%2Fv2%2Fcomments&post=191"}],"version-history":[{"count":10,"href":"https:\/\/hespel.fr\/index.php?rest_route=\/wp\/v2\/posts\/191\/revisions"}],"predecessor-version":[{"id":9246,"href":"https:\/\/hespel.fr\/index.php?rest_route=\/wp\/v2\/posts\/191\/revisions\/9246"}],"wp:attachment":[{"href":"https:\/\/hespel.fr\/index.php?rest_route=%2Fwp%2Fv2%2Fmedia&parent=191"}],"wp:term":[{"taxonomy":"category","embeddable":true,"href":"https:\/\/hespel.fr\/index.php?rest_route=%2Fwp%2Fv2%2Fcategories&post=191"},{"taxonomy":"post_tag","embeddable":true,"href":"https:\/\/hespel.fr\/index.php?rest_route=%2Fwp%2Fv2%2Ftags&post=191"}],"curies":[{"name":"wp","href":"https:\/\/api.w.org\/{rel}","templated":true}]}}