{"id":189,"date":"2010-09-09T12:16:24","date_gmt":"2010-09-09T10:16:24","guid":{"rendered":"http:\/\/hespel.fr\/?p=189"},"modified":"2018-01-22T06:58:36","modified_gmt":"2018-01-22T05:58:36","slug":"a-serious-man-ou-podcamp-montreal-2010","status":"publish","type":"post","link":"https:\/\/hespel.fr\/?p=189","title":{"rendered":"A Serious Man ou Podcamp Montr\u00e9al 2010"},"content":{"rendered":"<p>Parfois, je suis une personne s\u00e9rieuse. Plus qu&rsquo;\u00eatre professionnel, il s&rsquo;agit de consid\u00e9rer le monde dans lequel on vit et d&rsquo;essayer d&rsquo;y contribuer. <strong>L&rsquo;ann\u00e9e pass\u00e9e, exactement \u00e0 cette p\u00e9riode, j&rsquo;allais au Podcamp Montr\u00e9al<\/strong> pour la premi\u00e8re fois, dans le simple but d&rsquo;\u00e9couter les conf\u00e9rences propos\u00e9es. Cette ann\u00e9e, je change la donne et<strong> j&rsquo;ai propos\u00e9 de participer \u00e0 la diffusion live de l&rsquo;\u00e9v\u00e9nement sur Ustream<\/strong>.<\/p>\n<p>Le <a title=\"Podcamp Montreal\" href=\"http:\/\/podcampmontreal.org\/fr\" target=\"_blank\">Podcamp<\/a>, qu&rsquo;est-ce que c&rsquo;est ? C&rsquo;est <strong>une anticonf\u00e9rence pour amateurs et sp\u00e9cialistes de m\u00e9dias sociaux et baladodiffusion<\/strong>. <!--more-->Depuis, j&rsquo;ai assist\u00e9 \u00e0 plusieurs autres anticonf\u00e9rences, et peu m&rsquo;ont donn\u00e9 la satisfaction des sujets discut\u00e9s au Podcamp. Plusieurs des choses qui ont \u00e9t\u00e9 dites l\u00e0-bas l&rsquo;ann\u00e9e pass\u00e9e m&rsquo;ont pouss\u00e9 \u00e0 entreprendre des projets personnels dont je suis fier. Je suis certain que le monde l\u00e0-bas sera aussi inspirant cette ann\u00e9e.<\/p>\n<p>En pratique, \u00e7a se passe au pavillon du Coeur des Sciences de l&rsquo;UQAM, ces samedi et dimanche (<a title=\"Horaire complet\" href=\"http:\/\/podcampmontreal.org\/fr\/schedule\/\" target=\"_blank\">le planning complet est disponible en ligne<\/a>). Vous pouvez m\u00eame suivre <a title=\"Twitter\" href=\"http:\/\/twitter.com\/PodCampMontreal\" target=\"_blank\">@PodCampMontreal<\/a> sur Twitter pour plus d&rsquo;informations.<\/p>\n<p><strong>Je n&rsquo;ai pas encore de lien pour la retransmission en direct, mais je mettrais ce post \u00e0 jour d\u00e8s qu&rsquo;il en sera autrement. En esp\u00e9rant vous y voir en personne ou en ligne.<\/strong><\/p>\n<p><strong>EDIT : <a title=\"Ustream Podcamp Montreal\" href=\"http:\/\/www.ustream.tv\/channel\/podcamp-montreal-2010-en-chaufferie\" target=\"_blank\">ma diffusion sur Ustream<\/a> de la salle anglophone.<br \/>\n<\/strong><\/p>\n<div id=\"_mcePaste\" style=\"position: absolute; left: -10000px; top: 46px; width: 1px; height: 1px; overflow: hidden;\">\n<h1 id=\"blog-description\">est une anticonf\u00e9rence pour amateurs et sp\u00e9cialistes de m\u00e9dias sociaux et baladodiffusion.<\/h1>\n<\/div>\n","protected":false},"excerpt":{"rendered":"<p>Parfois, je suis une personne s\u00e9rieuse. Plus qu&rsquo;\u00eatre professionnel, il s&rsquo;agit de consid\u00e9rer le monde dans lequel on vit et d&rsquo;essayer d&rsquo;y contribuer. L&rsquo;ann\u00e9e pass\u00e9e, exactement \u00e0 cette p\u00e9riode, j&rsquo;allais au Podcamp Montr\u00e9al pour la premi\u00e8re fois, dans le simple but d&rsquo;\u00e9couter les conf\u00e9rences propos\u00e9es. Cette ann\u00e9e, je change la donne et j&rsquo;ai propos\u00e9 de<\/p>\n<footer class=\"entry-footer index-entry\">\n<div class=\"post-social pull-left\"><a href=\"https:\/\/www.facebook.com\/sharer\/sharer.php?u=https%3A%2F%2Fhespel.fr%2F%3Fp%3D189\" target=\"_blank\" class=\"social-icons\"><i class=\"fa fa-facebook\" aria-hidden=\"true\"><\/i><\/a><a href=\"https:\/\/twitter.com\/home?status=https%3A%2F%2Fhespel.fr%2F%3Fp%3D189\" target=\"_blank\" class=\"social-icons\"><i class=\"fa fa-twitter\" aria-hidden=\"true\"><\/i><\/a><a href=\"https:\/\/www.linkedin.com\/shareArticle?mini=true&#038;url=https%3A%2F%2Fhespel.fr%2F%3Fp%3D189&#038;title=A+Serious+Man+ou+Podcamp+Montr%C3%A9al+2010\" target=\"_blank\" class=\"social-icons\"><i class=\"fa fa-linkedin\" aria-hidden=\"true\"><\/i><\/a><\/div>\n<p class=\"link-more\"><a href=\"https:\/\/hespel.fr\/?p=189\" class=\"more-link\">Continue reading <span class=\"meta-nav\">\u2192<\/span><\/a><\/p>\n<\/footer>\n","protected":false},"author":2,"featured_media":0,"comment_status":"open","ping_status":"open","sticky":false,"template":"","format":"standard","meta":{"jetpack_post_was_ever_published":false,"footnotes":""},"categories":[5,412,4],"tags":[33,44,45,93,103,204,216,246,247,296,338,344,348],"class_list":["post-189","post","type-post","status-publish","format-standard","hentry","category-nouvelles-technologies","category-projets","category-non-classe","tag-anticonference","tag-balado","tag-baladodiffusion","tag-conference","tag-diffusion","tag-medias","tag-montreal","tag-podcamp","tag-podcast","tag-sociaux","tag-twitter","tag-uqam","tag-ustream"],"aioseo_notices":[],"jetpack_featured_media_url":"","jetpack_shortlink":"https:\/\/wp.me\/p97UKg-33","jetpack-related-posts":[{"id":61,"url":"https:\/\/hespel.fr\/?p=61","url_meta":{"origin":189,"position":0},"title":"The Truman Show ou la diffusion en direct","author":"R. Hespel","date":"d\u00e9cembre 7, 2009","format":false,"excerpt":"Diffuser une vid\u00e9o en direct sur Internet n'est aujourd'hui plus si complexe et il m'a sembl\u00e9 opportun, \u00e0 la veille de la diffusion de l'IdentityCamp, de faire le point sur les diff\u00e9rentes plateformes existantes et sur leurs possibilit\u00e9s. Je vais commencer par les solutions les plus faciles \u00e0 utiliser et\u2026","rel":"","context":"Dans &quot;Nouvelles technologies&quot;","block_context":{"text":"Nouvelles technologies","link":"https:\/\/hespel.fr\/?cat=5"},"img":{"alt_text":"","src":"","width":0,"height":0},"classes":[]},{"id":167,"url":"https:\/\/hespel.fr\/?p=167","url_meta":{"origin":189,"position":1},"title":"Les 4 Fantastiques ou 4 astuces pour Ustream","author":"R. Hespel","date":"mars 15, 2010","format":false,"excerpt":"S'il y a bien une chose que me permets l'IdentityCamp, c'est de tirer des le\u00e7ons. Assumer chaque mois la retransmission en direct des pr\u00e9sentations et des \u00e9changes qui ont lieu \u00e0 Station C est une exp\u00e9rience en soit. On pourrait croire qu'au fur et \u00e0 mesure, la routine s'installe. Il\u2026","rel":"","context":"Dans &quot;R\u00e9flexions&quot;","block_context":{"text":"R\u00e9flexions","link":"https:\/\/hespel.fr\/?cat=4"},"img":{"alt_text":"IdentityCamp d\u00e9cembre 2009","src":"https:\/\/i0.wp.com\/live.staticflickr.com\/2575\/4171094534_70a19c56d2_c.jpg?resize=350%2C200&ssl=1","width":350,"height":200,"srcset":"https:\/\/i0.wp.com\/live.staticflickr.com\/2575\/4171094534_70a19c56d2_c.jpg?resize=350%2C200&ssl=1 1x, https:\/\/i0.wp.com\/live.staticflickr.com\/2575\/4171094534_70a19c56d2_c.jpg?resize=525%2C300&ssl=1 1.5x, https:\/\/i0.wp.com\/live.staticflickr.com\/2575\/4171094534_70a19c56d2_c.jpg?resize=700%2C400&ssl=1 2x"},"classes":[]},{"id":173,"url":"https:\/\/hespel.fr\/?p=173","url_meta":{"origin":189,"position":2},"title":"Le 3e Homme ou la diffusion live \u00e0 outrance","author":"R. Hespel","date":"avril 18, 2010","format":false,"excerpt":"Depuis quelques semaines, je suis bien occup\u00e9. Des mandats s'installent sur le long terme, ce qui explique une diminution de ma pr\u00e9sence web. Une diminution paradoxale puisque je suis toujours tr\u00e8s pr\u00e9sent, mais plus en mon nom. A deux reprises, la semaine pass\u00e9e, j'ai effectu\u00e9 des captations sur Ustream \u00e0\u2026","rel":"","context":"Dans &quot;Video&quot;","block_context":{"text":"Video","link":"https:\/\/hespel.fr\/?cat=6"},"img":{"alt_text":"","src":"","width":0,"height":0},"classes":[]},{"id":213,"url":"https:\/\/hespel.fr\/?p=213","url_meta":{"origin":189,"position":3},"title":"Il Divo ou Streamago","author":"R. Hespel","date":"juin 3, 2011","format":false,"excerpt":"Tiscali, ancien op\u00e9rateur Fran\u00e7ais, d'origine Italienne, qui avait dans mes souvenirs \u00e9tait absorb\u00e9 par le groupe Alice, fait \u00e0 nouveau parler de lui ces derniers jours avec son nouveau service : Streamago. Streamago.tv est un service de diffusion de vid\u00e9o en direct. Existant depuis d\u00e9j\u00e0 quelques temps, il n'a de\u2026","rel":"","context":"Dans &quot;R\u00e9flexions&quot;","block_context":{"text":"R\u00e9flexions","link":"https:\/\/hespel.fr\/?cat=4"},"img":{"alt_text":"","src":"https:\/\/i0.wp.com\/hespel.fr\/wp-content\/uploads\/2011\/06\/streamago2019.jpg?resize=350%2C200&ssl=1","width":350,"height":200,"srcset":"https:\/\/i0.wp.com\/hespel.fr\/wp-content\/uploads\/2011\/06\/streamago2019.jpg?resize=350%2C200&ssl=1 1x, https:\/\/i0.wp.com\/hespel.fr\/wp-content\/uploads\/2011\/06\/streamago2019.jpg?resize=525%2C300&ssl=1 1.5x, https:\/\/i0.wp.com\/hespel.fr\/wp-content\/uploads\/2011\/06\/streamago2019.jpg?resize=700%2C400&ssl=1 2x"},"classes":[]},{"id":201,"url":"https:\/\/hespel.fr\/?p=201","url_meta":{"origin":189,"position":4},"title":"VivreAuCanada.tv ou mon exp\u00e9rience de la webtv","author":"R. Hespel","date":"f\u00e9vrier 20, 2011","format":false,"excerpt":"Il y a un peu plus d\u2019un an et un mois, je cr\u00e9ais la webt\u00e9l\u00e9 Vivre Au Canada.tv \u2013 une webtv pour d\u00e9couvrir le Canada sous tous ses aspects. J\u2019\u00e9tais alors expatri\u00e9 \u00e0 Montr\u00e9al depuis presque six mois, et c\u2019\u00e9tait au PodCamp 2009, quelques mois plus t\u00f4t, que m\u2019\u00e9tait venu\u2026","rel":"","context":"Dans &quot;Projets&quot;","block_context":{"text":"Projets","link":"https:\/\/hespel.fr\/?cat=412"},"img":{"alt_text":"","src":"https:\/\/i0.wp.com\/hespel.fr\/wp-content\/uploads\/2011\/02\/396d1a6b66aabcc4af8b3f90d9690068_400x400.jpeg?resize=350%2C200&ssl=1","width":350,"height":200},"classes":[]},{"id":767,"url":"https:\/\/hespel.fr\/?p=767","url_meta":{"origin":189,"position":5},"title":"Tomorrowland ou mes pr\u00e9dictions vid\u00e9o pour 2017","author":"R. Hespel","date":"janvier 5, 2017","format":false,"excerpt":"2016 aura pour moi \u00e9t\u00e9 le retour \u00e0 un de mes premiers amours, la diffusion en direct sur Internet. Alors qu'il y a tout juste sept ans, je faisais mes premi\u00e8res armes sur Ustream avec l'IdentityCamp, j'ai eu \u00e0 plusieurs reprises cette ann\u00e9e \u00e0 produire de la vid\u00e9o sans filet,\u2026","rel":"","context":"Dans &quot;Nouvelles technologies&quot;","block_context":{"text":"Nouvelles technologies","link":"https:\/\/hespel.fr\/?cat=5"},"img":{"alt_text":"img_0112","src":"https:\/\/i0.wp.com\/hespel.fr\/wp-content\/uploads\/2016\/10\/IMG_0112-1024x768.jpg?resize=350%2C200","width":350,"height":200},"classes":[]}],"_links":{"self":[{"href":"https:\/\/hespel.fr\/index.php?rest_route=\/wp\/v2\/posts\/189","targetHints":{"allow":["GET"]}}],"collection":[{"href":"https:\/\/hespel.fr\/index.php?rest_route=\/wp\/v2\/posts"}],"about":[{"href":"https:\/\/hespel.fr\/index.php?rest_route=\/wp\/v2\/types\/post"}],"author":[{"embeddable":true,"href":"https:\/\/hespel.fr\/index.php?rest_route=\/wp\/v2\/users\/2"}],"replies":[{"embeddable":true,"href":"https:\/\/hespel.fr\/index.php?rest_route=%2Fwp%2Fv2%2Fcomments&post=189"}],"version-history":[{"count":2,"href":"https:\/\/hespel.fr\/index.php?rest_route=\/wp\/v2\/posts\/189\/revisions"}],"predecessor-version":[{"id":378,"href":"https:\/\/hespel.fr\/index.php?rest_route=\/wp\/v2\/posts\/189\/revisions\/378"}],"wp:attachment":[{"href":"https:\/\/hespel.fr\/index.php?rest_route=%2Fwp%2Fv2%2Fmedia&parent=189"}],"wp:term":[{"taxonomy":"category","embeddable":true,"href":"https:\/\/hespel.fr\/index.php?rest_route=%2Fwp%2Fv2%2Fcategories&post=189"},{"taxonomy":"post_tag","embeddable":true,"href":"https:\/\/hespel.fr\/index.php?rest_route=%2Fwp%2Fv2%2Ftags&post=189"}],"curies":[{"name":"wp","href":"https:\/\/api.w.org\/{rel}","templated":true}]}}