{"id":182,"date":"2010-05-18T12:10:32","date_gmt":"2010-05-18T10:10:32","guid":{"rendered":"http:\/\/hespel.fr\/?p=182"},"modified":"2024-06-18T11:14:54","modified_gmt":"2024-06-18T09:14:54","slug":"la-firme-ou-tv5monde-cinema","status":"publish","type":"post","link":"https:\/\/hespel.fr\/?p=182","title":{"rendered":"La Firme ou TV5MONDE + Cin\u00e9ma"},"content":{"rendered":"<p>C&rsquo;est <a title=\"Article sur Premiere.fr\" href=\"http:\/\/tele.premiere.fr\/News-Tele\/TV5-Monde-la-chaine-internationale-a-lance-une-plate-forme-de-cinema-francophone-a-la-demande\/(gid)\/2321832\" target=\"_blank\" rel=\"noopener\">\u00e0 l&rsquo;occasion du Festival de Cannes 2010<\/a> qu&rsquo;est n\u00e9e la 1\u00e8re offre internationale des cin\u00e9mas francophones \u00e0 la demande : TV5 lance <strong>TV5 MONDE + Cin\u00e9ma<\/strong>, qui propose de louer ou d&rsquo;acheter des films francophones (donc de France, de Belgique, du Qu\u00e9bec, &#8230;). <\/p>\n<p>L&rsquo;initiative est int\u00e9ressante, puisqu&rsquo;il est vrai que les autres offres, dont iTunes, ne couvrent pas avec efficacit\u00e9 l&rsquo;ensemble du cin\u00e9ma francophone, notamment lorsqu&rsquo;il est question de cin\u00e9ma d&rsquo;auteur. C&rsquo;est \u00e0 \u00e7a, entre autres choses, que TV5 souhaite rem\u00e9dier.  En plus de films list\u00e9s par exemple par <a title=\"Univers Cin\u00e9\" href=\"http:\/\/www.universcine.com\/\" target=\"_blank\" rel=\"noopener\">Univers Cin\u00e9<\/a>, ce sont des documents d&rsquo;archives en provenance directe du Centre National de la Cin\u00e9matographie (CNC) qui seront propos\u00e9s aux internautes. <\/p>\n<p>En outre, la plateforme ne vise pas seulement les francophones en recherche de cin\u00e9ma dans leur langue, mais aussi le march\u00e9 international. Le but, \u00e0 terme, est de proposer un sous-titrage dans un maximum de langues pour initier le public \u00e9tranger aux joies du cin\u00e9ma francophone.  <!--more--> Si les intentions sont louables (sans jeu de mots), je ne peux m&#8217;emp\u00eacher de rester dubitatif. Pas par rapport \u00e0 l&rsquo;offre propos\u00e9e, qui comprend pour l&rsquo;instant quelques 200 oeuvres et qui est, j&rsquo;en suis s\u00fbr, amen\u00e9e \u00e0 s&rsquo;\u00e9toffer. Non, ce qui me laisse perplexe, ce sont les tarifs. De la part d&rsquo;une cha\u00eene comme TV5, j&rsquo;aurais esp\u00e9r\u00e9 quelque chose de diff\u00e9rent. Or, <strong>proposer la location d&rsquo;un film \u00e0 3,99 voire 4,99 euros en 2010, \u00e7a s&rsquo;appelle suivre le march\u00e9<\/strong>. Un fichier Windows Media Video, \u00e0 regarder dans les 48h. Autant de sp\u00e9cifications d\u00e9j\u00e0 vues ailleurs.<\/p>\n<p>Ce qui me d\u00e9range le plus, c&rsquo;est bien entendu le prix. Ce n&rsquo;est clairement pas un tarif qui va me faire pr\u00e9f\u00e9rer la plateforme \u00e0 un vid\u00e9oclub, ou \u00e0 une autre plateforme existante. Les lobbys du cin\u00e9ma sont peut-\u00eatre trop retords, je pense notamment \u00e0 la France o\u00f9 un distributeur peut emp\u00eacher <a title=\"Article Allocine : Ken Loach et Youtube\" href=\"http:\/\/www.allocine.fr\/article\/fichearticle_gen_carticle=18594463.html\" target=\"_blank\" rel=\"noopener\">Ken Loach de mettre ses films \u00e0 disposition sur Youtube<\/a>, mais il faudra me proposer des tarifs plus agressifs pour que je succombe aux sir\u00e8nes des films francophones.<\/p>\n<p><strong>Comme toujours au lancement d&rsquo;une telle offre, il faut attendre qu&rsquo;elle fasse ses preuves. <\/strong><a title=\"TV5Monde + Cin\u00e9ma\" href=\"https:\/\/www.tv5mondeplus.com\/fr\" target=\"_blank\" rel=\"noopener\"><strong>TV5MONDE + Cin\u00e9ma<\/strong><\/a><strong> ne fera pas exception mais je suis clairement moins enthousiaste que pour une initiative comme <\/strong><a title=\"Tou.TV\" href=\"http:\/\/www.tou.tv\" target=\"_blank\" rel=\"noopener\"><strong>Tou.tv<\/strong><\/a><strong>, qui ne s&rsquo;attaque certes pas au mod\u00e8le du cin\u00e9ma mais dont le mod\u00e8le me satisfait davantage. Mon opinion reste que ce n&rsquo;est pas parce qu&rsquo;on est tout seul sur son segment qu&rsquo;il ne faut pas essayer d&rsquo;innover.<\/strong><\/p>\n","protected":false},"excerpt":{"rendered":"<p>C&rsquo;est \u00e0 l&rsquo;occasion du Festival de Cannes 2010 qu&rsquo;est n\u00e9e la 1\u00e8re offre internationale des cin\u00e9mas francophones \u00e0 la demande : TV5 lance TV5 MONDE + Cin\u00e9ma, qui propose de louer ou d&rsquo;acheter des films francophones (donc de France, de Belgique, du Qu\u00e9bec, &#8230;). L&rsquo;initiative est int\u00e9ressante, puisqu&rsquo;il est vrai que les autres offres, dont<\/p>\n<footer class=\"entry-footer index-entry\">\n<div class=\"post-social pull-left\"><a href=\"https:\/\/www.facebook.com\/sharer\/sharer.php?u=https%3A%2F%2Fhespel.fr%2F%3Fp%3D182\" target=\"_blank\" class=\"social-icons\"><i class=\"fa fa-facebook\" aria-hidden=\"true\"><\/i><\/a><a href=\"https:\/\/twitter.com\/home?status=https%3A%2F%2Fhespel.fr%2F%3Fp%3D182\" target=\"_blank\" class=\"social-icons\"><i class=\"fa fa-twitter\" aria-hidden=\"true\"><\/i><\/a><a href=\"https:\/\/www.linkedin.com\/shareArticle?mini=true&#038;url=https%3A%2F%2Fhespel.fr%2F%3Fp%3D182&#038;title=La+Firme+ou+TV5MONDE+%2B+Cin%C3%A9ma\" target=\"_blank\" class=\"social-icons\"><i class=\"fa fa-linkedin\" aria-hidden=\"true\"><\/i><\/a><\/div>\n<p class=\"link-more\"><a href=\"https:\/\/hespel.fr\/?p=182\" class=\"more-link\">Continue reading <span class=\"meta-nav\">\u2192<\/span><\/a><\/p>\n<\/footer>\n","protected":false},"author":2,"featured_media":0,"comment_status":"open","ping_status":"open","sticky":false,"template":"","format":"standard","meta":{"jetpack_post_was_ever_published":false,"footnotes":""},"categories":[3,4,7],"tags":[635,89,101,122,134,171,190,243,324,325,335,336,337,360],"class_list":["post-182","post","type-post","status-publish","format-standard","hentry","category-cinema","category-non-classe","category-web","tag-cinema","tag-cnc","tag-demande","tag-film","tag-francophone","tag-itunes","tag-location","tag-plateforme","tag-tou","tag-tou-tv","tag-tv","tag-tv5","tag-tv5monde","tag-vod"],"aioseo_notices":[],"jetpack_featured_media_url":"","jetpack_shortlink":"https:\/\/wp.me\/p97UKg-2W","jetpack-related-posts":[{"id":694,"url":"https:\/\/hespel.fr\/?p=694","url_meta":{"origin":182,"position":0},"title":"Lord Of The Ring ou un catalogue pour la VOD l\u00e9gale","author":"R. Hespel","date":"f\u00e9vrier 7, 2015","format":false,"excerpt":"Alors que Carrefour vient de lancer sa propre plateforme de vid\u00e9o \u00e0 la demande, baptis\u00e9e \"Nolim\", je me faisais la r\u00e9flexion qu'il commence \u00e0 \u00eatre compliqu\u00e9 de louer ou acheter un film en d\u00e9mat\u00e9rialis\u00e9 sur Internet. O\u00f9 aller en premier lieu ? Ces derniers temps, l'arriv\u00e9e en Europe de Netflix\u2026","rel":"","context":"Dans &quot;Cinema&quot;","block_context":{"text":"Cinema","link":"https:\/\/hespel.fr\/?cat=3"},"img":{"alt_text":"","src":"https:\/\/i0.wp.com\/hespel.fr\/wp-content\/uploads\/2015\/02\/Vid%C3%A9o-%C3%A0-la-demande-10-000-films-%C3%A0-voir-l%C3%A9galement-et-facilement.png?resize=350%2C200&ssl=1","width":350,"height":200,"srcset":"https:\/\/i0.wp.com\/hespel.fr\/wp-content\/uploads\/2015\/02\/Vid%C3%A9o-%C3%A0-la-demande-10-000-films-%C3%A0-voir-l%C3%A9galement-et-facilement.png?resize=350%2C200&ssl=1 1x, https:\/\/i0.wp.com\/hespel.fr\/wp-content\/uploads\/2015\/02\/Vid%C3%A9o-%C3%A0-la-demande-10-000-films-%C3%A0-voir-l%C3%A9galement-et-facilement.png?resize=525%2C300&ssl=1 1.5x, https:\/\/i0.wp.com\/hespel.fr\/wp-content\/uploads\/2015\/02\/Vid%C3%A9o-%C3%A0-la-demande-10-000-films-%C3%A0-voir-l%C3%A9galement-et-facilement.png?resize=700%2C400&ssl=1 2x"},"classes":[]},{"id":24955,"url":"https:\/\/hespel.fr\/?p=24955","url_meta":{"origin":182,"position":1},"title":"99 francs ou comment Netflix a tu\u00e9 le cin\u00e9ma fran\u00e7ais","author":"R. Hespel","date":"mars 5, 2023","format":false,"excerpt":"C'\u00e9tait au cours de la grand-messe du cin\u00e9ma fran\u00e7ais. En ouverture de la 48e c\u00e9r\u00e9monie des C\u00e9sar, Jamel Debbouze se lan\u00e7ait dans l'habituel monologue de ce type d\u2019\u00e9v\u00e9nements en ass\u00e9nant son lot de blagues. Celle qui m'aura particuli\u00e8rement marqu\u00e9 sera forc\u00e9ment cette r\u00e9f\u00e9rence \u00e0 Netflix et \u00e0 son offre \u00e0\u2026","rel":"","context":"Dans &quot;Cinema&quot;","block_context":{"text":"Cinema","link":"https:\/\/hespel.fr\/?cat=3"},"img":{"alt_text":"Box Office d'Ast\u00e9rix et l'Empire du Milieu","src":"https:\/\/i0.wp.com\/hespel.fr\/wp-content\/uploads\/2023\/03\/Screenshot-2023-03-05-at-22-19-06-Box-Office-du-film-Asterix-et-Obelix-LEmpire-du-milieu.png?resize=350%2C200&ssl=1","width":350,"height":200,"srcset":"https:\/\/i0.wp.com\/hespel.fr\/wp-content\/uploads\/2023\/03\/Screenshot-2023-03-05-at-22-19-06-Box-Office-du-film-Asterix-et-Obelix-LEmpire-du-milieu.png?resize=350%2C200&ssl=1 1x, https:\/\/i0.wp.com\/hespel.fr\/wp-content\/uploads\/2023\/03\/Screenshot-2023-03-05-at-22-19-06-Box-Office-du-film-Asterix-et-Obelix-LEmpire-du-milieu.png?resize=525%2C300&ssl=1 1.5x, https:\/\/i0.wp.com\/hespel.fr\/wp-content\/uploads\/2023\/03\/Screenshot-2023-03-05-at-22-19-06-Box-Office-du-film-Asterix-et-Obelix-LEmpire-du-milieu.png?resize=700%2C400&ssl=1 2x"},"classes":[]},{"id":674,"url":"https:\/\/hespel.fr\/?p=674","url_meta":{"origin":182,"position":2},"title":"Calvaire ou suivre l&rsquo;actualit\u00e9 cin\u00e9ma sur le net","author":"R. Hespel","date":"janvier 28, 2015","format":false,"excerpt":"Il y a bien longtemps, j'\u00e9tais abonn\u00e9 au magazine Premi\u00e8re. J'\u00e9tais jeune, passionn\u00e9 par le cin\u00e9ma, j'ai \u00e0 peine cherch\u00e9 \u00e0 quel magazine m'abonner pour m'informer sur l'actualit\u00e9 des sorties et de mes cin\u00e9astes favoris avant de choisir Premi\u00e8re. Les crit\u00e8res \u00e9taient purement subjectif : le ton du magazine me\u2026","rel":"","context":"Dans &quot;Cinema&quot;","block_context":{"text":"Cinema","link":"https:\/\/hespel.fr\/?cat=3"},"img":{"alt_text":"http:\/\/www.journalismesinfo.fr","src":"https:\/\/i0.wp.com\/hespel.fr\/wp-content\/uploads\/2015\/01\/6509360-9818312.jpg?resize=350%2C200","width":350,"height":200},"classes":[]},{"id":302,"url":"https:\/\/hespel.fr\/?p=302","url_meta":{"origin":182,"position":3},"title":"Playtime ou le cin\u00e9ma \u00e0 la demande","author":"R. Hespel","date":"juillet 15, 2012","format":false,"excerpt":"Comment faire pour convaincre le public de revenir dans les salles de cin\u00e9ma ? C'est toute la probl\u00e9matique du circuit actuel, distributeurs et exploitants inclus. Historiquement, la technique avait toujours \u00e9t\u00e9 l'argument mis en avant. Par les \u00e9normes \u00e9crans, par le Technicolor, par le Dolby Surround, par l'imax ou par\u2026","rel":"","context":"Dans &quot;Cinema&quot;","block_context":{"text":"Cinema","link":"https:\/\/hespel.fr\/?cat=3"},"img":{"alt_text":"","src":"https:\/\/i0.wp.com\/img.youtube.com\/vi\/OBu6AIivFC0\/0.jpg?resize=350%2C200","width":350,"height":200},"classes":[]},{"id":2162,"url":"https:\/\/hespel.fr\/?p=2162","url_meta":{"origin":182,"position":4},"title":"Singin&rsquo; in the rain ou le vrai cin\u00e9ma","author":"R. Hespel","date":"d\u00e9cembre 29, 2019","format":false,"excerpt":"Ces derni\u00e8res ann\u00e9es, j'ai souvent \u00e9t\u00e9 surpris des analyses fournies par le milieu du t\u00e9l\u00e9chargement ill\u00e9gal. Parmi celles-ci, on trouve bien s\u00fbr celles du site TorrentFreak, qui s'est fait une sp\u00e9cialit\u00e9 des analyses des tendances dans le monde du piratage, qu'il s'agisse des s\u00e9ries ou des films les plus t\u00e9l\u00e9charg\u00e9es\u2026","rel":"","context":"Dans &quot;Cinema&quot;","block_context":{"text":"Cinema","link":"https:\/\/hespel.fr\/?cat=3"},"img":{"alt_text":"","src":"https:\/\/i0.wp.com\/hespel.fr\/wp-content\/uploads\/2019\/12\/NYT_Disney.jpg?resize=350%2C200&ssl=1","width":350,"height":200,"srcset":"https:\/\/i0.wp.com\/hespel.fr\/wp-content\/uploads\/2019\/12\/NYT_Disney.jpg?resize=350%2C200&ssl=1 1x, https:\/\/i0.wp.com\/hespel.fr\/wp-content\/uploads\/2019\/12\/NYT_Disney.jpg?resize=525%2C300&ssl=1 1.5x, https:\/\/i0.wp.com\/hespel.fr\/wp-content\/uploads\/2019\/12\/NYT_Disney.jpg?resize=700%2C400&ssl=1 2x"},"classes":[]},{"id":340,"url":"https:\/\/hespel.fr\/?p=340","url_meta":{"origin":182,"position":5},"title":"Pulp Fiction ou le cin\u00e9ma porno","author":"R. Hespel","date":"octobre 29, 2012","format":false,"excerpt":"Le cin\u00e9ma est-il destin\u00e9 au m\u00eame avenir que le porno ? C'est peut-\u00eatre la question que tout le monde se pose sans oser la prononcer \u00e0 haute voix. Pour prouver l'incessante tourmente de l'industrie cin\u00e9matographique, il n'est pas rare qu'on nous ressorte les chiffres des entr\u00e9es en salle, bien en\u2026","rel":"","context":"Dans &quot;Cinema&quot;","block_context":{"text":"Cinema","link":"https:\/\/hespel.fr\/?cat=3"},"img":{"alt_text":"","src":"https:\/\/i0.wp.com\/hespel.fr\/wp-content\/uploads\/2012\/10\/tumblr_ldq3c8EEok1qd908u.jpg?resize=350%2C200&ssl=1","width":350,"height":200,"srcset":"https:\/\/i0.wp.com\/hespel.fr\/wp-content\/uploads\/2012\/10\/tumblr_ldq3c8EEok1qd908u.jpg?resize=350%2C200&ssl=1 1x, https:\/\/i0.wp.com\/hespel.fr\/wp-content\/uploads\/2012\/10\/tumblr_ldq3c8EEok1qd908u.jpg?resize=525%2C300&ssl=1 1.5x, https:\/\/i0.wp.com\/hespel.fr\/wp-content\/uploads\/2012\/10\/tumblr_ldq3c8EEok1qd908u.jpg?resize=700%2C400&ssl=1 2x"},"classes":[]}],"_links":{"self":[{"href":"https:\/\/hespel.fr\/index.php?rest_route=\/wp\/v2\/posts\/182","targetHints":{"allow":["GET"]}}],"collection":[{"href":"https:\/\/hespel.fr\/index.php?rest_route=\/wp\/v2\/posts"}],"about":[{"href":"https:\/\/hespel.fr\/index.php?rest_route=\/wp\/v2\/types\/post"}],"author":[{"embeddable":true,"href":"https:\/\/hespel.fr\/index.php?rest_route=\/wp\/v2\/users\/2"}],"replies":[{"embeddable":true,"href":"https:\/\/hespel.fr\/index.php?rest_route=%2Fwp%2Fv2%2Fcomments&post=182"}],"version-history":[{"count":5,"href":"https:\/\/hespel.fr\/index.php?rest_route=\/wp\/v2\/posts\/182\/revisions"}],"predecessor-version":[{"id":80661,"href":"https:\/\/hespel.fr\/index.php?rest_route=\/wp\/v2\/posts\/182\/revisions\/80661"}],"wp:attachment":[{"href":"https:\/\/hespel.fr\/index.php?rest_route=%2Fwp%2Fv2%2Fmedia&parent=182"}],"wp:term":[{"taxonomy":"category","embeddable":true,"href":"https:\/\/hespel.fr\/index.php?rest_route=%2Fwp%2Fv2%2Fcategories&post=182"},{"taxonomy":"post_tag","embeddable":true,"href":"https:\/\/hespel.fr\/index.php?rest_route=%2Fwp%2Fv2%2Ftags&post=182"}],"curies":[{"name":"wp","href":"https:\/\/api.w.org\/{rel}","templated":true}]}}