{"id":1783,"date":"2020-02-03T12:43:18","date_gmt":"2020-02-03T11:43:18","guid":{"rendered":"https:\/\/hespel.fr\/?p=1783"},"modified":"2020-04-26T14:13:46","modified_gmt":"2020-04-26T12:13:46","slug":"la-doublure-ou-la-sony-rx0-mark-ii","status":"publish","type":"post","link":"https:\/\/hespel.fr\/?p=1783","title":{"rendered":"La doublure ou la Sony RX0 Mark II"},"content":{"rendered":"<p>Sortie au milieu de l&rsquo;ann\u00e9e derni\u00e8re, la <strong>Sony RX0 II<\/strong> est pass\u00e9e relativement inaper\u00e7ue. Etait-ce \u00e0 cause de son format qui l&rsquo;assimile d&rsquo;office \u00e0 une action cam (une GoPro de plus ?), de son c\u00f4t\u00e9 inclassable (beaucoup l&rsquo;ont envisag\u00e9 comme une cam\u00e9ra pour Youtubeurs), ou de son prix relativement \u00e9lev\u00e9 ? Intrigu\u00e9, j&rsquo;ai contact\u00e9 Sony pour en obtenir un exemplaire de test afin de d\u00e9finir <strong>quelle place cette cam\u00e9ra pouvait avoir dans le workflow d&rsquo;un vid\u00e9aste<\/strong>. Y a-t-elle seulement sa place ?<br \/>\n<!--more--><br \/>\n<strong>J&rsquo;ai toujours ador\u00e9 les cam\u00e9ras qui tiennent dans la poche.<\/strong> De la premi\u00e8re <a href=\"https:\/\/en.wikipedia.org\/wiki\/Flip_Video\" rel=\"noopener noreferrer\" target=\"_blank\">Flip<\/a> \u00e0 la <a href=\"https:\/\/hespel.fr\/?p=92\" rel=\"noopener noreferrer\" target=\"_blank\">Kodak Zi8<\/a>, elles correspondaient \u00e0 mon activit\u00e9, comme celle de voyager constamment avec une cam\u00e9ra pour r\u00e9aliser les capsules vid\u00e9o d&rsquo;<a href=\"https:\/\/www.vivreaucanada.tv\" rel=\"noopener noreferrer\" target=\"_blank\">une certaine webTV<\/a>. Avec l&rsquo;av\u00e8nement des smartphones, l&rsquo;objet m\u00eame de la cam\u00e9ra de poche a perdu tout son sens, puisque chaque t\u00e9l\u00e9phone portable devenait une cam\u00e9ra en puissance. On aurait pu croire \u00e0 la fin de la \u00ab\u00a0pocket camera\u00a0\u00bb&#8230;<\/p>\n<p>Puis il y a eu les GoPro et autres cam\u00e9ras d&rsquo;action, de nouveaux acteurs arrivant encore aujourd&rsquo;hui sur le march\u00e9. J&rsquo;ai d\u00e9j\u00e0 \u00e9voqu\u00e9 la r\u00e9cente <a href=\"https:\/\/hespel.fr\/?p=1700\" rel=\"noopener noreferrer\" target=\"_blank\">DJI Osmo Pocket<\/a>, cette cam\u00e9ra stabilis\u00e9e d&rsquo;une trentaine de centim\u00e8tres, mais <strong>la proposition de Sony<\/strong> avec la <a href=\"https:\/\/www.sony.be\/fr\/electronics\/appareils-photo-cyber-shot-compacts\/dsc-rx0m2\" rel=\"noopener noreferrer\" target=\"_blank\">Sony RX0 II<\/a> <strong>est tr\u00e8s diff\u00e9rente<\/strong>, m\u00eame si elle prend une forme tr\u00e8s similaire.<\/p>\n<p><a href=\"https:\/\/hespel.fr\/?attachment_id=2222\" rel=\"attachment wp-att-2222\"><img loading=\"lazy\" decoding=\"async\" data-attachment-id=\"2222\" data-permalink=\"https:\/\/hespel.fr\/?attachment_id=2222\" data-orig-file=\"https:\/\/hespel.fr\/wp-content\/uploads\/2020\/01\/sonyrx0II_hespel01_resultat-scaled.jpg\" data-orig-size=\"2560,1440\" data-comments-opened=\"1\" data-image-meta=\"{&quot;aperture&quot;:&quot;5.6&quot;,&quot;credit&quot;:&quot;&quot;,&quot;camera&quot;:&quot;ILCE-6300&quot;,&quot;caption&quot;:&quot;&quot;,&quot;created_timestamp&quot;:&quot;1572515211&quot;,&quot;copyright&quot;:&quot;&quot;,&quot;focal_length&quot;:&quot;78&quot;,&quot;iso&quot;:&quot;1000&quot;,&quot;shutter_speed&quot;:&quot;0.00625&quot;,&quot;title&quot;:&quot;&quot;,&quot;orientation&quot;:&quot;1&quot;}\" data-image-title=\"sonyrx0II_hespel01_resultat\" data-image-description=\"\" data-image-caption=\"\" data-large-file=\"https:\/\/hespel.fr\/wp-content\/uploads\/2020\/01\/sonyrx0II_hespel01_resultat-1024x576.jpg\" src=\"https:\/\/hespel.fr\/wp-content\/uploads\/2020\/01\/sonyrx0II_hespel01_resultat-1024x576.jpg\" alt=\"\" width=\"780\" height=\"439\" class=\"aligncenter size-large wp-image-2222\" srcset=\"https:\/\/hespel.fr\/wp-content\/uploads\/2020\/01\/sonyrx0II_hespel01_resultat-1024x576.jpg 1024w, https:\/\/hespel.fr\/wp-content\/uploads\/2020\/01\/sonyrx0II_hespel01_resultat-300x169.jpg 300w, https:\/\/hespel.fr\/wp-content\/uploads\/2020\/01\/sonyrx0II_hespel01_resultat-768x432.jpg 768w, https:\/\/hespel.fr\/wp-content\/uploads\/2020\/01\/sonyrx0II_hespel01_resultat-1536x864.jpg 1536w, https:\/\/hespel.fr\/wp-content\/uploads\/2020\/01\/sonyrx0II_hespel01_resultat-2048x1152.jpg 2048w\" sizes=\"auto, (max-width: 780px) 100vw, 780px\" \/><\/a><\/p>\n<h3>Petit mais costaud<\/h3>\n<p>H\u00e9riti\u00e8re d&rsquo;un premier mod\u00e8le sorti en ao\u00fbt 2017, <strong>la Sony RX0 II est compacte<\/strong>, avec ses 59&#215;40,5x35mm. Elle se veut aussi r\u00e9sistante aux chutes de 2 m\u00e8tres ou \u00e0 l&rsquo;\u00e9crasement jusqu&rsquo;\u00e0 200 kg &#8211; elle est \u00e9galement \u00e9tanche et peut supporter une immersion jusqu&rsquo;\u00e0 10 m\u00e8tres de profondeur. Enfin, elle offre un enregistrement 4K\/UHD \u00e0 100mbps. Des sp\u00e9cifications qui pourraient faire croire \u00e0 une GoPro de plus ? L\u00e0 o\u00f9 la cam\u00e9ra de Sony se diff\u00e9rencie, c&rsquo;est d&rsquo;abord dans son objectif, un 24mm fixe \u00e0 ouverture f\/4, qui n&rsquo;est donc pas un grand angle. La qualit\u00e9 d&rsquo;image qu&rsquo;offre son capteur de 1&Prime;, assorti du tout dernier processeur Bionz X, est aussi tr\u00e8s diff\u00e9rente.<\/p>\n<p>Une belle qualit\u00e9 d&rsquo;image dans un format de poche, oui, mais pour en faire quoi ? J&rsquo;ai emport\u00e9 la Sony RX0 II sur mes diff\u00e9rents tournages l&rsquo;espace de quelques semaines et j&rsquo;ai pu la mettre \u00e0 l&rsquo;\u00e9preuve dans diff\u00e9rentes situations : en interview, en mode point &#038; shoot, en voyage, pour prendre des photos&#8230; Elle s&rsquo;adapte assez bien aux diff\u00e9rents cas de figure, malgr\u00e9 certaines limitations.<\/p>\n<div class=\"jetpack-video-wrapper\"><span class=\"embed-youtube\" style=\"text-align:center; display: block;\"><iframe loading=\"lazy\" class=\"youtube-player\" width=\"780\" height=\"439\" src=\"https:\/\/www.youtube.com\/embed\/VEvExhHkV6M?version=3&#038;rel=1&#038;showsearch=0&#038;showinfo=1&#038;iv_load_policy=1&#038;fs=1&#038;hl=fr-FR&#038;autohide=2&#038;wmode=transparent\" allowfullscreen=\"true\" style=\"border:0;\" sandbox=\"allow-scripts allow-same-origin allow-popups allow-presentation allow-popups-to-escape-sandbox\"><\/iframe><\/span><\/div>\n<p>Mais l\u00e0 o\u00f9 la Sony RX0 II a pour moi le mieux trouv\u00e9 sa place, c&rsquo;est <strong>en compl\u00e9ment d&rsquo;un autre appareil Sony<\/strong>. Dans mon cas, il s&rsquo;agissait d&rsquo;un <a href=\"https:\/\/www.sony.be\/fr\/electronics\/appareils-photo-a-objectifs-interchangeables\/ilce-6500-body-kit\" rel=\"noopener noreferrer\" target=\"_blank\">A6500<\/a> mais je pense que cela doit aussi \u00eatre valable pour les diff\u00e9rents Sony Alpha. Si comme moi, vous partez en tournage seul avec l&rsquo;ensemble de votre mat\u00e9riel sur le dos, vous n&rsquo;avez pas toujours la possibilit\u00e9 d&#8217;emporter un second appareil pour faire un tournage \u00e0 deux cam\u00e9ras. D&rsquo;abord, il faut disposer d&rsquo;un deuxi\u00e8me appareil, puis il faut trouver la place dans son sac et supporter le poids suppl\u00e9mentaire. <strong>Cette Sony RX0 II est une alternative<\/strong> \u00e0 toutes ces questions.<\/p>\n<p>Dans le cadre d&rsquo;une interview, avec un objectif 30mm sur mon Sony A6500 et le 24mm plein format de cette Sony RX0 II, je disposais d&rsquo;un setup \u00e0 deux cam\u00e9ras avec une qualit\u00e9 d&rsquo;image suffisamment proche entre les deux pour qu&rsquo;elles s&rsquo;encha\u00eenent sans mal dans le r\u00e9sultat final. Filmer une conf\u00e9rence ou une table-ronde \u00e0 plusieurs cam\u00e9ras devient \u00e9galement plus facile en l&rsquo;utilisant comme une cam\u00e9ra fixe. Sa taille fait de toute fa\u00e7on qu&rsquo;elle se glisse dans n&rsquo;importe quel sac tr\u00e8s facilement et ses 132 grammes se font imm\u00e9diatement oublier !<\/p>\n<p>Seul probl\u00e8me dans ces situations qui peuvent demander plusieurs dizaines de minutes d&rsquo;enregistrement continues, l&rsquo;autonomie de la RX0 II. Elle est malheureusement assez faible et il ne faudra pas esp\u00e9rer filmer plus d&rsquo;une heure en 4K. Heureusement, il est possible de prolonger cette autonomie en branchant une batterie USB externe ou en changeant simplement la batterie de la cam\u00e9ra (puisqu&rsquo;elle est interchangeable). J&rsquo;ai ainsi pu filmer trois heures en continu avec l&rsquo;aide d&rsquo;une batterie externe. La cam\u00e9ra chauffait un peu mais ne s&rsquo;arr\u00eatait pas, l\u00e0 o\u00f9 mon A6500 aurait largement demand\u00e9 \u00e0 faire une pause.<\/p>\n<div class=\"jetpack-video-wrapper\"><span class=\"embed-youtube\" style=\"text-align:center; display: block;\"><iframe loading=\"lazy\" class=\"youtube-player\" width=\"780\" height=\"439\" src=\"https:\/\/www.youtube.com\/embed\/uMFMvcUnkds?version=3&#038;rel=1&#038;showsearch=0&#038;showinfo=1&#038;iv_load_policy=1&#038;fs=1&#038;hl=fr-FR&#038;autohide=2&#038;wmode=transparent\" allowfullscreen=\"true\" style=\"border:0;\" sandbox=\"allow-scripts allow-same-origin allow-popups allow-presentation allow-popups-to-escape-sandbox\"><\/iframe><\/span><\/div>\n<p>Dans tous les cas, la qualit\u00e9 d&rsquo;image promise est au rendez-vous, tant en vid\u00e9o qu&rsquo;en photo, m\u00eame en basse lumi\u00e8re. Obtenir un tel r\u00e9sultat sur une cam\u00e9ra de cette taille m&rsquo;a surpris plus d&rsquo;une fois.<\/p>\n<p><H3>La perfection n&rsquo;existe pas<\/h3>\n<p>La Sony RX0 II vient cependant avec son lot de contraintes. Par exemple, sa focale de 24mm est fixe il ne faut donc pas esp\u00e9rer zoomer facilement. On peut quand m\u00eame tricher un peu en utilisant la fonctionnalit\u00e9 \u00ab\u00a0Clear Image Zoom\u00a0\u00bb de Sony, qui permet de zoomer num\u00e9riquement dans l&rsquo;image (jusqu&rsquo;\u00e0 x1,5 en 4K) sans trop perdre en qualit\u00e9.<\/p>\n<p>Autre inconv\u00e9nient, la Sony RX0 II ne dispose pas de stabilisation. Enfin si, elle propose une stabilisation num\u00e9rique, mais celle-ci n&rsquo;est pas du tout \u00e0 la hauteur de ce que propose GoPro ou DJI dans leurs derniers mod\u00e8les. On peut certes am\u00e9liorer le r\u00e9sultat en passant par une application mobile, mais qui a envie d&rsquo;envoyer ses vid\u00e9os sur son smartphone pour les stabiliser ? Par ailleurs, les r\u00e9sultats ne sont toujours pas fantastiques&#8230;<\/p>\n<div class=\"jetpack-video-wrapper\"><span class=\"embed-youtube\" style=\"text-align:center; display: block;\"><iframe loading=\"lazy\" class=\"youtube-player\" width=\"780\" height=\"439\" src=\"https:\/\/www.youtube.com\/embed\/enGZgFd1pT8?version=3&#038;rel=1&#038;showsearch=0&#038;showinfo=1&#038;iv_load_policy=1&#038;fs=1&#038;hl=fr-FR&#038;autohide=2&#038;wmode=transparent\" allowfullscreen=\"true\" style=\"border:0;\" sandbox=\"allow-scripts allow-same-origin allow-popups allow-presentation allow-popups-to-escape-sandbox\"><\/iframe><\/span><\/div>\n<p>Une autre faiblesse de la cam\u00e9ra est son absence de mise au point en continu une fois la prise de vue lanc\u00e9e. Si on commence \u00e0 filmer et que la mise au point est mal r\u00e9gl\u00e9e, l&rsquo;image sera floue de bout en bout. Si on filme une personne qui se d\u00e9place dans le cadre, elle deviendra floue elle aussi&#8230; Je n&rsquo;ai pas eu de probl\u00e8me dans le cadre d&rsquo;une interview ou pour la captation d&rsquo;une conf\u00e9rence, les sujets restant \u00e0 peu pr\u00e8s fixes, mais c&rsquo;est sans doute la limitation la plus handicapante pour moi.<\/p>\n<p>Enfin, malgr\u00e9 sa compacit\u00e9, elle reste \u00e0 mon go\u00fbt un peu trop \u00e9paisse pour rentrer facilement dans une poche de pantalon, m\u00eame si elle se jette tr\u00e8s facilement dans la poche d&rsquo;une veste. <\/p>\n<p>Malgr\u00e9 tout, une fois qu&rsquo;on a appris \u00e0 prendre en compte ces diff\u00e9rentes contraintes, on arrive \u00e0 dompter la b\u00eate et \u00e0 la mettre au service de toute une s\u00e9rie d&rsquo;usages. Elle dispose en plus de fonctionnalit\u00e9s int\u00e9ressantes, comme une prise mini-jack permettant de brancher un micro externe, un mode ralenti en full HD \u00e0 100 images\/seconde ou la possibilit\u00e9 de retourner son \u00e9cran (non-tactile) \u00e0 180\u00b0, ce qui permet de garder un \u0153il sur l&rsquo;image m\u00eame dans les endroits les plus \u00e9troits.<\/p>\n<p><a href=\"https:\/\/hespel.fr\/?attachment_id=2224\" rel=\"attachment wp-att-2224\"><img loading=\"lazy\" decoding=\"async\" data-attachment-id=\"2224\" data-permalink=\"https:\/\/hespel.fr\/?attachment_id=2224\" data-orig-file=\"https:\/\/hespel.fr\/wp-content\/uploads\/2020\/01\/sonyrx0II_hespel03_resultat-scaled.jpg\" data-orig-size=\"2560,1440\" data-comments-opened=\"1\" data-image-meta=\"{&quot;aperture&quot;:&quot;5.6&quot;,&quot;credit&quot;:&quot;&quot;,&quot;camera&quot;:&quot;ILCE-6300&quot;,&quot;caption&quot;:&quot;&quot;,&quot;created_timestamp&quot;:&quot;1572515547&quot;,&quot;copyright&quot;:&quot;&quot;,&quot;focal_length&quot;:&quot;100&quot;,&quot;iso&quot;:&quot;500&quot;,&quot;shutter_speed&quot;:&quot;0.00625&quot;,&quot;title&quot;:&quot;&quot;,&quot;orientation&quot;:&quot;1&quot;}\" data-image-title=\"sonyrx0II_hespel03_resultat\" data-image-description=\"\" data-image-caption=\"\" data-large-file=\"https:\/\/hespel.fr\/wp-content\/uploads\/2020\/01\/sonyrx0II_hespel03_resultat-1024x576.jpg\" src=\"https:\/\/hespel.fr\/wp-content\/uploads\/2020\/01\/sonyrx0II_hespel03_resultat-1024x576.jpg\" alt=\"\" width=\"780\" height=\"439\" class=\"aligncenter size-large wp-image-2224\" srcset=\"https:\/\/hespel.fr\/wp-content\/uploads\/2020\/01\/sonyrx0II_hespel03_resultat-1024x576.jpg 1024w, https:\/\/hespel.fr\/wp-content\/uploads\/2020\/01\/sonyrx0II_hespel03_resultat-300x169.jpg 300w, https:\/\/hespel.fr\/wp-content\/uploads\/2020\/01\/sonyrx0II_hespel03_resultat-768x432.jpg 768w, https:\/\/hespel.fr\/wp-content\/uploads\/2020\/01\/sonyrx0II_hespel03_resultat-1536x864.jpg 1536w, https:\/\/hespel.fr\/wp-content\/uploads\/2020\/01\/sonyrx0II_hespel03_resultat-2048x1152.jpg 2048w\" sizes=\"auto, (max-width: 780px) 100vw, 780px\" \/><\/a><\/p>\n<p>En termes d&rsquo;ergonomie, tout n&rsquo;est pas parfait. Habitu\u00e9 des menus Sony, j&rsquo;ai \u00e9t\u00e9 un peu frustr\u00e9 de les retrouver \u00e0 l&rsquo;identique sur la Sony RX0 II. Pourtant, je les utilise sur un Sony RX100 et sur un A6500 ! Le bon point, c&rsquo;est que les options sont nombreuses et il y a des r\u00e9glages \u00e0 foison. Mais devoir naviguer \u00e0 travers en utilisant les six boutons que compte la cam\u00e9ra sur un \u00e9cran tout de m\u00eame tr\u00e8s r\u00e9duit est loin d&rsquo;\u00eatre ais\u00e9 ! On est \u00e0 mille lieux d&rsquo;un menu user friendly tel que celui de l&rsquo;<a href=\"https:\/\/hespel.fr\/?p=1700\" rel=\"noopener noreferrer\" target=\"_blank\">Osmo Pocket<\/a> par exemple, avec son \u00e9cran tactile. Faire des r\u00e9glages de mani\u00e8re rapide devient un v\u00e9ritable challenge&#8230; Je croise les doigts pour que la prochaine version de la RX0 dispose d&rsquo;un \u00e9cran tactile et d&rsquo;une interface repens\u00e9e.<\/p>\n<p>Comme avec un Sony Alpha, on peut aussi utiliser sa RX0 II via l&rsquo;application habituelle de <a href=\"https:\/\/play.google.com\/store\/apps\/details?id=com.sony.playmemories.mobile&#038;hl=en\" rel=\"noopener noreferrer\" target=\"_blank\">Sony Imaging Edge Mobile<\/a>. On peut ainsi disposer d&rsquo;un retour \u00e9cran sur son smartphone ou r\u00e9gler quelques param\u00e8tres plus rapidement (mode de prise de vue, ISO, focus, balance des blancs&#8230;). On peut d&rsquo;ailleurs contr\u00f4ler jusqu&rsquo;\u00e0 cinq cam\u00e9ras RX0 II via cette application, ce qui va dans le sens de la captation de conf\u00e9rences ou d&rsquo;\u00e9v\u00e9nements que j&rsquo;\u00e9voquais plus haut.<\/p>\n<p>Pour terminer le chapitre des regrets, j&rsquo;\u00e9voquerais l&rsquo;absence d&rsquo;un cache pour \u00e9viter les traces de doigt sur la face avant qui couvre l&rsquo;objectif. Il y aussi des choses que je n&rsquo;ai pas r\u00e9ussi \u00e0 faire, peut-\u00eatre parce que je ne les ai pas trouv\u00e9 dans les menus, comme garder l&rsquo;\u00e9cran allum\u00e9 pendant l&rsquo;enregistrement (il se coupait apr\u00e8s une minute, m\u00eame si l&rsquo;enregistrement continuait) ou d&rsquo;enregistrer des ralentis de plus d&rsquo;une vingtaine de secondes. Preuve que l&rsquo;ergonomie est am\u00e9liorable&#8230;<\/p>\n<h3>Verdict : une doublure qui a de l&rsquo;allure<\/h3>\n<p>Oui, la RX0 II a de nombreuses faiblesses. Je pense que j&rsquo;ai pass\u00e9 plus de temps \u00e0 les \u00e9noncer qu&rsquo;\u00e0 dire du bien de cette cam\u00e9ra. Alors, le positif \u00e9clipse-t-il tous ces aspects n\u00e9gatifs ? Pour environ 800 euros, Sony offre la possibilit\u00e9 d&rsquo;ajouter un minuscule compagnon \u00e0 son appareil principal afin de r\u00e9aliser des prises de vue \u00e0 plusieurs cam\u00e9ras dans diff\u00e9rentes situations sans rogner sur la qualit\u00e9 d&rsquo;image. En soi, c&rsquo;est quelque chose qui pourrait int\u00e9resser tout vid\u00e9aste et je dois l&rsquo;avouer, j&rsquo;ai moi-m\u00eame \u00e9t\u00e9 s\u00e9duit par la proposition.<\/p>\n<p><a href=\"https:\/\/hespel.fr\/?attachment_id=2223\" rel=\"attachment wp-att-2223\"><img loading=\"lazy\" decoding=\"async\" data-attachment-id=\"2223\" data-permalink=\"https:\/\/hespel.fr\/?attachment_id=2223\" data-orig-file=\"https:\/\/hespel.fr\/wp-content\/uploads\/2020\/01\/sonyrx0II_hespel02_resultat-scaled.jpg\" data-orig-size=\"2560,1440\" data-comments-opened=\"1\" data-image-meta=\"{&quot;aperture&quot;:&quot;5.6&quot;,&quot;credit&quot;:&quot;&quot;,&quot;camera&quot;:&quot;ILCE-6300&quot;,&quot;caption&quot;:&quot;&quot;,&quot;created_timestamp&quot;:&quot;1572515107&quot;,&quot;copyright&quot;:&quot;&quot;,&quot;focal_length&quot;:&quot;65&quot;,&quot;iso&quot;:&quot;160&quot;,&quot;shutter_speed&quot;:&quot;0.01&quot;,&quot;title&quot;:&quot;&quot;,&quot;orientation&quot;:&quot;1&quot;}\" data-image-title=\"sonyrx0II_hespel02_resultat\" data-image-description=\"\" data-image-caption=\"\" data-large-file=\"https:\/\/hespel.fr\/wp-content\/uploads\/2020\/01\/sonyrx0II_hespel02_resultat-1024x576.jpg\" src=\"https:\/\/hespel.fr\/wp-content\/uploads\/2020\/01\/sonyrx0II_hespel02_resultat-1024x576.jpg\" alt=\"\" width=\"780\" height=\"439\" class=\"aligncenter size-large wp-image-2223\" srcset=\"https:\/\/hespel.fr\/wp-content\/uploads\/2020\/01\/sonyrx0II_hespel02_resultat-1024x576.jpg 1024w, https:\/\/hespel.fr\/wp-content\/uploads\/2020\/01\/sonyrx0II_hespel02_resultat-300x169.jpg 300w, https:\/\/hespel.fr\/wp-content\/uploads\/2020\/01\/sonyrx0II_hespel02_resultat-768x432.jpg 768w, https:\/\/hespel.fr\/wp-content\/uploads\/2020\/01\/sonyrx0II_hespel02_resultat-1536x864.jpg 1536w, https:\/\/hespel.fr\/wp-content\/uploads\/2020\/01\/sonyrx0II_hespel02_resultat-2048x1152.jpg 2048w\" sizes=\"auto, (max-width: 780px) 100vw, 780px\" \/><\/a><\/p>\n<p>La RX0 II n&rsquo;est pas pour autant une cam\u00e9ra qui conviendra \u00e0 tout le monde, ni \u00e0 tous les usages. Mais aucune cam\u00e9ra ne l&rsquo;est actuellement. Que ce soit la derni\u00e8re GoPro ou la DJI Osmo Pocket, elles sont toutes limit\u00e9es \u00e0 certaines situations et essayer de les utiliser hors de ces contextes bien particuliers les rendent peu pratiques. De mon c\u00f4t\u00e9, si je me vois mal utiliser la RX0 II comme cam\u00e9ra principale, elle ferait <strong>une excellente doublure \u00e0 mon Sony Alpha <\/strong>sur le long terme.<\/p>\n<p>Reste que l&rsquo;actualit\u00e9 fait que Sony est aujourd&rsquo;hui son propre concurrent. Sorti \u00e0 l&rsquo;automne, son <a href=\"https:\/\/www.sony.be\/fr\/electronics\/appareils-photo-a-objectifs-interchangeables\/ilce-6100\" rel=\"noopener noreferrer\" target=\"_blank\">A6100<\/a> offre lui aussi la 4K\/UHD sur un appareil disposant un \u00e9cran tactile orientable et muni d&rsquo;une entr\u00e9e mini-jack pour un peu plus de 900 euros, optique comprise ! On perd la compacit\u00e9 du Sony RX0 II, sa r\u00e9sistance aux chocs et aux \u00e9l\u00e9ments ainsi que quelques autres features, mais l&rsquo;appareil dispose d&rsquo;autres atouts (coucou l&rsquo;autofocus).<\/p>\n<p>M\u00eame au point de vue des cam\u00e9ras de poche, Sony arrive avec un nouveau messie, le <a href=\"https:\/\/www.sony.be\/fr\/electronics\/appareils-photo-cyber-shot-compacts\/dsc-rx100m7\" rel=\"noopener noreferrer\" target=\"_blank\">RX100 VII<\/a>. Ce dernier comporte un \u00e9cran inclinable, une prise mini-jack (deux \u00e9l\u00e9ments d\u00e9cid\u00e9ment essentiels pour les vloggeurs), mais aussi un capteur d&rsquo;un pouce, m\u00eame format que celui de la RX0 II, et y ajoute un zoom et une meilleure stabilisation. On perd encore une fois la r\u00e9sistance aux conditions extr\u00eames de la RX0 II et le prix double quasiment (on passe de 800 \u00e0 1300 euros). En fonction de l&rsquo;usage qu&rsquo;on cherche \u00e0 atteindre, on a donc trois solutions possibles, toutes comportant leurs forces et leurs faiblesses. <\/p>\n<p><strong>L\u00e0 o\u00f9 le RX100 ou la A6100 se pensent comme des cam\u00e9ras principales, le <a href=\"https:\/\/www.sony.be\/fr\/electronics\/appareils-photo-cyber-shot-compacts\/dsc-rx0m2\" rel=\"noopener noreferrer\" target=\"_blank\">Sony RX0 II<\/a> n&rsquo;a pas cette pr\u00e9tention et restera ce petit cube \u00e0 emporter partout pour toujours avoir la possibilit\u00e9 de faire de belles images, d&rsquo;avoir acc\u00e8s \u00e0 des angles de vues inusit\u00e9s, de tourner \u00e0 deux cam\u00e9ras ou en encore de r\u00e9aliser un timelapse en simultan\u00e9 d&rsquo;une prise d&rsquo;images traditionnelle. A vous de voir si cela correspond \u00e0 vos usages&#8230;<\/strong><\/p>\n<p><em>Je tiens \u00e0 remercier Sony B\u00e9n\u00e9lux de m&rsquo;avoir pr\u00eat\u00e9 la Sony RX0 II. Les opinions exprim\u00e9es ici ne refl\u00e8tent que mon propre avis.<\/em><\/p>\n<p><span class=\"imdbRatingPlugin\" data-user=\"ur22055856\" data-title=\"tt0449851\" data-style=\"t1\"><br \/>\n<a href=\"https:\/\/www.imdb.com\/title\/tt0449851\/?ref_=tt_plg_rt\"\n><img decoding=\"async\" alt=\"The Valet (2006) on IMDb\" src=\"https:\/\/ia.media-imdb.com\/images\/G\/01\/imdb\/plugins\/rating\/images\/imdb_46x22.png\"><br \/>\n<\/a><\/span><br \/>\n<script>\n(function(d,s,id){var js,stags=d.getElementsByTagName(s)[0];\nif(d.getElementById(id)){return;}js=d.createElement(s);js.id=id;\njs.src=\"https:\/\/ia.media-imdb.com\/images\/G\/01\/imdb\/plugins\/rating\/js\/rating.js\";\nstags.parentNode.insertBefore(js,stags);})(document,'script','imdb-rating-api');    \n<\/script>                    <\/p>\n","protected":false},"excerpt":{"rendered":"<p>Sortie au milieu de l&rsquo;ann\u00e9e derni\u00e8re, la Sony RX0 II est pass\u00e9e relativement inaper\u00e7ue. Etait-ce \u00e0 cause de son format qui l&rsquo;assimile d&rsquo;office \u00e0 une action cam (une GoPro de plus ?), de son c\u00f4t\u00e9 inclassable (beaucoup l&rsquo;ont envisag\u00e9 comme une cam\u00e9ra pour Youtubeurs), ou de son prix relativement \u00e9lev\u00e9 ? Intrigu\u00e9, j&rsquo;ai contact\u00e9 Sony<\/p>\n<footer class=\"entry-footer index-entry\">\n<div class=\"post-social pull-left\"><a href=\"https:\/\/www.facebook.com\/sharer\/sharer.php?u=https%3A%2F%2Fhespel.fr%2F%3Fp%3D1783\" target=\"_blank\" class=\"social-icons\"><i class=\"fa fa-facebook\" aria-hidden=\"true\"><\/i><\/a><a href=\"https:\/\/twitter.com\/home?status=https%3A%2F%2Fhespel.fr%2F%3Fp%3D1783\" target=\"_blank\" class=\"social-icons\"><i class=\"fa fa-twitter\" aria-hidden=\"true\"><\/i><\/a><a href=\"https:\/\/www.linkedin.com\/shareArticle?mini=true&#038;url=https%3A%2F%2Fhespel.fr%2F%3Fp%3D1783&#038;title=La+doublure+ou+la+Sony+RX0+Mark+II\" target=\"_blank\" class=\"social-icons\"><i class=\"fa fa-linkedin\" aria-hidden=\"true\"><\/i><\/a><\/div>\n<p class=\"link-more\"><a href=\"https:\/\/hespel.fr\/?p=1783\" class=\"more-link\">Continue reading <span class=\"meta-nav\">\u2192<\/span><\/a><\/p>\n<\/footer>\n","protected":false},"author":3,"featured_media":0,"comment_status":"open","ping_status":"open","sticky":false,"template":"","format":"standard","meta":{"jetpack_post_was_ever_published":false,"footnotes":""},"categories":[5,448,6],"tags":[691,697,66,643,690,244,245,258,696,692,693,694,299,695,354],"class_list":["post-1783","post","type-post","status-publish","format-standard","hentry","category-nouvelles-technologies","category-tests","category-video","tag-action-cam","tag-avis","tag-camera","tag-dji","tag-gopro","tag-poche","tag-pocket","tag-professionnel","tag-review","tag-rx0","tag-rx0-ii","tag-rx0m2","tag-sony","tag-test","tag-videaste"],"aioseo_notices":[],"jetpack_featured_media_url":"","jetpack_shortlink":"https:\/\/wp.me\/p97UKg-sL","jetpack-related-posts":[{"id":191,"url":"https:\/\/hespel.fr\/?p=191","url_meta":{"origin":1783,"position":0},"title":"La Rel\u00e8ve ou la Sony NEX-VG10","author":"R. Hespel","date":"novembre 1, 2010","format":false,"excerpt":"J'ai d\u00e9couvert ce week-end une nouvelle cam\u00e9ra semi-professionnelle de Sony : la handycam NEX-VG10. Un mod\u00e8le qui se classe dans la cat\u00e9gorie grand public, s'adressant aux amateurs \u00e9clair\u00e9s et \u00e0 ceux qui aspirent \u00e0 la vid\u00e9o professionnelle \u00e0 peu de frais. Ces derniers temps, sur ce segment, on ne parlait\u2026","rel":"","context":"Dans &quot;Nouvelles technologies&quot;","block_context":{"text":"Nouvelles technologies","link":"https:\/\/hespel.fr\/?cat=5"},"img":{"alt_text":"Sony NEX VG10","src":"https:\/\/i0.wp.com\/hespel.fr\/wp-content\/uploads\/2010\/11\/artoff4797-25173-300x132.jpg?resize=350%2C200","width":350,"height":200},"classes":[]},{"id":204,"url":"https:\/\/hespel.fr\/?p=204","url_meta":{"origin":1783,"position":1},"title":"La Fin des Temps ou les cam\u00e9ras Flip","author":"R. Hespel","date":"avril 13, 2011","format":false,"excerpt":"Les cam\u00e9ras de poche - ou pocket cameras - ont d\u00e9j\u00e0 eu leur moment de gloire sur ce blog. J'ai cru d\u00e8s le d\u00e9but et crois toujours fortement au concept, que j'ai moi-m\u00eame illustr\u00e9 avec la Kodak Zi8. Lors de son achat, j'avais longtemps tergivers\u00e9 entre ce mod\u00e8le et le\u2026","rel":"","context":"Dans &quot;Nouvelles technologies&quot;","block_context":{"text":"Nouvelles technologies","link":"https:\/\/hespel.fr\/?cat=5"},"img":{"alt_text":"Flip Mino HD","src":"https:\/\/i0.wp.com\/live.staticflickr.com\/3012\/3026387619_68050f397f_o.jpg?resize=350%2C200&ssl=1","width":350,"height":200},"classes":[]},{"id":177,"url":"https:\/\/hespel.fr\/?p=177","url_meta":{"origin":1783,"position":2},"title":"Suspicion ou choisir son vid\u00e9aste","author":"R. Hespel","date":"avril 28, 2010","format":false,"excerpt":"Essayer de conseiller comment choisir son vid\u00e9aste quand on vend soi-m\u00eame ses services comme tel, cela peut para\u00eetre vain. Pourtant, mon but n'est pas ici de vous inviter \u00e0 m'engager mais plut\u00f4t de vous \u00e9viter de tomber sur un charlatan. Il en existe dans tous les domaines et il s'agit\u2026","rel":"","context":"Dans &quot;R\u00e9flexions&quot;","block_context":{"text":"R\u00e9flexions","link":"https:\/\/hespel.fr\/?cat=4"},"img":{"alt_text":"","src":"","width":0,"height":0},"classes":[]},{"id":4783,"url":"https:\/\/hespel.fr\/?p=4783","url_meta":{"origin":1783,"position":3},"title":"GoldenEye ou faire du live streaming en 2020","author":"R. Hespel","date":"juillet 8, 2020","format":false,"excerpt":"On me demande souvent comment capter un \u00e9v\u00e9nement en direct et le diffuser en simultan\u00e9 sur Internet. Depuis 2009, ann\u00e9e \u00e0 partir de laquelle j'ai commenc\u00e9 \u00e0 exp\u00e9rimenter sur le sujet, les choses ont beaucoup \u00e9volu\u00e9es. A l'\u00e9poque, mon mat\u00e9riel de pr\u00e9dilection \u00e9tait une cam\u00e9ra professionnelle reli\u00e9e \u00e0 un ordinateur\u2026","rel":"","context":"Dans &quot;Nouvelles technologies&quot;","block_context":{"text":"Nouvelles technologies","link":"https:\/\/hespel.fr\/?cat=5"},"img":{"alt_text":"","src":"https:\/\/i0.wp.com\/hespel.fr\/wp-content\/uploads\/2020\/07\/CanonEOSwebcamUtility-1024x767.jpg?resize=350%2C200&ssl=1","width":350,"height":200,"srcset":"https:\/\/i0.wp.com\/hespel.fr\/wp-content\/uploads\/2020\/07\/CanonEOSwebcamUtility-1024x767.jpg?resize=350%2C200&ssl=1 1x, https:\/\/i0.wp.com\/hespel.fr\/wp-content\/uploads\/2020\/07\/CanonEOSwebcamUtility-1024x767.jpg?resize=525%2C300&ssl=1 1.5x, https:\/\/i0.wp.com\/hespel.fr\/wp-content\/uploads\/2020\/07\/CanonEOSwebcamUtility-1024x767.jpg?resize=700%2C400&ssl=1 2x"},"classes":[]},{"id":360,"url":"https:\/\/hespel.fr\/?p=360","url_meta":{"origin":1783,"position":4},"title":"One Hour Photo ou des objectifs pour monture Sony E","author":"R. Hespel","date":"d\u00e9cembre 24, 2012","format":false,"excerpt":"En 2010, Sony sortait son premier mod\u00e8le de cam\u00e9ra \u00e0 optiques interchangeables pour le grand public, le Sony NEX-VG10. L'objectif avou\u00e9 : concurrencer les DSLR de Canon en offrant aux vid\u00e9astes une alternative aux attraits certains. \u00c0 l'aube de 2013, Sony annon\u00e7ait la troisi\u00e8me mise \u00e0 niveau de son mod\u00e8le,\u2026","rel":"","context":"Dans &quot;Nouvelles technologies&quot;","block_context":{"text":"Nouvelles technologies","link":"https:\/\/hespel.fr\/?cat=5"},"img":{"alt_text":"Avec l'objectif 18-200mm","src":"https:\/\/i0.wp.com\/hespel.fr\/wp-content\/uploads\/2012\/12\/DSC00029-1024x574.jpg?resize=350%2C200&ssl=1","width":350,"height":200,"srcset":"https:\/\/i0.wp.com\/hespel.fr\/wp-content\/uploads\/2012\/12\/DSC00029-1024x574.jpg?resize=350%2C200&ssl=1 1x, https:\/\/i0.wp.com\/hespel.fr\/wp-content\/uploads\/2012\/12\/DSC00029-1024x574.jpg?resize=525%2C300&ssl=1 1.5x, https:\/\/i0.wp.com\/hespel.fr\/wp-content\/uploads\/2012\/12\/DSC00029-1024x574.jpg?resize=700%2C400&ssl=1 2x"},"classes":[]},{"id":776,"url":"https:\/\/hespel.fr\/?p=776","url_meta":{"origin":1783,"position":5},"title":"Volte\/Face ou la vid\u00e9o \u00e0 360\u00b0","author":"R. Hespel","date":"mars 31, 2017","format":false,"excerpt":"Comment d\u00e9buter avec une cam\u00e9ra 360 ? J'en ai parl\u00e9 en d\u00e9but d'ann\u00e9e, \u00e0 mon sens, le 360\u00b0 sera l'une des tendances fortes de l'ann\u00e9e. Les g\u00e9ants du web supportent tous d\u00e9j\u00e0 ce format (et m\u00eame le direct en 360\u00b0), les outils de r\u00e9alit\u00e9 virtuelle se d\u00e9mocratisent et les cam\u00e9ras\u2026","rel":"","context":"Dans &quot;Nouvelles technologies&quot;","block_context":{"text":"Nouvelles technologies","link":"https:\/\/hespel.fr\/?cat=5"},"img":{"alt_text":"","src":"https:\/\/i0.wp.com\/hespel.fr\/wp-content\/uploads\/2017\/03\/lg360cam.jpg?resize=350%2C200","width":350,"height":200},"classes":[]}],"_links":{"self":[{"href":"https:\/\/hespel.fr\/index.php?rest_route=\/wp\/v2\/posts\/1783","targetHints":{"allow":["GET"]}}],"collection":[{"href":"https:\/\/hespel.fr\/index.php?rest_route=\/wp\/v2\/posts"}],"about":[{"href":"https:\/\/hespel.fr\/index.php?rest_route=\/wp\/v2\/types\/post"}],"author":[{"embeddable":true,"href":"https:\/\/hespel.fr\/index.php?rest_route=\/wp\/v2\/users\/3"}],"replies":[{"embeddable":true,"href":"https:\/\/hespel.fr\/index.php?rest_route=%2Fwp%2Fv2%2Fcomments&post=1783"}],"version-history":[{"count":29,"href":"https:\/\/hespel.fr\/index.php?rest_route=\/wp\/v2\/posts\/1783\/revisions"}],"predecessor-version":[{"id":2851,"href":"https:\/\/hespel.fr\/index.php?rest_route=\/wp\/v2\/posts\/1783\/revisions\/2851"}],"wp:attachment":[{"href":"https:\/\/hespel.fr\/index.php?rest_route=%2Fwp%2Fv2%2Fmedia&parent=1783"}],"wp:term":[{"taxonomy":"category","embeddable":true,"href":"https:\/\/hespel.fr\/index.php?rest_route=%2Fwp%2Fv2%2Fcategories&post=1783"},{"taxonomy":"post_tag","embeddable":true,"href":"https:\/\/hespel.fr\/index.php?rest_route=%2Fwp%2Fv2%2Ftags&post=1783"}],"curies":[{"name":"wp","href":"https:\/\/api.w.org\/{rel}","templated":true}]}}