{"id":177,"date":"2010-04-28T12:07:51","date_gmt":"2010-04-28T10:07:51","guid":{"rendered":"http:\/\/hespel.fr\/?p=177"},"modified":"2018-01-22T07:00:58","modified_gmt":"2018-01-22T06:00:58","slug":"suspicion-ou-choisir-son-videaste","status":"publish","type":"post","link":"https:\/\/hespel.fr\/?p=177","title":{"rendered":"Suspicion ou choisir son vid\u00e9aste"},"content":{"rendered":"<p><strong>Essayer de conseiller comment choisir son vid\u00e9aste quand on vend soi-m\u00eame ses services comme tel, cela peut para\u00eetre vain.<\/strong> Pourtant, mon but n&rsquo;est pas ici de vous inviter \u00e0 m&rsquo;engager mais plut\u00f4t de vous \u00e9viter de tomber sur un charlatan. Il en existe dans tous les domaines et il s&rsquo;agit de ne pas se tromper en vid\u00e9o, sous peine de se retrouver avec des images inutilisables. Pour un n\u00e9ophyte, <strong>il peut parfois \u00eatre difficile de d\u00e9terminer ce qui s\u00e9pare un bon vid\u00e9aste d&rsquo;un mauvais<\/strong>. Je vais donc essayer d&rsquo;en d\u00e9terminer les bases.<\/p>\n<p><!--more--><\/p>\n<p><strong>Regarder le portfolio.<\/strong> Un vid\u00e9aste sans portfolio, c&rsquo;est comme un musicien sans maquette. Au del\u00e0 de la simple exp\u00e9rience, chaque vid\u00e9aste a son style, plus ou moins bon, et il s&rsquo;agit de d\u00e9terminer si ce style convient \u00e0 ce que vous recherchez. Un bon vid\u00e9aste saura adapter son style au type de vid\u00e9o qu&rsquo;il aura \u00e0 r\u00e9aliser. Cherchez donc dans son portfolio un type de vid\u00e9o proche de celui que vous souhaitez le voir produire. Inutile de le juger sur un vid\u00e9o de mariage si vous souhaitez qu&rsquo;il r\u00e9alise une entrevue.<\/p>\n<p><strong>Conna\u00eetre son exp\u00e9rience.<\/strong> C&rsquo;est une chose qui se fait normalement sur le march\u00e9 de l&#8217;emploi mais \u00e0 laquelle on ne pense pas assez en terme de vid\u00e9o. Conna\u00eetre les exp\u00e9riences pass\u00e9es d&rsquo;un vid\u00e9aste, savoir pour qu&rsquo;il a travaill\u00e9, voire appeler ses pr\u00e9c\u00e9dents clients pour savoir comment s&rsquo;est d\u00e9roul\u00e9 un contrat peut vous en apprendre beaucoup. S&rsquo;il a re\u00e7u des recommandations sur <a title=\"Linkedin\" href=\"http:\/\/www.linkedin.com\" target=\"_blank\">linkedin<\/a>, ce sera d&rsquo;autant plus simple et cela vous \u00e9vitera un coup de fil.<\/p>\n<p><strong>S&rsquo;informer un maximum.<\/strong> Savoir comment travaille un vid\u00e9aste et ce qu&rsquo;il est capable de produire est une chose. \u00catre s\u00fbr que ce qu&rsquo;il produira pour vous sera d&rsquo;aussi bonne qualit\u00e9 que ce qu&rsquo;il a produit auparavant en est une autre. M\u00eame si vous ne vous y connaissez pas, essayez d&rsquo;en apprendre plus concernant le mat\u00e9riel qu&rsquo;il utilise par exemple. Je parle beaucoup de cam\u00e9ra de poche comme la Kodak Zi8 et j&rsquo;ai aussi d\u00e9j\u00e0 \u00e9voqu\u00e9 les appareils <a title=\"Wikipedia - DSLR\" href=\"http:\/\/en.wikipedia.org\/wiki\/Digital_single-lens_reflex_camera\" target=\"_blank\">DSLR<\/a>. Ce type de mat\u00e9riel n&rsquo;est pas adapt\u00e9 \u00e0 tout, et un vid\u00e9aste \u00e9quip\u00e9 d&rsquo;une cam\u00e9ra partira le plus souvent avec un avantage. Le plus souvent mais pas toujours. Certaines cam\u00e9ras ne valent pas mieux qu&rsquo;un simple camescope et font donc au mieux jeu \u00e9gal avec les DSLR. Je pense notamment \u00e0 la <a title=\"Sony officiel - HD1000\" href=\"http:\/\/pro.sony.com\/bbsc\/ssr\/cat-broadcastcameras\/cat-hdv\/product-HVRHD1000U\/\" target=\"_blank\">Sony HD1000, <\/a>imposante mais n&rsquo;\u00e9tant en fait qu&rsquo;un grand coffret renfermant un moteur de cam\u00e9scope. La taille ne fait pas tout.<\/p>\n<p><strong>Enfin, et comme pour tout corps de m\u00e9tier, un vid\u00e9aste, \u00e7a se rencontre. Parlez, \u00e9changez, peut-\u00eatre plus important que les donn\u00e9es techniques et mat\u00e9rielles, il sera d\u00e9terminant de voir si vous partagez la m\u00eame vision des choses, si la communication est bonne, si vous vous comprenez mutuellement. En cas d&rsquo;erreur, il sera alors beaucoup plus facile de remettre les points sur les i&#8230;<\/strong><\/p>\n","protected":false},"excerpt":{"rendered":"<p>Essayer de conseiller comment choisir son vid\u00e9aste quand on vend soi-m\u00eame ses services comme tel, cela peut para\u00eetre vain. Pourtant, mon but n&rsquo;est pas ici de vous inviter \u00e0 m&rsquo;engager mais plut\u00f4t de vous \u00e9viter de tomber sur un charlatan. Il en existe dans tous les domaines et il s&rsquo;agit de ne pas se tromper<\/p>\n<footer class=\"entry-footer index-entry\">\n<div class=\"post-social pull-left\"><a href=\"https:\/\/www.facebook.com\/sharer\/sharer.php?u=https%3A%2F%2Fhespel.fr%2F%3Fp%3D177\" target=\"_blank\" class=\"social-icons\"><i class=\"fa fa-facebook\" aria-hidden=\"true\"><\/i><\/a><a href=\"https:\/\/twitter.com\/home?status=https%3A%2F%2Fhespel.fr%2F%3Fp%3D177\" target=\"_blank\" class=\"social-icons\"><i class=\"fa fa-twitter\" aria-hidden=\"true\"><\/i><\/a><a href=\"https:\/\/www.linkedin.com\/shareArticle?mini=true&#038;url=https%3A%2F%2Fhespel.fr%2F%3Fp%3D177&#038;title=Suspicion+ou+choisir+son+vid%C3%A9aste\" target=\"_blank\" class=\"social-icons\"><i class=\"fa fa-linkedin\" aria-hidden=\"true\"><\/i><\/a><\/div>\n<p class=\"link-more\"><a href=\"https:\/\/hespel.fr\/?p=177\" class=\"more-link\">Continue reading <span class=\"meta-nav\">\u2192<\/span><\/a><\/p>\n<\/footer>\n","protected":false},"author":2,"featured_media":0,"comment_status":"open","ping_status":"open","sticky":false,"template":"","format":"standard","meta":{"jetpack_post_was_ever_published":false,"footnotes":""},"categories":[4,6],"tags":[34,66,83,107,177,186,216,241,250,267,354,637,379],"class_list":["post-177","post","type-post","status-publish","format-standard","hentry","category-non-classe","category-video","tag-appareil","tag-camera","tag-choisir","tag-dslr","tag-kodak","tag-linkedin","tag-montreal","tag-photo","tag-portfolio","tag-quebec","tag-videaste","tag-video","tag-zi8"],"aioseo_notices":[],"jetpack_featured_media_url":"","jetpack_shortlink":"https:\/\/wp.me\/p97UKg-2R","jetpack-related-posts":[{"id":146,"url":"https:\/\/hespel.fr\/?p=146","url_meta":{"origin":177,"position":0},"title":"Les Incorruptibles ou filmer avec un DSLR","author":"R. Hespel","date":"f\u00e9vrier 15, 2010","format":false,"excerpt":"J'ai beaucoup parl\u00e9 du Kodak Zi8 ces derniers temps, une solution parfaite pour de la vid\u00e9o mobile, \u00e0 peu de frais. Mais qu'en est-il des DSLR, ces appareils photos capables de filmer en HD ? En me basant sur mon exp\u00e9rience lors de la captation du show The Art Of\u2026","rel":"","context":"Dans &quot;R\u00e9flexions&quot;","block_context":{"text":"R\u00e9flexions","link":"https:\/\/hespel.fr\/?cat=4"},"img":{"alt_text":"The Art Of Performing Oral Sex","src":"https:\/\/i0.wp.com\/hespel.fr\/wp-content\/uploads\/2010\/02\/ecbimcoanchidcif.jpg?resize=350%2C200&ssl=1","width":350,"height":200},"classes":[]},{"id":53,"url":"https:\/\/hespel.fr\/?p=53","url_meta":{"origin":177,"position":1},"title":"Rosebud ou la vid\u00e9o en ligne","author":"R. Hespel","date":"novembre 23, 2009","format":false,"excerpt":"Il y a de nombreux param\u00e8tres \u00e0 prendre en compte lorsqu'on pense \"communication web\", surtout lorsque c'est en terme de vid\u00e9o. Avec le web 2.0, on ne peut plus juste proposer un contenu. Il faut l'amener \u00e0 l'utilisateur, et amener avec lui une interaction. La vid\u00e9o sera regard\u00e9e, seul ou\u2026","rel":"","context":"Dans &quot;Video&quot;","block_context":{"text":"Video","link":"https:\/\/hespel.fr\/?cat=6"},"img":{"alt_text":"","src":"","width":0,"height":0},"classes":[]},{"id":134,"url":"https:\/\/hespel.fr\/?p=134","url_meta":{"origin":177,"position":2},"title":"Apparences ou votre brand en vid\u00e9o","author":"R. Hespel","date":"f\u00e9vrier 8, 2010","format":false,"excerpt":"Lors de mon passage au dernier Focus 20, \u00e0 Drummondville, je me suis pos\u00e9 une question simple. Combien de personnes, dans la salle, communiquent par vid\u00e9o ? Le Focus 20 est un r\u00e9seau de professionnels du Web et de chefs d'entreprise exploitant ou souhaitant exploiter des applications Web 2.0 pour\u2026","rel":"","context":"Dans &quot;R\u00e9flexions&quot;","block_context":{"text":"R\u00e9flexions","link":"https:\/\/hespel.fr\/?cat=4"},"img":{"alt_text":"","src":"","width":0,"height":0},"classes":[]},{"id":70229,"url":"https:\/\/hespel.fr\/?p=70229","url_meta":{"origin":177,"position":3},"title":"A.I. ou l&rsquo;arriv\u00e9e imminente de Sora","author":"R. Hespel","date":"f\u00e9vrier 19, 2024","format":false,"excerpt":"La semaine derni\u00e8re, OpenAI, soci\u00e9t\u00e9 d\u00e9j\u00e0 \u00e0 la base de DALL-E (un mod\u00e8le capable de g\u00e9n\u00e9rer des images \u00e0 partir de requ\u00eates textuelles) et de ChatGPT (un chatbot fonctionnant sur base d'intelligence artificielle), annon\u00e7ait le lancement prochain de Sora, un mod\u00e8le capable cette fois-ci de produire des vid\u00e9os sur base\u2026","rel":"","context":"Dans &quot;Nouvelles technologies&quot;","block_context":{"text":"Nouvelles technologies","link":"https:\/\/hespel.fr\/?cat=5"},"img":{"alt_text":"Cette photo du Pape est fausse","src":"https:\/\/i0.wp.com\/hespel.fr\/wp-content\/uploads\/2024\/02\/SEI_149760389-245x300.jpeg?resize=350%2C200&ssl=1","width":350,"height":200},"classes":[]},{"id":57,"url":"https:\/\/hespel.fr\/?p=57","url_meta":{"origin":177,"position":4},"title":"Mission Impossible ou produire une vid\u00e9o (101)","author":"R. Hespel","date":"novembre 30, 2009","format":false,"excerpt":"Produire une vid\u00e9o n'est pas chose facile lorsqu'on est n\u00e9ophyte en la mati\u00e8re. Il semble y avoir tellement de param\u00e8tres \u00e0 prendre en compte... Par o\u00f9 commencer ? Il y a plusieurs options. On peut \u00e9videmment faire appel \u00e0 un professionnel, ce qui peut \u00eatre le choix le plus fiable,\u2026","rel":"","context":"Dans &quot;Nouvelles technologies&quot;","block_context":{"text":"Nouvelles technologies","link":"https:\/\/hespel.fr\/?cat=5"},"img":{"alt_text":"","src":"http:\/\/www.dailymotion.com\/thumbnail\/video\/xa0tr1","width":350,"height":200},"classes":[]},{"id":1783,"url":"https:\/\/hespel.fr\/?p=1783","url_meta":{"origin":177,"position":5},"title":"La doublure ou la Sony RX0 Mark II","author":"R. Hespel","date":"f\u00e9vrier 3, 2020","format":false,"excerpt":"Sortie au milieu de l'ann\u00e9e derni\u00e8re, la Sony RX0 II est pass\u00e9e relativement inaper\u00e7ue. Etait-ce \u00e0 cause de son format qui l'assimile d'office \u00e0 une action cam (une GoPro de plus ?), de son c\u00f4t\u00e9 inclassable (beaucoup l'ont envisag\u00e9 comme une cam\u00e9ra pour Youtubeurs), ou de son prix relativement \u00e9lev\u00e9\u2026","rel":"","context":"Dans &quot;Nouvelles technologies&quot;","block_context":{"text":"Nouvelles technologies","link":"https:\/\/hespel.fr\/?cat=5"},"img":{"alt_text":"","src":"https:\/\/i0.wp.com\/hespel.fr\/wp-content\/uploads\/2020\/01\/sonyrx0II_hespel01_resultat-1024x576.jpg?resize=350%2C200&ssl=1","width":350,"height":200,"srcset":"https:\/\/i0.wp.com\/hespel.fr\/wp-content\/uploads\/2020\/01\/sonyrx0II_hespel01_resultat-1024x576.jpg?resize=350%2C200&ssl=1 1x, https:\/\/i0.wp.com\/hespel.fr\/wp-content\/uploads\/2020\/01\/sonyrx0II_hespel01_resultat-1024x576.jpg?resize=525%2C300&ssl=1 1.5x, https:\/\/i0.wp.com\/hespel.fr\/wp-content\/uploads\/2020\/01\/sonyrx0II_hespel01_resultat-1024x576.jpg?resize=700%2C400&ssl=1 2x"},"classes":[]}],"_links":{"self":[{"href":"https:\/\/hespel.fr\/index.php?rest_route=\/wp\/v2\/posts\/177","targetHints":{"allow":["GET"]}}],"collection":[{"href":"https:\/\/hespel.fr\/index.php?rest_route=\/wp\/v2\/posts"}],"about":[{"href":"https:\/\/hespel.fr\/index.php?rest_route=\/wp\/v2\/types\/post"}],"author":[{"embeddable":true,"href":"https:\/\/hespel.fr\/index.php?rest_route=\/wp\/v2\/users\/2"}],"replies":[{"embeddable":true,"href":"https:\/\/hespel.fr\/index.php?rest_route=%2Fwp%2Fv2%2Fcomments&post=177"}],"version-history":[{"count":2,"href":"https:\/\/hespel.fr\/index.php?rest_route=\/wp\/v2\/posts\/177\/revisions"}],"predecessor-version":[{"id":383,"href":"https:\/\/hespel.fr\/index.php?rest_route=\/wp\/v2\/posts\/177\/revisions\/383"}],"wp:attachment":[{"href":"https:\/\/hespel.fr\/index.php?rest_route=%2Fwp%2Fv2%2Fmedia&parent=177"}],"wp:term":[{"taxonomy":"category","embeddable":true,"href":"https:\/\/hespel.fr\/index.php?rest_route=%2Fwp%2Fv2%2Fcategories&post=177"},{"taxonomy":"post_tag","embeddable":true,"href":"https:\/\/hespel.fr\/index.php?rest_route=%2Fwp%2Fv2%2Ftags&post=177"}],"curies":[{"name":"wp","href":"https:\/\/api.w.org\/{rel}","templated":true}]}}