{"id":173,"date":"2010-04-18T12:03:14","date_gmt":"2010-04-18T10:03:14","guid":{"rendered":"http:\/\/hespel.fr\/?p=173"},"modified":"2020-05-29T22:22:19","modified_gmt":"2020-05-29T20:22:19","slug":"le-3e-homme-ou-la-diffusion-live-a-outrance","status":"publish","type":"post","link":"https:\/\/hespel.fr\/?p=173","title":{"rendered":"Le 3e Homme ou la diffusion live \u00e0 outrance"},"content":{"rendered":"<p>Depuis quelques semaines, je suis bien occup\u00e9. Des mandats s&rsquo;installent sur le long terme, ce qui explique une diminution de ma pr\u00e9sence web. Une diminution paradoxale puisque je suis toujours tr\u00e8s pr\u00e9sent, mais plus en mon nom. A <strong>deux reprises, la semaine pass\u00e9e, j&rsquo;ai effectu\u00e9 des captations sur Ustream \u00e0 partir de comptes autres que le mien<\/strong>. Mardi d&rsquo;abord, c&rsquo;\u00e9tait le rendez-vous mensuel de l&rsquo;<strong>IdentityCamp<\/strong>. Mercredi, et c&rsquo;\u00e9tait une exp\u00e9rience in\u00e9dite, j&rsquo;\u00e9tais pr\u00e9sent au party de lancement du <strong>magazine Urbania<\/strong>. Deux diffusions tr\u00e8s diff\u00e9rentes&#8230;<\/p>\n<p>J&rsquo;en ai d\u00e9j\u00e0 parl\u00e9, l&rsquo;<a title=\"IdentityCamp Qu\u00e9bec\" href=\"http:\/\/quebec.identitycamp.org\/\" target=\"_blank\" rel=\"noopener noreferrer\">Identity Camp<\/a> est un \u00e9v\u00e9nement mensuel d\u00e9di\u00e9 \u00e0 l&rsquo;identit\u00e9 num\u00e9rique et au personal branding. Deux pr\u00e9sentations, des discussions, le tout retransmis en direct sur <a title=\"Ustream de l&#039;IdentityCamp\" href=\"https:\/\/web.archive.org\/web\/20091214075934\/http:\/\/www.ustream.tv:80\/idcampmontreal\" target=\"_blank\" rel=\"noopener noreferrer\">Ustream<\/a>. Les settings changent r\u00e9guli\u00e8rement, de fa\u00e7on pourtant tr\u00e8s al\u00e9atoire. Qui plus est, les pr\u00e9sentateurs sont toujours renouvel\u00e9s, ce qui renouvelle aussi l&rsquo;audience de la diffusion live. La cha\u00eene Ustream a \u00e9t\u00e9 suivie depuis sa cr\u00e9ation par 10 \u00e0 40 personnes en direct, sans parler des visionnages des archives&#8230; <!--more--><\/p>\n<p>Chaque nouveau pr\u00e9sentateur am\u00e8ne son th\u00e8me et ses id\u00e9es, et je dois avouer que j&rsquo;ai particuli\u00e8rement appr\u00e9ci\u00e9 ceux de ce mois-ci, avec notamment <a title=\"Pigmalion Num\u00e9rique\" href=\"https:\/\/web.archive.org\/web\/20100815052830\/http:\/\/pygmalionnumerique.com:80\/2010\/04\/blogue\/identite-numerique\/patrick-groulx-2-0-etude-de-cas-preliminaire-presentee-au-identitycamp-avril-2010-de-montreal\/\" target=\"_blank\" rel=\"noopener noreferrer\">Geoffroi Garon<\/a>, sur la pr\u00e9sence de Patrick Groulx sur les r\u00e9seaux sociaux. Outre une \u00e9tude tr\u00e8s int\u00e9ressante, <strong>il a parl\u00e9 de l&rsquo;importance d&rsquo;une pr\u00e9sence web en vid\u00e9o<\/strong>, ce \u00e0 quoi <a title=\"Patrick Groulx site officiel\" href=\"http:\/\/www.patrickgroulx.com\/\" target=\"_blank\" rel=\"noopener noreferrer\">Patrick Groulx<\/a> a tout de suite adh\u00e9r\u00e9 en acqu\u00e9rant une cam\u00e9ra HD pour poster ses vid\u00e9os sur son site et sur Youtube.<\/p>\n<p>C&rsquo;est un de mes chevaux de bataille : une pr\u00e9sence web en vid\u00e9o est aussi importante pour un groupe de musique que pour une entreprise ou un humoriste. Mais si tout le monde y va de sa vid\u00e9o, va-t-on \u00eatre inond\u00e9 de vid\u00e9os inutiles ?<\/p>\n<p>Ce qui m&rsquo;am\u00e8ne \u00e0 ma diffusion de mercredi. <strong>Le dernier num\u00e9ro du magazine Urbania traite des r\u00e9seaux sociaux<\/strong>. L&rsquo;id\u00e9e avait alors germ\u00e9 de continuer sur ce th\u00e8me jusqu&rsquo;au party de lancement, et j&rsquo;avais propos\u00e9 de retransmettre la soir\u00e9e en live sur Ustream. <a title=\"Urbania.ca\" href=\"https:\/\/urbania.ca\/\" target=\"_blank\" rel=\"noopener noreferrer\">Urbania<\/a> a d\u00e9j\u00e0 une aura bien install\u00e9 sur le web, avec des comptes Twitter et Facebook tr\u00e8s actifs. Je m&rsquo;attendais donc \u00e0 un certain suivi sur Ustream, une soixantaine de personnes en continu par exemple.<\/p>\n<p>Manque de publicit\u00e9 ? Un public plus int\u00e9ress\u00e9 par l&rsquo;ambiance sur place que par l&rsquo;interm\u00e9diaire de son \u00e9cran ? Peut-\u00eatre. Il n&rsquo;y aura eu que 25 personnes en ligne durant toute la soir\u00e9e. Apr\u00e8s r\u00e9flexion, je pense que l&rsquo;erreur vient de moi. <strong>Si le concept \u00e9tait porteur, la mise en place n&rsquo;\u00e9tait pas optimale<\/strong>. Ma pr\u00e9sence au lancement s&rsquo;est r\u00e9sum\u00e9 au placement d&rsquo;une cam\u00e9ra et \u00e0 l&rsquo;animation de la discussion en ligne, comme je l&rsquo;aurais fait pour une conf\u00e9rence. Or, dans cette configuration, y avait-il un r\u00e9el int\u00e9r\u00eat \u00e0 diffuser une soir\u00e9e ? J&rsquo;ai tent\u00e9 d&rsquo;\u00e9gayer le direct par quelques interactions, mais le tout manquait de pr\u00e9paration. Le r\u00e9sultat est une semi-d\u00e9ception, tant le potentiel de l&rsquo;id\u00e9e aurait pu donner quelque chose de diff\u00e9rent.<\/p>\n<p><strong>Peut-on tout diffuser en direct sur Internet ? J&rsquo;en viens \u00e0 penser que non. Comme pour toute vid\u00e9o, il doit y avoir une vraie r\u00e9flexion derri\u00e8re, sans quoi le r\u00e9sultat ne sera pas \u00e0 la hauteur des attentes. Et si la t\u00e9l\u00e9vision a beaucoup \u00e0 apprendre du net en terme de nouvelles tendances vid\u00e9os, je pense que la diffusion en livestreaming peut apprendre de la t\u00e9l\u00e9vision en terme de programmation. Diffuser une manifestation int\u00e9ressera un certain public. Diffuser ce qu&rsquo;il se passe dans le hall d&rsquo;un h\u00f4tel, peut-\u00eatre pas. Ma r\u00e9flexion sur Ustream est en tout cas loin d&rsquo;\u00eatre termin\u00e9e.<\/strong><\/p>\n","protected":false},"excerpt":{"rendered":"<p>Depuis quelques semaines, je suis bien occup\u00e9. Des mandats s&rsquo;installent sur le long terme, ce qui explique une diminution de ma pr\u00e9sence web. Une diminution paradoxale puisque je suis toujours tr\u00e8s pr\u00e9sent, mais plus en mon nom. A deux reprises, la semaine pass\u00e9e, j&rsquo;ai effectu\u00e9 des captations sur Ustream \u00e0 partir de comptes autres que<\/p>\n<footer class=\"entry-footer index-entry\">\n<div class=\"post-social pull-left\"><a href=\"https:\/\/www.facebook.com\/sharer\/sharer.php?u=https%3A%2F%2Fhespel.fr%2F%3Fp%3D173\" target=\"_blank\" class=\"social-icons\"><i class=\"fa fa-facebook\" aria-hidden=\"true\"><\/i><\/a><a href=\"https:\/\/twitter.com\/home?status=https%3A%2F%2Fhespel.fr%2F%3Fp%3D173\" target=\"_blank\" class=\"social-icons\"><i class=\"fa fa-twitter\" aria-hidden=\"true\"><\/i><\/a><a href=\"https:\/\/www.linkedin.com\/shareArticle?mini=true&#038;url=https%3A%2F%2Fhespel.fr%2F%3Fp%3D173&#038;title=Le+3e+Homme+ou+la+diffusion+live+%C3%A0+outrance\" target=\"_blank\" class=\"social-icons\"><i class=\"fa fa-linkedin\" aria-hidden=\"true\"><\/i><\/a><\/div>\n<p class=\"link-more\"><a href=\"https:\/\/hespel.fr\/?p=173\" class=\"more-link\">Continue reading <span class=\"meta-nav\">\u2192<\/span><\/a><\/p>\n<\/footer>\n","protected":false},"author":2,"featured_media":0,"comment_status":"open","ping_status":"open","sticky":false,"template":"","format":"standard","meta":{"jetpack_post_was_ever_published":false,"footnotes":""},"categories":[6,7],"tags":[69,79,104,116,141,160,162,188,197,235,275,296,338,345,348,377],"class_list":["post-173","post","type-post","status-publish","format-standard","hentry","category-video","category-web","tag-camp","tag-channel","tag-direct","tag-facebook","tag-geoffroi-garon","tag-identity","tag-identitycamp","tag-live","tag-magazine","tag-patrick-groulx","tag-reseaux","tag-sociaux","tag-twitter","tag-urbania","tag-ustream","tag-youtube"],"aioseo_notices":[],"jetpack_featured_media_url":"","jetpack_shortlink":"https:\/\/wp.me\/p97UKg-2N","jetpack-related-posts":[{"id":61,"url":"https:\/\/hespel.fr\/?p=61","url_meta":{"origin":173,"position":0},"title":"The Truman Show ou la diffusion en direct","author":"R. Hespel","date":"d\u00e9cembre 7, 2009","format":false,"excerpt":"Diffuser une vid\u00e9o en direct sur Internet n'est aujourd'hui plus si complexe et il m'a sembl\u00e9 opportun, \u00e0 la veille de la diffusion de l'IdentityCamp, de faire le point sur les diff\u00e9rentes plateformes existantes et sur leurs possibilit\u00e9s. Je vais commencer par les solutions les plus faciles \u00e0 utiliser et\u2026","rel":"","context":"Dans &quot;Nouvelles technologies&quot;","block_context":{"text":"Nouvelles technologies","link":"https:\/\/hespel.fr\/?cat=5"},"img":{"alt_text":"","src":"","width":0,"height":0},"classes":[]},{"id":167,"url":"https:\/\/hespel.fr\/?p=167","url_meta":{"origin":173,"position":1},"title":"Les 4 Fantastiques ou 4 astuces pour Ustream","author":"R. Hespel","date":"mars 15, 2010","format":false,"excerpt":"S'il y a bien une chose que me permets l'IdentityCamp, c'est de tirer des le\u00e7ons. Assumer chaque mois la retransmission en direct des pr\u00e9sentations et des \u00e9changes qui ont lieu \u00e0 Station C est une exp\u00e9rience en soit. On pourrait croire qu'au fur et \u00e0 mesure, la routine s'installe. Il\u2026","rel":"","context":"Dans &quot;R\u00e9flexions&quot;","block_context":{"text":"R\u00e9flexions","link":"https:\/\/hespel.fr\/?cat=4"},"img":{"alt_text":"IdentityCamp d\u00e9cembre 2009","src":"https:\/\/i0.wp.com\/live.staticflickr.com\/2575\/4171094534_70a19c56d2_c.jpg?resize=350%2C200&ssl=1","width":350,"height":200,"srcset":"https:\/\/i0.wp.com\/live.staticflickr.com\/2575\/4171094534_70a19c56d2_c.jpg?resize=350%2C200&ssl=1 1x, https:\/\/i0.wp.com\/live.staticflickr.com\/2575\/4171094534_70a19c56d2_c.jpg?resize=525%2C300&ssl=1 1.5x, https:\/\/i0.wp.com\/live.staticflickr.com\/2575\/4171094534_70a19c56d2_c.jpg?resize=700%2C400&ssl=1 2x"},"classes":[]},{"id":767,"url":"https:\/\/hespel.fr\/?p=767","url_meta":{"origin":173,"position":2},"title":"Tomorrowland ou mes pr\u00e9dictions vid\u00e9o pour 2017","author":"R. Hespel","date":"janvier 5, 2017","format":false,"excerpt":"2016 aura pour moi \u00e9t\u00e9 le retour \u00e0 un de mes premiers amours, la diffusion en direct sur Internet. Alors qu'il y a tout juste sept ans, je faisais mes premi\u00e8res armes sur Ustream avec l'IdentityCamp, j'ai eu \u00e0 plusieurs reprises cette ann\u00e9e \u00e0 produire de la vid\u00e9o sans filet,\u2026","rel":"","context":"Dans &quot;Nouvelles technologies&quot;","block_context":{"text":"Nouvelles technologies","link":"https:\/\/hespel.fr\/?cat=5"},"img":{"alt_text":"img_0112","src":"https:\/\/i0.wp.com\/hespel.fr\/wp-content\/uploads\/2016\/10\/IMG_0112-1024x768.jpg?resize=350%2C200","width":350,"height":200},"classes":[]},{"id":213,"url":"https:\/\/hespel.fr\/?p=213","url_meta":{"origin":173,"position":3},"title":"Il Divo ou Streamago","author":"R. Hespel","date":"juin 3, 2011","format":false,"excerpt":"Tiscali, ancien op\u00e9rateur Fran\u00e7ais, d'origine Italienne, qui avait dans mes souvenirs \u00e9tait absorb\u00e9 par le groupe Alice, fait \u00e0 nouveau parler de lui ces derniers jours avec son nouveau service : Streamago. Streamago.tv est un service de diffusion de vid\u00e9o en direct. Existant depuis d\u00e9j\u00e0 quelques temps, il n'a de\u2026","rel":"","context":"Dans &quot;R\u00e9flexions&quot;","block_context":{"text":"R\u00e9flexions","link":"https:\/\/hespel.fr\/?cat=4"},"img":{"alt_text":"","src":"https:\/\/i0.wp.com\/hespel.fr\/wp-content\/uploads\/2011\/06\/streamago2019.jpg?resize=350%2C200&ssl=1","width":350,"height":200,"srcset":"https:\/\/i0.wp.com\/hespel.fr\/wp-content\/uploads\/2011\/06\/streamago2019.jpg?resize=350%2C200&ssl=1 1x, https:\/\/i0.wp.com\/hespel.fr\/wp-content\/uploads\/2011\/06\/streamago2019.jpg?resize=525%2C300&ssl=1 1.5x, https:\/\/i0.wp.com\/hespel.fr\/wp-content\/uploads\/2011\/06\/streamago2019.jpg?resize=700%2C400&ssl=1 2x"},"classes":[]},{"id":161,"url":"https:\/\/hespel.fr\/?p=161","url_meta":{"origin":173,"position":4},"title":"Las Vegas Parano ou la vid\u00e9o omnipr\u00e9sente","author":"R. Hespel","date":"mars 9, 2010","format":false,"excerpt":"La semaine pass\u00e9e, j'\u00e9tais \u00e0 Las Vegas. Si la ville correspondait assez \u00e0 ce que j'en attendais au niveau des h\u00f4tels, des casinos et de la d\u00e9mesure, j'ai \u00e9t\u00e9 assez surpris de ne pas y trouver plus de vid\u00e9o. Bien s\u00fbr, sur les fa\u00e7ades dans la rue, des \u00e9crans g\u00e9ants\u2026","rel":"","context":"Dans &quot;Video&quot;","block_context":{"text":"Video","link":"https:\/\/hespel.fr\/?cat=6"},"img":{"alt_text":"","src":"","width":0,"height":0},"classes":[]},{"id":189,"url":"https:\/\/hespel.fr\/?p=189","url_meta":{"origin":173,"position":5},"title":"A Serious Man ou Podcamp Montr\u00e9al 2010","author":"R. Hespel","date":"septembre 9, 2010","format":false,"excerpt":"Parfois, je suis une personne s\u00e9rieuse. Plus qu'\u00eatre professionnel, il s'agit de consid\u00e9rer le monde dans lequel on vit et d'essayer d'y contribuer. L'ann\u00e9e pass\u00e9e, exactement \u00e0 cette p\u00e9riode, j'allais au Podcamp Montr\u00e9al pour la premi\u00e8re fois, dans le simple but d'\u00e9couter les conf\u00e9rences propos\u00e9es. Cette ann\u00e9e, je change la\u2026","rel":"","context":"Dans &quot;Nouvelles technologies&quot;","block_context":{"text":"Nouvelles technologies","link":"https:\/\/hespel.fr\/?cat=5"},"img":{"alt_text":"","src":"","width":0,"height":0},"classes":[]}],"_links":{"self":[{"href":"https:\/\/hespel.fr\/index.php?rest_route=\/wp\/v2\/posts\/173","targetHints":{"allow":["GET"]}}],"collection":[{"href":"https:\/\/hespel.fr\/index.php?rest_route=\/wp\/v2\/posts"}],"about":[{"href":"https:\/\/hespel.fr\/index.php?rest_route=\/wp\/v2\/types\/post"}],"author":[{"embeddable":true,"href":"https:\/\/hespel.fr\/index.php?rest_route=\/wp\/v2\/users\/2"}],"replies":[{"embeddable":true,"href":"https:\/\/hespel.fr\/index.php?rest_route=%2Fwp%2Fv2%2Fcomments&post=173"}],"version-history":[{"count":8,"href":"https:\/\/hespel.fr\/index.php?rest_route=\/wp\/v2\/posts\/173\/revisions"}],"predecessor-version":[{"id":4813,"href":"https:\/\/hespel.fr\/index.php?rest_route=\/wp\/v2\/posts\/173\/revisions\/4813"}],"wp:attachment":[{"href":"https:\/\/hespel.fr\/index.php?rest_route=%2Fwp%2Fv2%2Fmedia&parent=173"}],"wp:term":[{"taxonomy":"category","embeddable":true,"href":"https:\/\/hespel.fr\/index.php?rest_route=%2Fwp%2Fv2%2Fcategories&post=173"},{"taxonomy":"post_tag","embeddable":true,"href":"https:\/\/hespel.fr\/index.php?rest_route=%2Fwp%2Fv2%2Ftags&post=173"}],"curies":[{"name":"wp","href":"https:\/\/api.w.org\/{rel}","templated":true}]}}