{"id":171,"date":"2010-03-29T12:01:54","date_gmt":"2010-03-29T10:01:54","guid":{"rendered":"http:\/\/hespel.fr\/?p=171"},"modified":"2020-07-05T11:54:21","modified_gmt":"2020-07-05T09:54:21","slug":"mrs-doubtfire-ou-une-camera-dans-toutes-les-poches","status":"publish","type":"post","link":"https:\/\/hespel.fr\/?p=171","title":{"rendered":"Mrs Doubtfire ou une cam\u00e9ra dans toutes les poches"},"content":{"rendered":"<p>C&rsquo;est \u00e0 l&rsquo;occasion d&rsquo;une promotion sur le site de <a title=\"Dell Canada\" href=\"https:\/\/www.dell.com\/fr-ca\" target=\"_blank\" rel=\"noopener noreferrer\">Dell Canada<\/a> la semaine pass\u00e9e qu&rsquo;on m&rsquo;a demand\u00e9 pour la premi\u00e8re fois, de fa\u00e7on directe, <strong>des conseils sur une cam\u00e9ra de poche<\/strong>. Les cam\u00e9ras de poche, j&rsquo;en ai d\u00e9j\u00e0 parl\u00e9 avant sur ce blog. J&rsquo;ai largement explor\u00e9 ce nouveau petit monde avant de me procurer la Kodak Zi8, et j&rsquo;ai depuis parl\u00e9 de mon choix, du point de vue professionnel. Mais loin d&rsquo;\u00eatre destin\u00e9es aux professionnels de l&rsquo;image, <strong>ces pockets cameras sont destin\u00e9es au grand public<\/strong>. Alors, quelles sont les questions que vous vous posez ?<\/p>\n<p><!--more--><\/p>\n<p>En consultant mes statistiques de visites, je me suis rendu compte que certains d&rsquo;entre vous arrivaient sur ce blog en cherchant des informations sur la <a title=\"Kodak Zi8 officiel\" href=\"http:\/\/store.kodak.com\/store\/ekconsus\/en_US\/pd\/Zi8_Pocket_Video_Camera\/productID.156585800\" target=\"_blank\" rel=\"noopener noreferrer\">Kodak Zi8<\/a> que je ne donnais pas. Notamment sur la qualit\u00e9 des photos que prenait celle-ci. Elle peut en effet prendre des images de 5 Megapixels, d&rsquo;une bonne qualit\u00e9. Mais, et j&rsquo;insiste, <strong>les photos d&rsquo;une Zi8 resteront toujours inf\u00e9rieures \u00e0 celles prises par un appareil photo num\u00e9rique<\/strong>. La Kodak dispose d&rsquo;un zoom, mais il est num\u00e9rique, et l&rsquo;utiliser sur ses photos, c&rsquo;est les transformer en un amas de pixels.<\/p>\n<p style=\"text-align: left;\">Exemples de photos prises avec la Kodak Zi8 :<\/p>\n<p><a href=\"https:\/\/hespel.fr\/wp-content\/uploads\/2010\/03\/937_0812-scaled.jpg\"><img loading=\"lazy\" decoding=\"async\" data-attachment-id=\"2853\" data-permalink=\"https:\/\/hespel.fr\/?attachment_id=2853\" data-orig-file=\"https:\/\/hespel.fr\/wp-content\/uploads\/2010\/03\/937_0812-scaled.jpg\" data-orig-size=\"2560,1440\" data-comments-opened=\"1\" data-image-meta=\"{&quot;aperture&quot;:&quot;0&quot;,&quot;credit&quot;:&quot;&quot;,&quot;camera&quot;:&quot;&quot;,&quot;caption&quot;:&quot;&quot;,&quot;created_timestamp&quot;:&quot;0&quot;,&quot;copyright&quot;:&quot;&quot;,&quot;focal_length&quot;:&quot;0&quot;,&quot;iso&quot;:&quot;0&quot;,&quot;shutter_speed&quot;:&quot;0&quot;,&quot;title&quot;:&quot;&quot;,&quot;orientation&quot;:&quot;0&quot;}\" data-image-title=\"937_0812\" data-image-description=\"\" data-image-caption=\"\" data-large-file=\"https:\/\/hespel.fr\/wp-content\/uploads\/2010\/03\/937_0812-1024x576.jpg\" src=\"https:\/\/hespel.fr\/wp-content\/uploads\/2010\/03\/937_0812-1024x576.jpg\" alt=\"\" width=\"780\" height=\"439\" class=\"aligncenter size-large wp-image-2853\" srcset=\"https:\/\/hespel.fr\/wp-content\/uploads\/2010\/03\/937_0812-1024x576.jpg 1024w, https:\/\/hespel.fr\/wp-content\/uploads\/2010\/03\/937_0812-300x169.jpg 300w, https:\/\/hespel.fr\/wp-content\/uploads\/2010\/03\/937_0812-768x432.jpg 768w, https:\/\/hespel.fr\/wp-content\/uploads\/2010\/03\/937_0812-1536x864.jpg 1536w, https:\/\/hespel.fr\/wp-content\/uploads\/2010\/03\/937_0812-2048x1152.jpg 2048w\" sizes=\"auto, (max-width: 780px) 100vw, 780px\" \/><\/a><\/p>\n<p><img loading=\"lazy\" decoding=\"async\" data-attachment-id=\"2854\" data-permalink=\"https:\/\/hespel.fr\/?attachment_id=2854\" data-orig-file=\"https:\/\/hespel.fr\/wp-content\/uploads\/2010\/03\/937_0811.jpg\" data-orig-size=\"1024,576\" data-comments-opened=\"1\" data-image-meta=\"{&quot;aperture&quot;:&quot;0&quot;,&quot;credit&quot;:&quot;&quot;,&quot;camera&quot;:&quot;&quot;,&quot;caption&quot;:&quot;&quot;,&quot;created_timestamp&quot;:&quot;0&quot;,&quot;copyright&quot;:&quot;&quot;,&quot;focal_length&quot;:&quot;0&quot;,&quot;iso&quot;:&quot;0&quot;,&quot;shutter_speed&quot;:&quot;0&quot;,&quot;title&quot;:&quot;&quot;,&quot;orientation&quot;:&quot;0&quot;}\" data-image-title=\"937_0811\" data-image-description=\"\" data-image-caption=\"\" data-large-file=\"https:\/\/hespel.fr\/wp-content\/uploads\/2010\/03\/937_0811.jpg\" src=\"https:\/\/hespel.fr\/wp-content\/uploads\/2010\/03\/937_0811.jpg\" alt=\"\" width=\"780\" height=\"439\" class=\"aligncenter size-large wp-image-2854\" srcset=\"https:\/\/hespel.fr\/wp-content\/uploads\/2010\/03\/937_0811.jpg 1024w, https:\/\/hespel.fr\/wp-content\/uploads\/2010\/03\/937_0811-300x169.jpg 300w, https:\/\/hespel.fr\/wp-content\/uploads\/2010\/03\/937_0811-768x432.jpg 768w\" sizes=\"auto, (max-width: 780px) 100vw, 780px\" \/><\/p>\n<p>Il y en a manifestement qui n&rsquo;ont pas confiance en la vente en ligne (et vous avez raison, vu les probl\u00e8mes que Dell et Purolator peuvent procurer) puisque vous cherchez o\u00f9 acheter une Kodak Zi8 \u00e0 Montr\u00e9al. Je n&rsquo;ai pas de r\u00e9ponse. Il me semble en avoir vu \u00e0 vendre \u00e0 la <a title=\"Coop UQAM\" href=\"http:\/\/www.coopuqam.com\/\" target=\"_blank\" rel=\"noopener noreferrer\">Coop UQAM<\/a>, mais pas \u00e0 un prix int\u00e9ressant. On trouve plus facilement la <a title=\"Site officiel de Flip\" href=\"https:\/\/en.wikipedia.org\/wiki\/Flip_Video\" target=\"_blank\" rel=\"noopener noreferrer\">Flip<\/a> chez <a title=\"Futureshop\" href=\"http:\/\/www.futureshop.ca\/fr-ca\/\" target=\"_blank\" rel=\"noopener noreferrer\">Futureshop<\/a> par exemple.<\/p>\n<p>Saurez-vous utiliser une cam\u00e9ra de poche ? <strong>Elles sont con\u00e7ues pour \u00eatre facile \u00e0 utiliser<\/strong> ! Elles poss\u00e8dent encore moins de r\u00e9glages qu&rsquo;un appareil photo compact : quatre boutons seulement. Faut-il filmer en haute r\u00e9solution ? Bien s\u00fbr. En 720p ou en 1080p ? Cela a peu d&rsquo;importance aujourd&rsquo;hui. Sachez juste que le 1080p demande plus de place de stockage, que tous les ordinateurs ne sont pas capables de le lire avec fluidit\u00e9, et qu&rsquo;il demande plus de ressources si vous souhaitez effectuer un montage.<\/p>\n<p>Enfin, question grand public, vaut-il mieux acheter une Flip ou une Kodak ? Les Kodak impliquent l&rsquo;achat d&rsquo;une carte SD, comme les appareils photos, pour pouvoir enregistrer ses vid\u00e9os.  Si cela peut rebuter \u00e0 l&rsquo;achat, cela peut vous permettre de jongler entre plusieurs cartes si vous filmez beaucoup : un vrai avantage.<\/p>\n<p><strong>Si vous avez d&rsquo;autres questions, n&rsquo;h\u00e9sitez pas \u00e0 les poser dans les commentaires, je me ferais une joie d&rsquo;y r\u00e9pondre. Je suis persuad\u00e9 que les cam\u00e9ras de poches vont se r\u00e9pandre dans les foyers comme les appareils photos num\u00e9riques aujourd&rsquo;hui. C&rsquo;est ce que nous r\u00e9servent les prochaines ann\u00e9es, autant prendre le pli d\u00e8s maintenant. Il faudra quand m\u00eame prendre en compte les multiples probl\u00e8mes de vie priv\u00e9e qu&rsquo;elles vont aussi amener&#8230; peut-\u00eatre dans un autre article.<\/strong><\/p>\n","protected":false},"excerpt":{"rendered":"<p>C&rsquo;est \u00e0 l&rsquo;occasion d&rsquo;une promotion sur le site de Dell Canada la semaine pass\u00e9e qu&rsquo;on m&rsquo;a demand\u00e9 pour la premi\u00e8re fois, de fa\u00e7on directe, des conseils sur une cam\u00e9ra de poche. Les cam\u00e9ras de poche, j&rsquo;en ai d\u00e9j\u00e0 parl\u00e9 avant sur ce blog. J&rsquo;ai largement explor\u00e9 ce nouveau petit monde avant de me procurer la<\/p>\n<footer class=\"entry-footer index-entry\">\n<div class=\"post-social pull-left\"><a href=\"https:\/\/www.facebook.com\/sharer\/sharer.php?u=https%3A%2F%2Fhespel.fr%2F%3Fp%3D171\" target=\"_blank\" class=\"social-icons\"><i class=\"fa fa-facebook\" aria-hidden=\"true\"><\/i><\/a><a href=\"https:\/\/twitter.com\/home?status=https%3A%2F%2Fhespel.fr%2F%3Fp%3D171\" target=\"_blank\" class=\"social-icons\"><i class=\"fa fa-twitter\" aria-hidden=\"true\"><\/i><\/a><a href=\"https:\/\/www.linkedin.com\/shareArticle?mini=true&#038;url=https%3A%2F%2Fhespel.fr%2F%3Fp%3D171&#038;title=Mrs+Doubtfire+ou+une+cam%C3%A9ra+dans+toutes+les+poches\" target=\"_blank\" class=\"social-icons\"><i class=\"fa fa-linkedin\" aria-hidden=\"true\"><\/i><\/a><\/div>\n<p class=\"link-more\"><a href=\"https:\/\/hespel.fr\/?p=171\" class=\"more-link\">Continue reading <span class=\"meta-nav\">\u2192<\/span><\/a><\/p>\n<\/footer>\n","protected":false},"author":2,"featured_media":0,"comment_status":"open","ping_status":"open","sticky":false,"template":"","format":"standard","meta":{"jetpack_post_was_ever_published":false,"footnotes":""},"categories":[5,4,6],"tags":[9,14,66,68,74,94,100,105,128,138,177,196,206,214,215,216,217,241,244,245,263,289,328,344,637,379,382],"class_list":["post-171","post","type-post","status-publish","format-standard","hentry","category-nouvelles-technologies","category-non-classe","category-video","tag-1080p","tag-720p","tag-camera","tag-camescope","tag-carte","tag-coop","tag-dell","tag-doubtfire","tag-flip","tag-futureshop","tag-kodak","tag-madame","tag-megapixel","tag-monde","tag-montage","tag-montreal","tag-mrs","tag-photo","tag-poche","tag-pocket","tag-puralator","tag-sd","tag-tout-le-monde","tag-uqam","tag-video","tag-zi8","tag-zx1"],"aioseo_notices":[],"jetpack_featured_media_url":"","jetpack_shortlink":"https:\/\/wp.me\/p97UKg-2L","jetpack-related-posts":[{"id":204,"url":"https:\/\/hespel.fr\/?p=204","url_meta":{"origin":171,"position":0},"title":"La Fin des Temps ou les cam\u00e9ras Flip","author":"R. Hespel","date":"avril 13, 2011","format":false,"excerpt":"Les cam\u00e9ras de poche - ou pocket cameras - ont d\u00e9j\u00e0 eu leur moment de gloire sur ce blog. J'ai cru d\u00e8s le d\u00e9but et crois toujours fortement au concept, que j'ai moi-m\u00eame illustr\u00e9 avec la Kodak Zi8. Lors de son achat, j'avais longtemps tergivers\u00e9 entre ce mod\u00e8le et le\u2026","rel":"","context":"Dans &quot;Nouvelles technologies&quot;","block_context":{"text":"Nouvelles technologies","link":"https:\/\/hespel.fr\/?cat=5"},"img":{"alt_text":"Flip Mino HD","src":"https:\/\/i0.wp.com\/live.staticflickr.com\/3012\/3026387619_68050f397f_o.jpg?resize=350%2C200&ssl=1","width":350,"height":200},"classes":[]},{"id":108,"url":"https:\/\/hespel.fr\/?p=108","url_meta":{"origin":171,"position":1},"title":"[Rec]\u00b2 ou le Kodak Zi8 avec un Netbook","author":"R. Hespel","date":"janvier 25, 2010","format":false,"excerpt":"Apr\u00e8s ma pr\u00e9sentation de la Kodak Zi8 la semaine derni\u00e8re, j'ai souhait\u00e9 aborder la cam\u00e9ra de poche dans un angle plus pratique. Du point de vue de la mobilit\u00e9, l'engin de Kodak est parfait. On le glisse dans sa poche et il se fait vite oublier. Mais si on est\u2026","rel":"","context":"Dans &quot;Nouvelles technologies&quot;","block_context":{"text":"Nouvelles technologies","link":"https:\/\/hespel.fr\/?cat=5"},"img":{"alt_text":"","src":"","width":0,"height":0},"classes":[]},{"id":92,"url":"https:\/\/hespel.fr\/?p=92","url_meta":{"origin":171,"position":2},"title":"[Rec] ou une pr\u00e9sentation du Kodak Zi8","author":"R. Hespel","date":"janvier 18, 2010","format":false,"excerpt":"La Kodak Zi8 n'a rien de nouveau. Sortie au mois de septembre 2009, le mod\u00e8le est d\u00e9j\u00e0 \u00e2g\u00e9 de 4 mois ; une \u00e9ternit\u00e9, tant dans le monde de la vid\u00e9o que dans celui des nouvelles technologies. Pourtant, ses concurrents se comptent encore sur les doigts d'une seule main et\u2026","rel":"","context":"Dans &quot;Nouvelles technologies&quot;","block_context":{"text":"Nouvelles technologies","link":"https:\/\/hespel.fr\/?cat=5"},"img":{"alt_text":"","src":"https:\/\/i0.wp.com\/hespel.fr\/wp-content\/uploads\/2010\/01\/IMG_3522-300x225.jpg?resize=350%2C200","width":350,"height":200},"classes":[]},{"id":177,"url":"https:\/\/hespel.fr\/?p=177","url_meta":{"origin":171,"position":3},"title":"Suspicion ou choisir son vid\u00e9aste","author":"R. Hespel","date":"avril 28, 2010","format":false,"excerpt":"Essayer de conseiller comment choisir son vid\u00e9aste quand on vend soi-m\u00eame ses services comme tel, cela peut para\u00eetre vain. Pourtant, mon but n'est pas ici de vous inviter \u00e0 m'engager mais plut\u00f4t de vous \u00e9viter de tomber sur un charlatan. Il en existe dans tous les domaines et il s'agit\u2026","rel":"","context":"Dans &quot;R\u00e9flexions&quot;","block_context":{"text":"R\u00e9flexions","link":"https:\/\/hespel.fr\/?cat=4"},"img":{"alt_text":"","src":"","width":0,"height":0},"classes":[]},{"id":776,"url":"https:\/\/hespel.fr\/?p=776","url_meta":{"origin":171,"position":4},"title":"Volte\/Face ou la vid\u00e9o \u00e0 360\u00b0","author":"R. Hespel","date":"mars 31, 2017","format":false,"excerpt":"Comment d\u00e9buter avec une cam\u00e9ra 360 ? J'en ai parl\u00e9 en d\u00e9but d'ann\u00e9e, \u00e0 mon sens, le 360\u00b0 sera l'une des tendances fortes de l'ann\u00e9e. Les g\u00e9ants du web supportent tous d\u00e9j\u00e0 ce format (et m\u00eame le direct en 360\u00b0), les outils de r\u00e9alit\u00e9 virtuelle se d\u00e9mocratisent et les cam\u00e9ras\u2026","rel":"","context":"Dans &quot;Nouvelles technologies&quot;","block_context":{"text":"Nouvelles technologies","link":"https:\/\/hespel.fr\/?cat=5"},"img":{"alt_text":"","src":"https:\/\/i0.wp.com\/hespel.fr\/wp-content\/uploads\/2017\/03\/lg360cam.jpg?resize=350%2C200","width":350,"height":200},"classes":[]},{"id":1783,"url":"https:\/\/hespel.fr\/?p=1783","url_meta":{"origin":171,"position":5},"title":"La doublure ou la Sony RX0 Mark II","author":"R. Hespel","date":"f\u00e9vrier 3, 2020","format":false,"excerpt":"Sortie au milieu de l'ann\u00e9e derni\u00e8re, la Sony RX0 II est pass\u00e9e relativement inaper\u00e7ue. Etait-ce \u00e0 cause de son format qui l'assimile d'office \u00e0 une action cam (une GoPro de plus ?), de son c\u00f4t\u00e9 inclassable (beaucoup l'ont envisag\u00e9 comme une cam\u00e9ra pour Youtubeurs), ou de son prix relativement \u00e9lev\u00e9\u2026","rel":"","context":"Dans &quot;Nouvelles technologies&quot;","block_context":{"text":"Nouvelles technologies","link":"https:\/\/hespel.fr\/?cat=5"},"img":{"alt_text":"","src":"https:\/\/i0.wp.com\/hespel.fr\/wp-content\/uploads\/2020\/01\/sonyrx0II_hespel01_resultat-1024x576.jpg?resize=350%2C200&ssl=1","width":350,"height":200,"srcset":"https:\/\/i0.wp.com\/hespel.fr\/wp-content\/uploads\/2020\/01\/sonyrx0II_hespel01_resultat-1024x576.jpg?resize=350%2C200&ssl=1 1x, https:\/\/i0.wp.com\/hespel.fr\/wp-content\/uploads\/2020\/01\/sonyrx0II_hespel01_resultat-1024x576.jpg?resize=525%2C300&ssl=1 1.5x, https:\/\/i0.wp.com\/hespel.fr\/wp-content\/uploads\/2020\/01\/sonyrx0II_hespel01_resultat-1024x576.jpg?resize=700%2C400&ssl=1 2x"},"classes":[]}],"_links":{"self":[{"href":"https:\/\/hespel.fr\/index.php?rest_route=\/wp\/v2\/posts\/171","targetHints":{"allow":["GET"]}}],"collection":[{"href":"https:\/\/hespel.fr\/index.php?rest_route=\/wp\/v2\/posts"}],"about":[{"href":"https:\/\/hespel.fr\/index.php?rest_route=\/wp\/v2\/types\/post"}],"author":[{"embeddable":true,"href":"https:\/\/hespel.fr\/index.php?rest_route=\/wp\/v2\/users\/2"}],"replies":[{"embeddable":true,"href":"https:\/\/hespel.fr\/index.php?rest_route=%2Fwp%2Fv2%2Fcomments&post=171"}],"version-history":[{"count":6,"href":"https:\/\/hespel.fr\/index.php?rest_route=\/wp\/v2\/posts\/171\/revisions"}],"predecessor-version":[{"id":5207,"href":"https:\/\/hespel.fr\/index.php?rest_route=\/wp\/v2\/posts\/171\/revisions\/5207"}],"wp:attachment":[{"href":"https:\/\/hespel.fr\/index.php?rest_route=%2Fwp%2Fv2%2Fmedia&parent=171"}],"wp:term":[{"taxonomy":"category","embeddable":true,"href":"https:\/\/hespel.fr\/index.php?rest_route=%2Fwp%2Fv2%2Fcategories&post=171"},{"taxonomy":"post_tag","embeddable":true,"href":"https:\/\/hespel.fr\/index.php?rest_route=%2Fwp%2Fv2%2Ftags&post=171"}],"curies":[{"name":"wp","href":"https:\/\/api.w.org\/{rel}","templated":true}]}}