{"id":1700,"date":"2019-07-25T13:15:02","date_gmt":"2019-07-25T11:15:02","guid":{"rendered":"https:\/\/hespel.fr\/?p=1700"},"modified":"2019-07-25T13:23:39","modified_gmt":"2019-07-25T11:23:39","slug":"cherie-jai-retreci-losmo-ou-losmo-pocket","status":"publish","type":"post","link":"https:\/\/hespel.fr\/?p=1700","title":{"rendered":"Ch\u00e9rie, j&rsquo;ai r\u00e9tr\u00e9ci l&rsquo;Osmo ou l&rsquo;Osmo Pocket"},"content":{"rendered":"<p><strong>Sortie en 2015, la DJI Osmo \u00e9tait une r\u00e9volution<\/strong>. Le constructeur chinois offrait la possibilit\u00e9 \u00e0 tout vid\u00e9aste de remplacer une lourde et imposante steadycam par un outil simple et l\u00e9ger, capable de filmer de mani\u00e8re fluide n&rsquo;importe quel mouvement, ou presque. De nombreux autres fabricants ont suivi pour surfer sur la vague de ce succ\u00e8s ou en d\u00e9clinant le m\u00eame syst\u00e8me \u00e0 destination des smartphones&#8230; Quatre ans plus tard, DJI r\u00e9volutionne \u00e0 nouveau le march\u00e9 du stabilisateur en sortant <strong>l&rsquo;Osmo Pocket<\/strong>, qui offre les m\u00eames possibilit\u00e9s, mais avec un stabilisateur de la taille d&rsquo;un smartphone.<\/p>\n<p>Je me souviens de ma premi\u00e8re prise en main de <a href=\"https:\/\/www.dji.com\/be\/osmo\" rel=\"noopener noreferrer\" target=\"_blank\">l&rsquo;Osmo<\/a>. Il m&rsquo;a fallu une p\u00e9riode d&rsquo;apprentissage et quelques tournages pour comprendre dans quelle situation l&rsquo;utiliser et comment m&rsquo;en servir de mani\u00e8re efficace. J&rsquo;ai ainsi appris \u00e0 dompter son interface, passant par un smartphone, et ses diff\u00e9rents boutons physiques, les deux venant parfaitement se compl\u00e9ter. D\u00e9couvrir <a href=\"https:\/\/www.dji.com\/be\/osmo-pocket\/\" rel=\"noopener noreferrer\" target=\"_blank\">l&rsquo;Osmo Pocket<\/a>, c&rsquo;est devoir tout recommencer depuis le d\u00e9but. On se retrouve avec un objet d&rsquo;une douzaine de centim\u00e8tres dans les mains, un poids plume, sur lequel on ne retrouve que deux boutons, dont l&rsquo;un servant \u00e0 lancer l&rsquo;enregistrement. <strong>L&rsquo;Osmo Pocket est elle pr\u00eate \u00e0 prendre la rel\u00e8ve de l&rsquo;Osmo ?<\/strong><!--more--><\/p>\n<p><a href=\"https:\/\/hespel.fr\/wp-content\/uploads\/2019\/07\/OsmoVsOsmoPocket.jpg\"><img loading=\"lazy\" decoding=\"async\" data-attachment-id=\"1949\" data-permalink=\"https:\/\/hespel.fr\/?attachment_id=1949\" data-orig-file=\"https:\/\/hespel.fr\/wp-content\/uploads\/2019\/07\/OsmoVsOsmoPocket.jpg\" data-orig-size=\"3000,1688\" data-comments-opened=\"1\" data-image-meta=\"{&quot;aperture&quot;:&quot;0&quot;,&quot;credit&quot;:&quot;&quot;,&quot;camera&quot;:&quot;&quot;,&quot;caption&quot;:&quot;&quot;,&quot;created_timestamp&quot;:&quot;0&quot;,&quot;copyright&quot;:&quot;&quot;,&quot;focal_length&quot;:&quot;0&quot;,&quot;iso&quot;:&quot;0&quot;,&quot;shutter_speed&quot;:&quot;0&quot;,&quot;title&quot;:&quot;&quot;,&quot;orientation&quot;:&quot;0&quot;}\" data-image-title=\"OsmoVsOsmoPocket\" data-image-description=\"\" data-image-caption=\"\" data-large-file=\"https:\/\/hespel.fr\/wp-content\/uploads\/2019\/07\/OsmoVsOsmoPocket-1024x576.jpg\" src=\"https:\/\/hespel.fr\/wp-content\/uploads\/2019\/07\/OsmoVsOsmoPocket-1024x576.jpg\" alt=\"\" width=\"780\" height=\"439\" class=\"aligncenter size-large wp-image-1949\" srcset=\"https:\/\/hespel.fr\/wp-content\/uploads\/2019\/07\/OsmoVsOsmoPocket-1024x576.jpg 1024w, https:\/\/hespel.fr\/wp-content\/uploads\/2019\/07\/OsmoVsOsmoPocket-300x169.jpg 300w, https:\/\/hespel.fr\/wp-content\/uploads\/2019\/07\/OsmoVsOsmoPocket-768x432.jpg 768w\" sizes=\"auto, (max-width: 780px) 100vw, 780px\" \/><\/a><\/p>\n<p>Avec l&rsquo;Osmo Pocket, DJI fait fort, tr\u00e8s fort, et on s&rsquo;en rend compte avant m\u00eame d&rsquo;allumer l&rsquo;engin, en remarquant <strong>son \u00e9cran tactile<\/strong>. Certes, cet \u00e9cran ne fait qu&rsquo;un pouce, mais sa pr\u00e9sence sur un appareil aussi compact rel\u00e8ve de la prouesse. S&rsquo;il ne permet que d&rsquo;avoir une vision \u00e9triqu\u00e9 de ce qui est film\u00e9, il offre la possibilit\u00e9 de savoir ce qu&rsquo;on cadre dans le feu de l&rsquo;action et de r\u00e9agir rapidement ! Gr\u00e2ce \u00e0 lui, il est aussi possible d&rsquo;effectuer des r\u00e9glages basiques, chose qui \u00e9tait bien s\u00fbr impossible avec l&rsquo;Osmo originale. Pour avoir une exp\u00e9rience plus compl\u00e8te, il faudra toujours passer par l&rsquo;ajouter d&rsquo;un smartphone qui permettra de disposer d&rsquo;un \u00e9cran plus grand (utile pour \u00eatre s\u00fbr de la mise au point par exemple) mais aussi pour avoir acc\u00e8s \u00e0 l&rsquo;ensemble des r\u00e9glages possibles sur la cam\u00e9ra.<\/p>\n<p><a href=\"https:\/\/hespel.fr\/wp-content\/uploads\/2019\/07\/DSC02200.jpg\"><img loading=\"lazy\" decoding=\"async\" data-attachment-id=\"1944\" data-permalink=\"https:\/\/hespel.fr\/?attachment_id=1944\" data-orig-file=\"https:\/\/hespel.fr\/wp-content\/uploads\/2019\/07\/DSC02200.jpg\" data-orig-size=\"3000,1688\" data-comments-opened=\"1\" data-image-meta=\"{&quot;aperture&quot;:&quot;0&quot;,&quot;credit&quot;:&quot;&quot;,&quot;camera&quot;:&quot;&quot;,&quot;caption&quot;:&quot;&quot;,&quot;created_timestamp&quot;:&quot;0&quot;,&quot;copyright&quot;:&quot;&quot;,&quot;focal_length&quot;:&quot;0&quot;,&quot;iso&quot;:&quot;0&quot;,&quot;shutter_speed&quot;:&quot;0&quot;,&quot;title&quot;:&quot;&quot;,&quot;orientation&quot;:&quot;0&quot;}\" data-image-title=\"DSC02200\" data-image-description=\"\" data-image-caption=\"\" data-large-file=\"https:\/\/hespel.fr\/wp-content\/uploads\/2019\/07\/DSC02200-1024x576.jpg\" src=\"https:\/\/hespel.fr\/wp-content\/uploads\/2019\/07\/DSC02200-1024x576.jpg\" alt=\"\" width=\"780\" height=\"439\" class=\"aligncenter size-large wp-image-1944\" srcset=\"https:\/\/hespel.fr\/wp-content\/uploads\/2019\/07\/DSC02200-1024x576.jpg 1024w, https:\/\/hespel.fr\/wp-content\/uploads\/2019\/07\/DSC02200-300x169.jpg 300w, https:\/\/hespel.fr\/wp-content\/uploads\/2019\/07\/DSC02200-768x432.jpg 768w\" sizes=\"auto, (max-width: 780px) 100vw, 780px\" \/><\/a><\/p>\n<p>Car malgr\u00e9 sa compacit\u00e9, l&rsquo;Osmo Pocket ne rogne pas sur la qualit\u00e9. Si elle peut tout \u00e0 fait s&rsquo;utiliser sans s&rsquo;inqui\u00e9ter des r\u00e9glages, ou via les nombreux modes automatiques h\u00e9rit\u00e9s des drones de DJI (suivi d&rsquo;un sujet par exemple &#8211; chose qui n&rsquo;existait par sur la premi\u00e8re Osmo), on peut \u00e0 tout moment basculer chacun des r\u00e9glages en mode manuel et ainsi ma\u00eetriser la balance des blancs, l&rsquo;exposition, l&rsquo;ouverture&#8230; Il faudra par contre faire une croix sur la possibilit\u00e9 de modifier le contraste, le sharpness ou la saturation.<\/p>\n<p><a href=\"https:\/\/hespel.fr\/wp-content\/uploads\/2019\/07\/DSC02201.jpg\"><img loading=\"lazy\" decoding=\"async\" data-attachment-id=\"1945\" data-permalink=\"https:\/\/hespel.fr\/?attachment_id=1945\" data-orig-file=\"https:\/\/hespel.fr\/wp-content\/uploads\/2019\/07\/DSC02201.jpg\" data-orig-size=\"3000,1688\" data-comments-opened=\"1\" data-image-meta=\"{&quot;aperture&quot;:&quot;0&quot;,&quot;credit&quot;:&quot;&quot;,&quot;camera&quot;:&quot;&quot;,&quot;caption&quot;:&quot;&quot;,&quot;created_timestamp&quot;:&quot;0&quot;,&quot;copyright&quot;:&quot;&quot;,&quot;focal_length&quot;:&quot;0&quot;,&quot;iso&quot;:&quot;0&quot;,&quot;shutter_speed&quot;:&quot;0&quot;,&quot;title&quot;:&quot;&quot;,&quot;orientation&quot;:&quot;0&quot;}\" data-image-title=\"DSC02201\" data-image-description=\"\" data-image-caption=\"\" data-large-file=\"https:\/\/hespel.fr\/wp-content\/uploads\/2019\/07\/DSC02201-1024x576.jpg\" src=\"https:\/\/hespel.fr\/wp-content\/uploads\/2019\/07\/DSC02201-1024x576.jpg\" alt=\"\" width=\"780\" height=\"439\" class=\"aligncenter size-large wp-image-1945\" srcset=\"https:\/\/hespel.fr\/wp-content\/uploads\/2019\/07\/DSC02201-1024x576.jpg 1024w, https:\/\/hespel.fr\/wp-content\/uploads\/2019\/07\/DSC02201-300x169.jpg 300w, https:\/\/hespel.fr\/wp-content\/uploads\/2019\/07\/DSC02201-768x432.jpg 768w\" sizes=\"auto, (max-width: 780px) 100vw, 780px\" \/><\/a><\/p>\n<p>Mais la petite taille de l&rsquo;Osmo Pocket n&rsquo;a pas que des avantages. Au chapitre des d\u00e9sagr\u00e9ments, on peut \u00e9voquer l&rsquo;<strong>absence de prise micro, de pas de vis<\/strong> pour attacher la cam\u00e9ra \u00e0 un tr\u00e9pied, ou encore l&rsquo;<strong>impossibilit\u00e9 d&rsquo;extraire la batterie<\/strong>. Sur l&rsquo;Osmo originale, il y avait bien une prise micro au format mini-jack, un pas de vis pour mettre la cam\u00e9ra sur un tr\u00e9pied ou encore la possibilit\u00e9 de jongler entre plusieurs batteries. Alors, <strong>l&rsquo;Osmo Pocket serait-elle un retour en arri\u00e8re ?<\/strong><\/p>\n<p>Oui et non. DJI compense l&rsquo;absence de prise micro par <a href=\"https:\/\/store.dji.com\/product\/osmo-pocket-3-5mm-adapter\" rel=\"noopener noreferrer\" target=\"_blank\">un adaptateur mini-jack \u00e0 brancher en USB<\/a>, qui co\u00fbte tout de m\u00eame 39 euros en plus. De m\u00eame, s&rsquo;il est impossible de changer la batterie interne de l&rsquo;Osmo Pocket elle peut voir son autonomie \u00e9tendue en branchant une batterie externe en USB ou <a href=\"https:\/\/store.dji.com\/product\/osmo-pocket-charging-case\" rel=\"noopener noreferrer\" target=\"_blank\">un \u00e9tui<\/a> pr\u00e9vu pour. Enfin, via <a href=\"https:\/\/store.dji.com\/product\/pgytech-osmo-pocket-universal-mount-kit\" rel=\"noopener noreferrer\" target=\"_blank\">un autre accessoire<\/a>, il est possible de fixer la cam\u00e9ra sur un tr\u00e9pied. Bref, DJI a trouv\u00e9 des moyens d\u00e9tourn\u00e9s pour compenser les d\u00e9sagr\u00e9ments de la petite taille de l&rsquo;Osmo, m\u00eame si cela se fait \u00e0 chaque fois au d\u00e9triment de sa compacit\u00e9.<\/p>\n<p><a href=\"https:\/\/hespel.fr\/wp-content\/uploads\/2019\/07\/OsmoVsOsmoPocket02.jpg\"><img loading=\"lazy\" decoding=\"async\" data-attachment-id=\"1950\" data-permalink=\"https:\/\/hespel.fr\/?attachment_id=1950\" data-orig-file=\"https:\/\/hespel.fr\/wp-content\/uploads\/2019\/07\/OsmoVsOsmoPocket02.jpg\" data-orig-size=\"3000,1688\" data-comments-opened=\"1\" data-image-meta=\"{&quot;aperture&quot;:&quot;0&quot;,&quot;credit&quot;:&quot;&quot;,&quot;camera&quot;:&quot;&quot;,&quot;caption&quot;:&quot;&quot;,&quot;created_timestamp&quot;:&quot;0&quot;,&quot;copyright&quot;:&quot;&quot;,&quot;focal_length&quot;:&quot;0&quot;,&quot;iso&quot;:&quot;0&quot;,&quot;shutter_speed&quot;:&quot;0&quot;,&quot;title&quot;:&quot;&quot;,&quot;orientation&quot;:&quot;0&quot;}\" data-image-title=\"OsmoVsOsmoPocket02\" data-image-description=\"\" data-image-caption=\"\" data-large-file=\"https:\/\/hespel.fr\/wp-content\/uploads\/2019\/07\/OsmoVsOsmoPocket02-1024x576.jpg\" src=\"https:\/\/hespel.fr\/wp-content\/uploads\/2019\/07\/OsmoVsOsmoPocket02-1024x576.jpg\" alt=\"\" width=\"780\" height=\"439\" class=\"aligncenter size-large wp-image-1950\" srcset=\"https:\/\/hespel.fr\/wp-content\/uploads\/2019\/07\/OsmoVsOsmoPocket02-1024x576.jpg 1024w, https:\/\/hespel.fr\/wp-content\/uploads\/2019\/07\/OsmoVsOsmoPocket02-300x169.jpg 300w, https:\/\/hespel.fr\/wp-content\/uploads\/2019\/07\/OsmoVsOsmoPocket02-768x432.jpg 768w\" sizes=\"auto, (max-width: 780px) 100vw, 780px\" \/><\/a><\/p>\n<p>Autre changement de taille, l&rsquo;objectif de <strong>l&rsquo;Osmo Pocket poss\u00e8de un angle de vue 80\u00b0<\/strong>, bien inf\u00e9rieur \u00e0 celui de 94\u00b0 propos\u00e9 par l&rsquo;Osmo originale. On passe donc de l&rsquo;\u00e9quivalent d&rsquo;un 20mm \u00e0 un 26mm. Sans \u00eatre aussi d\u00e9formant que celui d&rsquo;une GoPro, le grand angle de l&rsquo;Osmo originale \u00e9tait tr\u00e8s pratique et donnait parfois des plans assez \u00e9piques, l\u00e0 o\u00f9 celui de l&rsquo;Osmo Pocket la rend moins remarquable, plus passe-partout. C&rsquo;est une question de go\u00fbt.<\/p>\n<div class=\"jetpack-video-wrapper\"><span class=\"embed-youtube\" style=\"text-align:center; display: block;\"><iframe loading=\"lazy\" class=\"youtube-player\" width=\"780\" height=\"439\" src=\"https:\/\/www.youtube.com\/embed\/eh1FiBM_dwA?version=3&#038;rel=1&#038;showsearch=0&#038;showinfo=1&#038;iv_load_policy=1&#038;fs=1&#038;hl=fr-FR&#038;autohide=2&#038;wmode=transparent\" allowfullscreen=\"true\" style=\"border:0;\" sandbox=\"allow-scripts allow-same-origin allow-popups allow-presentation allow-popups-to-escape-sandbox\"><\/iframe><\/span><\/div>\n<p>En termes de qualit\u00e9 vid\u00e9o, l&rsquo;Osmo Pocket ne se contente pas de prendre la technologie de l&rsquo;Osmo de 2015 pour la mettre dans un petit format. Elle va plus loin, en proposant du <strong>4k \u00e0 60 images par seconde<\/strong>, et avec un bitrate sup\u00e9rieur (100mbps versus 60mbps pour l&rsquo;Osmo d&rsquo;origine). Dans les faits, les vid\u00e9os de l&rsquo;Osmo Pocket sont effectivement plus d\u00e9taill\u00e9es, m\u00eame si la diff\u00e9rence ne sera peut-\u00eatre pas flagrante \u00e0 ceux qui diffuseront uniquement leurs vid\u00e9os sur les r\u00e9seaux sociaux. Je trouve que <strong>la qualit\u00e9 de la stabilisation est plus discutable<\/strong>. L&rsquo;Osmo Pocket ne fait pas de miracle, m\u00eame si elle fait d\u00e9j\u00e0 beaucoup, et je continue de lui pr\u00e9f\u00e9r\u00e9 la stabilisation de la bonne vieille Osmo.<\/p>\n<h3>Faut-il switcher vers l&rsquo;Osmo Pocket ?<\/h3>\n<p>Comme je le disais en introduction, les boutons physiques de l&rsquo;Osmo originale me manquent encore cruellement lorsque j&rsquo;utilise l&rsquo;Osmo Pocket. Le joystick \u00e9tait particuli\u00e8rement pratique pour repositionner la cam\u00e9ra au cours de l&rsquo;enregistrement, chose plus difficile avec l&rsquo;Osmo Pocket lorsqu&rsquo;on n&rsquo;utilise pas un smartphone branch\u00e9 en compl\u00e9ment. Ergonomiquement, je trouve donc de prime abord l&rsquo;Osmo Pocket moins bien pens\u00e9e que l&rsquo;Osmo originale, mais c&rsquo;est principalement d\u00fb \u00e0 son form-factor. Je regrette aussi le grand angle de la premi\u00e8re Osmo, ainsi que sa grande versatilit\u00e9, sans avoir besoin d&rsquo;acheter des accessoires compl\u00e9mentaires.<br \/>\n<center><br \/>\n<a href=\"https:\/\/hespel.fr\/wp-content\/uploads\/2019\/07\/DSC02193.jpg\"><img loading=\"lazy\" decoding=\"async\" data-attachment-id=\"1946\" data-permalink=\"https:\/\/hespel.fr\/?attachment_id=1946\" data-orig-file=\"https:\/\/hespel.fr\/wp-content\/uploads\/2019\/07\/DSC02193.jpg\" data-orig-size=\"1688,3000\" data-comments-opened=\"1\" data-image-meta=\"{&quot;aperture&quot;:&quot;0&quot;,&quot;credit&quot;:&quot;&quot;,&quot;camera&quot;:&quot;&quot;,&quot;caption&quot;:&quot;&quot;,&quot;created_timestamp&quot;:&quot;0&quot;,&quot;copyright&quot;:&quot;&quot;,&quot;focal_length&quot;:&quot;0&quot;,&quot;iso&quot;:&quot;0&quot;,&quot;shutter_speed&quot;:&quot;0&quot;,&quot;title&quot;:&quot;&quot;,&quot;orientation&quot;:&quot;0&quot;}\" data-image-title=\"DSC02193\" data-image-description=\"\" data-image-caption=\"\" data-large-file=\"https:\/\/hespel.fr\/wp-content\/uploads\/2019\/07\/DSC02193-576x1024.jpg\" src=\"https:\/\/hespel.fr\/wp-content\/uploads\/2019\/07\/DSC02193-576x1024.jpg\" alt=\"\" width=\"339\" height=\"602\" class=\"alignnone size-large wp-image-1946\" srcset=\"https:\/\/hespel.fr\/wp-content\/uploads\/2019\/07\/DSC02193-576x1024.jpg 576w, https:\/\/hespel.fr\/wp-content\/uploads\/2019\/07\/DSC02193-169x300.jpg 169w, https:\/\/hespel.fr\/wp-content\/uploads\/2019\/07\/DSC02193-768x1365.jpg 768w, https:\/\/hespel.fr\/wp-content\/uploads\/2019\/07\/DSC02193.jpg 1688w\" sizes=\"auto, (max-width: 339px) 100vw, 339px\" \/><\/a> <a href=\"https:\/\/hespel.fr\/wp-content\/uploads\/2019\/07\/DSC02194.jpg\"><img loading=\"lazy\" decoding=\"async\" data-attachment-id=\"1947\" data-permalink=\"https:\/\/hespel.fr\/?attachment_id=1947\" data-orig-file=\"https:\/\/hespel.fr\/wp-content\/uploads\/2019\/07\/DSC02194.jpg\" data-orig-size=\"1688,3000\" data-comments-opened=\"1\" data-image-meta=\"{&quot;aperture&quot;:&quot;0&quot;,&quot;credit&quot;:&quot;&quot;,&quot;camera&quot;:&quot;&quot;,&quot;caption&quot;:&quot;&quot;,&quot;created_timestamp&quot;:&quot;0&quot;,&quot;copyright&quot;:&quot;&quot;,&quot;focal_length&quot;:&quot;0&quot;,&quot;iso&quot;:&quot;0&quot;,&quot;shutter_speed&quot;:&quot;0&quot;,&quot;title&quot;:&quot;&quot;,&quot;orientation&quot;:&quot;0&quot;}\" data-image-title=\"DSC02194\" data-image-description=\"\" data-image-caption=\"\" data-large-file=\"https:\/\/hespel.fr\/wp-content\/uploads\/2019\/07\/DSC02194-576x1024.jpg\" src=\"https:\/\/hespel.fr\/wp-content\/uploads\/2019\/07\/DSC02194-576x1024.jpg\" alt=\"\" width=\"339\" height=\"602\" class=\"alignnone size-large wp-image-1947\" srcset=\"https:\/\/hespel.fr\/wp-content\/uploads\/2019\/07\/DSC02194-576x1024.jpg 576w, https:\/\/hespel.fr\/wp-content\/uploads\/2019\/07\/DSC02194-169x300.jpg 169w, https:\/\/hespel.fr\/wp-content\/uploads\/2019\/07\/DSC02194-768x1365.jpg 768w, https:\/\/hespel.fr\/wp-content\/uploads\/2019\/07\/DSC02194.jpg 1688w\" sizes=\"auto, (max-width: 339px) 100vw, 339px\" \/><\/a><br \/>\n<\/center><br \/>\nPlus anecdotique, je suis un peu \u00e9nerv\u00e9 par la perspective de <strong>devoir installer une nouvelle application DJI<\/strong> sur mon smartphone. Avec l&rsquo;application <a href=\"https:\/\/www.dji.com\/be\/goapp\" rel=\"noopener noreferrer\" target=\"_blank\">DJI Go<\/a>, je pouvais \u00e0 la fois contr\u00f4ler l&rsquo;Osmo originale et un Phantom 3 Professional. Pour contr\u00f4ler l&rsquo;Osmo Pocket, je dois maintenant installer <a href=\"https:\/\/www.dji.com\/be\/mimo\" rel=\"noopener noreferrer\" target=\"_blank\">DJI Mimo<\/a>, qui permet aussi de contr\u00f4ler l&rsquo;Osmo Action, l&rsquo;\u00e9quivalent de la GoPro chez DJI. Et si je voulais contr\u00f4ler un Mavic Pro, il me faudrait encore une autre application ! Sans doute que DJI pr\u00e9f\u00e8re ne pas se retrouver avec une usine \u00e0 gaz en guise d&rsquo;application unique, mais tout \u00e7a ne simplifie pas la vie de l&rsquo;utilisateur !<\/p>\n<p>L&rsquo;Osmo Pocket n&rsquo;en reste pas moins <strong>un bijou de technologie<\/strong>, r\u00e9ussissant \u00e0 offrir une qualit\u00e9 de vid\u00e9o sup\u00e9rieur \u00e0 sa grande s\u0153ur dans un mouchoir de poche. Je r\u00eave maintenant d&rsquo;une version Pro de la cam\u00e9ra, qui permettrait d&rsquo;acc\u00e9der aux r\u00e9glages complets de l&rsquo;image et qui offrirait \u00e0 nouveau un vrai grand angle, \u00e0 l&rsquo;instar de l&rsquo;Osmo originale.<\/p>\n<p>En l&rsquo;\u00e9tat, l&rsquo;Osmo Pocket s&rsquo;adresse principalement au grand public, parfaite \u00e0 emmener partout, en voyage par exemple. Une cam\u00e9ra \u00e0 mettre dans toutes les poches ? C&rsquo;est son potentiel, m\u00eame si on peut se demander si le grand public n&rsquo;aura pas plus de facilit\u00e9 \u00e0 manipuler un Sony RX100 par exemple. D&rsquo;un point de vue professionnel, si sa compacit\u00e9 fait de l&rsquo;Osmo Pocket un outil tr\u00e8s pratique (on peut l&rsquo;avoir en main en m\u00eame temps qu&rsquo;un DSLR par exemple), il va encore me falloir quelques tournages pour que je m&rsquo;y habitue et arrive \u00e0 compenser ses petits d\u00e9fauts (sa stabilisation \u00e9tant, ironiquement, le plus gros d&rsquo;entre eux).<\/p>\n<p><strong>L&rsquo;Osmo originale n&rsquo;est aujourd&rsquo;hui plus commercialis\u00e9e par DJI, qui n&rsquo;offre plus d\u00e9sormais que son stabilisateur pour smartphone (l&rsquo;Osmo Mobile) ou l&rsquo;Osmo Pocket. Les professionnels pourront toujours se rabattre sur les stabilisateurs Ronin, pr\u00e9vus pour accueillir un appareil DSLR ou une cam\u00e9ra de plus gros gabarit, dont <a href=\"https:\/\/www.magazinevideo.com\/actu\/dji-lance-le-ronin-sc-son-stabilisateur-compact\/38824.htm\" rel=\"noopener noreferrer\" target=\"_blank\">une nouvelle version<\/a> vient de sortir, au m\u00eame prix que l&rsquo;Osmo Pocket ! DJI marque ainsi la distinction entre grand public et professionnels, sans plus proposer d&rsquo;interm\u00e9diaire entre les deux. Pour ma part, je trouve cette situation un peu dommage et je vais garder pr\u00e9cieusement l&rsquo;Osmo originale&#8230; en esp\u00e9rant qu&rsquo;elle fonctionne encore longtemps.<\/strong><\/p>\n<p><span class=\"imdbRatingPlugin\" data-user=\"ur22055856\" data-title=\"tt0097523\" data-style=\"t1\"><br \/>\n<a href=\"https:\/\/www.imdb.com\/title\/tt0097523\/?ref_=tt_plg_rt\"\n><img decoding=\"async\" alt=\"Honey, I Shrunk the Kids (1989) on IMDb\" src=\"https:\/\/ia.media-imdb.com\/images\/G\/01\/imdb\/plugins\/rating\/images\/imdb_46x22.png\"><br \/>\n<\/a><\/span><br \/>\n<script>\n(function(d,s,id){var js,stags=d.getElementsByTagName(s)[0];\nif(d.getElementById(id)){return;}js=d.createElement(s);js.id=id;\njs.src=\"https:\/\/ia.media-imdb.com\/images\/G\/01\/imdb\/plugins\/rating\/js\/rating.js\";\nstags.parentNode.insertBefore(js,stags);})(document,'script','imdb-rating-api');    \n<\/script>                    <\/p>\n","protected":false},"excerpt":{"rendered":"<p>Sortie en 2015, la DJI Osmo \u00e9tait une r\u00e9volution. Le constructeur chinois offrait la possibilit\u00e9 \u00e0 tout vid\u00e9aste de remplacer une lourde et imposante steadycam par un outil simple et l\u00e9ger, capable de filmer de mani\u00e8re fluide n&rsquo;importe quel mouvement, ou presque. De nombreux autres fabricants ont suivi pour surfer sur la vague de ce<\/p>\n<footer class=\"entry-footer index-entry\">\n<div class=\"post-social pull-left\"><a href=\"https:\/\/www.facebook.com\/sharer\/sharer.php?u=https%3A%2F%2Fhespel.fr%2F%3Fp%3D1700\" target=\"_blank\" class=\"social-icons\"><i class=\"fa fa-facebook\" aria-hidden=\"true\"><\/i><\/a><a href=\"https:\/\/twitter.com\/home?status=https%3A%2F%2Fhespel.fr%2F%3Fp%3D1700\" target=\"_blank\" class=\"social-icons\"><i class=\"fa fa-twitter\" aria-hidden=\"true\"><\/i><\/a><a href=\"https:\/\/www.linkedin.com\/shareArticle?mini=true&#038;url=https%3A%2F%2Fhespel.fr%2F%3Fp%3D1700&#038;title=Ch%C3%A9rie%2C+j%26rsquo%3Bai+r%C3%A9tr%C3%A9ci+l%26rsquo%3BOsmo+ou+l%26rsquo%3BOsmo+Pocket\" target=\"_blank\" class=\"social-icons\"><i class=\"fa fa-linkedin\" aria-hidden=\"true\"><\/i><\/a><\/div>\n<p class=\"link-more\"><a href=\"https:\/\/hespel.fr\/?p=1700\" class=\"more-link\">Continue reading <span class=\"meta-nav\">\u2192<\/span><\/a><\/p>\n<\/footer>\n","protected":false},"author":3,"featured_media":0,"comment_status":"open","ping_status":"open","sticky":false,"template":"","format":"standard","meta":{"jetpack_post_was_ever_published":false,"footnotes":""},"categories":[5,448,6],"tags":[643,681,245],"class_list":["post-1700","post","type-post","status-publish","format-standard","hentry","category-nouvelles-technologies","category-tests","category-video","tag-dji","tag-osmo","tag-pocket"],"aioseo_notices":[],"jetpack_featured_media_url":"","jetpack_shortlink":"https:\/\/wp.me\/p97UKg-rq","jetpack-related-posts":[{"id":1783,"url":"https:\/\/hespel.fr\/?p=1783","url_meta":{"origin":1700,"position":0},"title":"La doublure ou la Sony RX0 Mark II","author":"R. Hespel","date":"f\u00e9vrier 3, 2020","format":false,"excerpt":"Sortie au milieu de l'ann\u00e9e derni\u00e8re, la Sony RX0 II est pass\u00e9e relativement inaper\u00e7ue. Etait-ce \u00e0 cause de son format qui l'assimile d'office \u00e0 une action cam (une GoPro de plus ?), de son c\u00f4t\u00e9 inclassable (beaucoup l'ont envisag\u00e9 comme une cam\u00e9ra pour Youtubeurs), ou de son prix relativement \u00e9lev\u00e9\u2026","rel":"","context":"Dans &quot;Nouvelles technologies&quot;","block_context":{"text":"Nouvelles technologies","link":"https:\/\/hespel.fr\/?cat=5"},"img":{"alt_text":"","src":"https:\/\/i0.wp.com\/hespel.fr\/wp-content\/uploads\/2020\/01\/sonyrx0II_hespel01_resultat-1024x576.jpg?resize=350%2C200&ssl=1","width":350,"height":200,"srcset":"https:\/\/i0.wp.com\/hespel.fr\/wp-content\/uploads\/2020\/01\/sonyrx0II_hespel01_resultat-1024x576.jpg?resize=350%2C200&ssl=1 1x, https:\/\/i0.wp.com\/hespel.fr\/wp-content\/uploads\/2020\/01\/sonyrx0II_hespel01_resultat-1024x576.jpg?resize=525%2C300&ssl=1 1.5x, https:\/\/i0.wp.com\/hespel.fr\/wp-content\/uploads\/2020\/01\/sonyrx0II_hespel01_resultat-1024x576.jpg?resize=700%2C400&ssl=1 2x"},"classes":[]},{"id":759,"url":"https:\/\/hespel.fr\/?p=759","url_meta":{"origin":1700,"position":1},"title":"In the air ou le drone DJI Phantom 4","author":"R. Hespel","date":"juillet 27, 2016","format":false,"excerpt":"Dire que les drones sont une nouvelle tendance dans le milieu de l'audiovisuel serait une belle erreur. Si on parle de tendances, on peut parler de vid\u00e9o \u00e0 360\u00b0 ou de r\u00e9alit\u00e9 virtuelle, mais certainement pas des drones. Ceux-ci sont sur le march\u00e9 depuis d\u00e9j\u00e0 quelques ann\u00e9es et, si le\u2026","rel":"","context":"Dans &quot;Nouvelles technologies&quot;","block_context":{"text":"Nouvelles technologies","link":"https:\/\/hespel.fr\/?cat=5"},"img":{"alt_text":"maxresdefault","src":"https:\/\/i0.wp.com\/hespel.fr\/wp-content\/uploads\/2016\/07\/maxresdefault-1024x576.jpg?resize=350%2C200","width":350,"height":200},"classes":[]},{"id":204,"url":"https:\/\/hespel.fr\/?p=204","url_meta":{"origin":1700,"position":2},"title":"La Fin des Temps ou les cam\u00e9ras Flip","author":"R. Hespel","date":"avril 13, 2011","format":false,"excerpt":"Les cam\u00e9ras de poche - ou pocket cameras - ont d\u00e9j\u00e0 eu leur moment de gloire sur ce blog. J'ai cru d\u00e8s le d\u00e9but et crois toujours fortement au concept, que j'ai moi-m\u00eame illustr\u00e9 avec la Kodak Zi8. Lors de son achat, j'avais longtemps tergivers\u00e9 entre ce mod\u00e8le et le\u2026","rel":"","context":"Dans &quot;Nouvelles technologies&quot;","block_context":{"text":"Nouvelles technologies","link":"https:\/\/hespel.fr\/?cat=5"},"img":{"alt_text":"Flip Mino HD","src":"https:\/\/i0.wp.com\/live.staticflickr.com\/3012\/3026387619_68050f397f_o.jpg?resize=350%2C200&ssl=1","width":350,"height":200},"classes":[]},{"id":104365,"url":"https:\/\/hespel.fr\/?p=104365","url_meta":{"origin":1700,"position":3},"title":"The Conversation ou le DJI Mic Mini","author":"R. Hespel","date":"octobre 16, 2025","format":false,"excerpt":"Oui, je sais, le DJI Mic 3 vient de sortir et voil\u00e0 seulement que je vous parle du DJI Mic Mini, sorti l'ann\u00e9e derni\u00e8re. Qu'est-ce qui m'a pris de soudainement m'int\u00e9resser au DJI Mic Mini ? Tout a commenc\u00e9 avec cette vid\u00e9o, dans laquelle Nigel explique qu'apr\u00e8s de nombreuses ann\u00e9es\u2026","rel":"","context":"Dans &quot;Nouvelles technologies&quot;","block_context":{"text":"Nouvelles technologies","link":"https:\/\/hespel.fr\/?cat=5"},"img":{"alt_text":"blog.studiosport.fr","src":"https:\/\/i0.wp.com\/hespel.fr\/wp-content\/uploads\/2025\/09\/DjiMic_comparaison.jpg?resize=350%2C200&ssl=1","width":350,"height":200,"srcset":"https:\/\/i0.wp.com\/hespel.fr\/wp-content\/uploads\/2025\/09\/DjiMic_comparaison.jpg?resize=350%2C200&ssl=1 1x, https:\/\/i0.wp.com\/hespel.fr\/wp-content\/uploads\/2025\/09\/DjiMic_comparaison.jpg?resize=525%2C300&ssl=1 1.5x, https:\/\/i0.wp.com\/hespel.fr\/wp-content\/uploads\/2025\/09\/DjiMic_comparaison.jpg?resize=700%2C400&ssl=1 2x"},"classes":[]},{"id":673,"url":"https:\/\/hespel.fr\/?p=673","url_meta":{"origin":1700,"position":4},"title":"J&rsquo;ai regard\u00e9 un film sur mon smartphone et j&rsquo;ai aim\u00e9 \u00e7a","author":"R. Hespel","date":"juillet 20, 2016","format":false,"excerpt":"J'en ai d\u00e9j\u00e0 parl\u00e9 par le pass\u00e9, j'ai la conviction que nos modes de consommation de films vont \u00e9voluer et sont d\u00e9j\u00e0 en train d'\u00e9voluer. Avec l'av\u00e8nement des smartphones et des tablettes, des services de VOD tels que Netflix et autre Molotov.tv, plus besoin d'aller au cin\u00e9ma ou d'allumer la\u2026","rel":"","context":"Dans &quot;Cinema&quot;","block_context":{"text":"Cinema","link":"https:\/\/hespel.fr\/?cat=3"},"img":{"alt_text":"Image by Kevin M.\/Gadget Hacks","src":"https:\/\/i0.wp.com\/hespel.fr\/wp-content\/uploads\/2016\/07\/4-best-phones-for-binge-watching-netflix-hulu.w1456-1024x682.jpg?resize=350%2C200&ssl=1","width":350,"height":200,"srcset":"https:\/\/i0.wp.com\/hespel.fr\/wp-content\/uploads\/2016\/07\/4-best-phones-for-binge-watching-netflix-hulu.w1456-1024x682.jpg?resize=350%2C200&ssl=1 1x, https:\/\/i0.wp.com\/hespel.fr\/wp-content\/uploads\/2016\/07\/4-best-phones-for-binge-watching-netflix-hulu.w1456-1024x682.jpg?resize=525%2C300&ssl=1 1.5x, https:\/\/i0.wp.com\/hespel.fr\/wp-content\/uploads\/2016\/07\/4-best-phones-for-binge-watching-netflix-hulu.w1456-1024x682.jpg?resize=700%2C400&ssl=1 2x"},"classes":[]},{"id":171,"url":"https:\/\/hespel.fr\/?p=171","url_meta":{"origin":1700,"position":5},"title":"Mrs Doubtfire ou une cam\u00e9ra dans toutes les poches","author":"R. Hespel","date":"mars 29, 2010","format":false,"excerpt":"C'est \u00e0 l'occasion d'une promotion sur le site de Dell Canada la semaine pass\u00e9e qu'on m'a demand\u00e9 pour la premi\u00e8re fois, de fa\u00e7on directe, des conseils sur une cam\u00e9ra de poche. Les cam\u00e9ras de poche, j'en ai d\u00e9j\u00e0 parl\u00e9 avant sur ce blog. J'ai largement explor\u00e9 ce nouveau petit monde\u2026","rel":"","context":"Dans &quot;Nouvelles technologies&quot;","block_context":{"text":"Nouvelles technologies","link":"https:\/\/hespel.fr\/?cat=5"},"img":{"alt_text":"","src":"https:\/\/i0.wp.com\/hespel.fr\/wp-content\/uploads\/2010\/03\/937_0811.jpg?resize=350%2C200&ssl=1","width":350,"height":200,"srcset":"https:\/\/i0.wp.com\/hespel.fr\/wp-content\/uploads\/2010\/03\/937_0811.jpg?resize=350%2C200&ssl=1 1x, https:\/\/i0.wp.com\/hespel.fr\/wp-content\/uploads\/2010\/03\/937_0811.jpg?resize=525%2C300&ssl=1 1.5x, https:\/\/i0.wp.com\/hespel.fr\/wp-content\/uploads\/2010\/03\/937_0811.jpg?resize=700%2C400&ssl=1 2x"},"classes":[]}],"_links":{"self":[{"href":"https:\/\/hespel.fr\/index.php?rest_route=\/wp\/v2\/posts\/1700","targetHints":{"allow":["GET"]}}],"collection":[{"href":"https:\/\/hespel.fr\/index.php?rest_route=\/wp\/v2\/posts"}],"about":[{"href":"https:\/\/hespel.fr\/index.php?rest_route=\/wp\/v2\/types\/post"}],"author":[{"embeddable":true,"href":"https:\/\/hespel.fr\/index.php?rest_route=\/wp\/v2\/users\/3"}],"replies":[{"embeddable":true,"href":"https:\/\/hespel.fr\/index.php?rest_route=%2Fwp%2Fv2%2Fcomments&post=1700"}],"version-history":[{"count":22,"href":"https:\/\/hespel.fr\/index.php?rest_route=\/wp\/v2\/posts\/1700\/revisions"}],"predecessor-version":[{"id":1962,"href":"https:\/\/hespel.fr\/index.php?rest_route=\/wp\/v2\/posts\/1700\/revisions\/1962"}],"wp:attachment":[{"href":"https:\/\/hespel.fr\/index.php?rest_route=%2Fwp%2Fv2%2Fmedia&parent=1700"}],"wp:term":[{"taxonomy":"category","embeddable":true,"href":"https:\/\/hespel.fr\/index.php?rest_route=%2Fwp%2Fv2%2Fcategories&post=1700"},{"taxonomy":"post_tag","embeddable":true,"href":"https:\/\/hespel.fr\/index.php?rest_route=%2Fwp%2Fv2%2Ftags&post=1700"}],"curies":[{"name":"wp","href":"https:\/\/api.w.org\/{rel}","templated":true}]}}