{"id":146,"date":"2010-02-15T12:55:40","date_gmt":"2010-02-15T17:55:40","guid":{"rendered":"http:\/\/rhespel.perso.sfr.fr\/?p=146"},"modified":"2023-11-04T12:22:29","modified_gmt":"2023-11-04T11:22:29","slug":"les-incorruptibles-ou-filmer-avec-un-dslr","status":"publish","type":"post","link":"https:\/\/hespel.fr\/?p=146","title":{"rendered":"Les Incorruptibles ou filmer avec un DSLR"},"content":{"rendered":"<p>Hier soir, j&rsquo;\u00e9tais au Caf\u00e9 Petit Campus, \u00e0 Montr\u00e9al, pour filmer le spectacle de po\u00e9sie \u00ab\u00a0<strong>The Art Of Performing Oral Sex<\/strong>\u00ab\u00a0. Un 14 f\u00e9vrier, \u00e7a ne s&rsquo;invente pas. Les curieux peuvent toujours visionner un <a title=\"Oral sex on Youtube?\" href=\"http:\/\/www.youtube.com\/watch?v=fpXbQqVGqik&amp;feature=related\" target=\"_blank\" rel=\"noopener noreferrer\">teaser sur Youtube<\/a>. Plus que le show, qui \u00e9tait une exp\u00e9rience passionnante dont je suis heureux d&rsquo;avoir pu profiter, <strong>c&rsquo;est le dispositif de captation dont j&rsquo;aimerais parler<\/strong> aujourd&rsquo;hui.<\/p>\n<p>La production, <a title=\"Facebook Group\" href=\"https:\/\/www.facebook.com\/madpoetix\" target=\"_blank\" rel=\"noopener noreferrer\">Madpoetix<\/a>, avait choisi de <strong>capter le spectacle via deux cam\u00e9ras, un dispositif standard<\/strong>, en faisant donc appel \u00e0 deux vid\u00e9astes.\u00a0 Le choix effectu\u00e9 au pr\u00e9alable \u00e9tait de filmer en HDV, ce qui convenait parfaitement \u00e0 ma <a title=\"Fiche Sony de la HVR-Z1\" href=\"http:\/\/pro.sony.com\/bbsc\/ssr\/product-HVRZ1U\/\" target=\"_blank\" rel=\"noopener noreferrer\">Sony HVR-Z1<\/a> et \u00e0 moi. Surprise cependant en arrivant : l&rsquo;autre vid\u00e9aste n&rsquo;\u00e9tait pas du tout \u00e9quip\u00e9 de ce type de mat\u00e9riel mais d&rsquo;un <a title=\"Fiche Canon du EOS 7D\" href=\"https:\/\/web.archive.org\/web\/20210417084815\/https:\/\/fr.canon.be\/support\/consumer_products\/products\/cameras\/digital_slr\/eos_7d.html\" target=\"_blank\" rel=\"noopener noreferrer\">Canon EOS 7D<\/a>. Oui, un appareil photo&#8230;\u00a0 <!--more--><\/p>\n<p><a href=\"https:\/\/hespel.fr\/wp-content\/uploads\/2010\/02\/ecbimcoanchidcif.jpg\"><img loading=\"lazy\" decoding=\"async\" data-attachment-id=\"1775\" data-permalink=\"https:\/\/hespel.fr\/?attachment_id=1775\" data-orig-file=\"https:\/\/hespel.fr\/wp-content\/uploads\/2010\/02\/ecbimcoanchidcif.jpg\" data-orig-size=\"200,314\" data-comments-opened=\"1\" data-image-meta=\"{&quot;aperture&quot;:&quot;0&quot;,&quot;credit&quot;:&quot;&quot;,&quot;camera&quot;:&quot;&quot;,&quot;caption&quot;:&quot;&quot;,&quot;created_timestamp&quot;:&quot;0&quot;,&quot;copyright&quot;:&quot;&quot;,&quot;focal_length&quot;:&quot;0&quot;,&quot;iso&quot;:&quot;0&quot;,&quot;shutter_speed&quot;:&quot;0&quot;,&quot;title&quot;:&quot;&quot;,&quot;orientation&quot;:&quot;0&quot;}\" data-image-title=\"ecbimcoanchidcif\" data-image-description=\"\" data-image-caption=\"\" data-large-file=\"https:\/\/hespel.fr\/wp-content\/uploads\/2010\/02\/ecbimcoanchidcif.jpg\" src=\"https:\/\/hespel.fr\/wp-content\/uploads\/2010\/02\/ecbimcoanchidcif.jpg\" alt=\"The Art Of Performing Oral Sex\" width=\"200\" height=\"314\" class=\"aligncenter size-full wp-image-1775\" srcset=\"https:\/\/hespel.fr\/wp-content\/uploads\/2010\/02\/ecbimcoanchidcif.jpg 200w, https:\/\/hespel.fr\/wp-content\/uploads\/2010\/02\/ecbimcoanchidcif-191x300.jpg 191w\" sizes=\"auto, (max-width: 200px) 100vw, 200px\" \/><\/a><\/p>\n<p>Certains diront que c&rsquo;est plus qu&rsquo;un appareil photo : <strong>le Canon 7D est effectivement un DSLR<\/strong> (Digital Single-Lens Reflex) <strong>capable de filmer une vid\u00e9o en Haute D\u00e9finition<\/strong>. On trouve d&rsquo;ailleurs de nombreuses personnes qui ont choisi de d\u00e9laisser les cam\u00e9ras vid\u00e9o professionnelles, trop co\u00fbteuses, pour s&rsquo;\u00e9quiper de DSLR pour leur productions vid\u00e9o. Par exemple, <a title=\"Blog de Philip Bloom\" href=\"https:\/\/web.archive.org\/web\/20100505001634\/http:\/\/philipbloom.co.uk:80\/2009\/12\/31\/best-of-2009-what-a-year\/\" target=\"_blank\" rel=\"noopener noreferrer\">Philip Bloom<\/a> est un des premiers convertis. Il faut avouer que <a title=\"Sofia's People on Vimeo\" href=\"http:\/\/vimeo.com\/4704533\" target=\"_blank\" rel=\"noopener noreferrer\">ses vid\u00e9os<\/a> sont magnifiques. <\/p>\n<div class=\"jetpack-video-wrapper\"><iframe loading=\"lazy\" title=\"Sofia&#039;s People\" src=\"https:\/\/player.vimeo.com\/video\/4704533?dnt=1&#038;app_id=122963\" width=\"780\" height=\"439\" frameborder=\"0\" allow=\"autoplay; fullscreen\" allowfullscreen><\/iframe><\/div>\n<p><strong>Je suis pourtant de ceux qui pensent qu&rsquo;on ne fait pas de la vid\u00e9o avec un appareil photo<\/strong>. \u00ab\u00a0Mais puisque c&rsquo;est plus qu&rsquo;un appareil photo ?\u00a0\u00bb me direz-vous. Effectivement, j&rsquo;admets non sans regret qu&rsquo;un DSLR peut \u00eatre utilis\u00e9 pour r\u00e9aliser un court-m\u00e9trage. Le format, la question du co\u00fbt, la qualit\u00e9 obtenue&#8230; <a title=\"Article de Scott Bourne\" href=\"https:\/\/web.archive.org\/web\/20150930111230\/http:\/\/photofocus.com:80\/2010\/01\/29\/hybrid-dslr-for-video-instead-of-a-professional-video-camera\/\" target=\"_blank\" rel=\"noopener noreferrer\">De nombreuses raisons<\/a> le justifie. Dans le cas d&rsquo;une captation comme hier soir ? Aucune chance. Un DSLR a d\u00e9j\u00e0 de <a title=\"Article de ReelSEO\" href=\"https:\/\/web.archive.org\/web\/20160410193319\/http:\/\/www.reelseo.com\/hd-video-dslr-camera\/\" target=\"_blank\" rel=\"noopener noreferrer\">nombreux d\u00e9savantages<\/a> lorsqu&rsquo;on l&rsquo;utilise pour de la vid\u00e9o, des d\u00e9fauts qui s&rsquo;accentuent dans ce type de situation.<\/p>\n<p>Lors de la soir\u00e9e \u00ab\u00a0The Art Of Performing Oral Sex\u00a0\u00bb, il avait \u00e9t\u00e9 convenu qu&rsquo;un vid\u00e9aste s&rsquo;occuperait d&rsquo;effectuer les plans larges tout en captant le son directement sur la console de mixage, et que l&rsquo;autre se chargerait des plans rapproch\u00e9s et gros plans, en avant de la sc\u00e8ne. J&rsquo;\u00e9tais \u00e0 l&rsquo;arri\u00e8re, le second vid\u00e9aste \u00e9tait \u00e0 l&rsquo;avant, son Canon EOS 7D favorisant la mobilit\u00e9.<\/p>\n<p>Si le talent des po\u00e8tes illuminait le show, l&rsquo;ambiance lumineuse de la salle \u00e9tait plut\u00f4t sombre. C&rsquo;est ainsi qu&rsquo;apr\u00e8s une heure de spectacle, mon coll\u00e8gue a demand\u00e9 \u00e0 changer de place : le manque de lumi\u00e8re l&rsquo;avait oblig\u00e9 \u00e0 changer d&rsquo;objectif sur son appareil, pour un autre emp\u00eachant tout zoom, et donc le laissant dans l&rsquo;impossibilit\u00e9 de r\u00e9aliser les gros plans qu&rsquo;il \u00e9tait cens\u00e9 faire. L\u00e0 o\u00f9 une cam\u00e9ra permet plus de versatilit\u00e9, <strong>les DSLR sont souvent victimes des limites de leurs objectifs<\/strong>.<\/p>\n<p>Autre soucis au moment du changement : j&rsquo;\u00e9tais branch\u00e9 \u00e0 la console pour enregistrer le son sur ma cam\u00e9ra, avec une prise XLR. <strong>Le Canon 7D poss\u00e8de une entr\u00e9e audio mini-jack<\/strong>, par laquelle il est possible d&rsquo;enregistrer du son. Mais <strong>une limite interne emp\u00eache le Canon 7D d&rsquo;enregistrer une vid\u00e9o d&rsquo;une dur\u00e9e sup\u00e9rieure \u00e0 quinze minutes<\/strong>. Il faut donc encha\u00eener les prises de vue. Ce qui devient probl\u00e9matique lorsqu&rsquo;il s&rsquo;agit d&rsquo;enregistrer du son en continu&#8230; Le vid\u00e9aste avait heureusement sur lui un <a title=\"Fiche du Zoom H4\" href=\"https:\/\/zoomcorp.com\/fr\/fr\/enregistreurs-portatifs\/handheld-recorders\/h4n-pro\/\" target=\"_blank\" rel=\"noopener noreferrer\">ZOOM H4<\/a>, un enregistreur portable. Solution imparfaite cependant, puisqu&rsquo;impliquant une resynchronisation du son avec l&rsquo;image au moment d&rsquo;effectuer le montage.<\/p>\n<p><strong>Lumi\u00e8re, son, limitation d&rsquo;enregistrement&#8230; D\u00e9j\u00e0 beaucoup de d\u00e9fauts pour le DSLR<\/strong>. Dernier point : le show durait plus de trois heures. Apr\u00e8s un peu plus de deux heures et demi, mon coll\u00e8gue a d\u00fb arr\u00eater de filmer, ses cartes m\u00e9moires \u00e9tant pleines. M\u00eame compress\u00e9e, la vid\u00e9o HD est un format tr\u00e8s lourd. Pas \u00e9tonnant qu&rsquo;il ait \u00e9t\u00e9 \u00e0 court de support d&rsquo;enregistrement pour un spectacle aussi long, alors qu&rsquo;il me restait encore des cassettes.<\/p>\n<p>Ne vous m\u00e9prenez pas : le vid\u00e9aste en question \u00e9tait bien \u00e9quip\u00e9. Tr\u00e9pied, batteries suppl\u00e9mentaires, lecteur de carte m\u00e9moire, sac et cartes m\u00e9moires additionnelles&#8230; Les sept accessoires \u00e0 avoir avec son DSLR <a title=\"Article de Scott Bourne\" href=\"https:\/\/web.archive.org\/web\/20130604034108\/http:\/\/photofocus.com:80\/2010\/01\/04\/seven-must-have-accessories-for-your-new-dslr\/\" target=\"_blank\" rel=\"noopener noreferrer\">selon Scott Bourne<\/a>, il les avait. Ce n&rsquo;\u00e9tait pas non plus un manque de talent, m\u00eame s&rsquo;il en faut aussi pour r\u00e9aliser  une vid\u00e9o avec un DSLR. Certes, avec davantage d&rsquo;objectifs pr\u00e9vues pour les situations en basse lumi\u00e8re et avec encore plus de cartes SD, mon coll\u00e8gue aurait pu s&rsquo;en sortir. Mais il faut avouer qu&rsquo;avec ma cam\u00e9ra, j&rsquo;ai rencontr\u00e9 beaucoup moins de probl\u00e8me &#8211; aucun, en fait. Il s&rsquo;agissait juste d&rsquo;une utilisation d&rsquo;un mat\u00e9riel non-adapt\u00e9 \u00e0 la situation.<\/p>\n<p><strong>Outre le fait que je souhaite bonne chance au monteur qui aura \u00e0 jongler entre le format HDV de mes cassettes et le AVCHD en H264 du Canon 7D, il y a une bonne le\u00e7on \u00e0 tirer de cette exp\u00e9rience. Il faudra un jour que je nuance ma position : peut-on faire de la vid\u00e9o avec un appareil photo ? Ma foi, autant qu&rsquo;avec un <a title=\"Kodak Zi8 sur Engadget\" href=\"http:\/\/www.engadget.com\/2009\/08\/04\/kodak-zi8-impressions-surprising-functionality-but-its-still\/\" target=\"_blank\" rel=\"noopener noreferrer\">Kodak Zi8<\/a> ! Qu&rsquo;il s&rsquo;agisse d&rsquo;un appareil photo, d&rsquo;une cam\u00e9ra de poche ou d&rsquo;une cam\u00e9ra professionnel, l&rsquo;important est d&rsquo;avoir le bon outil en fonction du travail \u00e0 effectuer. De votre c\u00f4t\u00e9, selon les cas et les situations, si c&rsquo;est pour filmer une entrevue, une vid\u00e9o corporative ou une conf\u00e9rence, portez une attention mesur\u00e9e sur le mat\u00e9riel utilis\u00e9. Ce n&rsquo;est jamais anodin.<\/strong><\/p>\n<p><span class=\"imdbRatingPlugin\" data-user=\"ur22055856\" data-title=\"tt0094226\" data-style=\"t1\"><br \/>\n<a href=\"https:\/\/www.imdb.com\/title\/tt0094226\/?ref_=tt_plg_rt\"\n><img decoding=\"async\" alt=\"The Untouchables (1987) on IMDb\" src=\"https:\/\/ia.media-imdb.com\/images\/G\/01\/imdb\/plugins\/rating\/images\/imdb_46x22.png\"><br \/>\n<\/a><\/span><br \/>\n<script>\n(function(d,s,id){var js,stags=d.getElementsByTagName(s)[0];\nif(d.getElementById(id)){return;}js=d.createElement(s);js.id=id;\njs.src=\"https:\/\/ia.media-imdb.com\/images\/G\/01\/imdb\/plugins\/rating\/js\/rating.js\";\nstags.parentNode.insertBefore(js,stags);})(document,'script','imdb-rating-api');    \n<\/script>                    <\/p>\n<p><em>p.s: pour la r\u00e9f\u00e9rence aux Incorruptibles, du titre : \u00ab\u00a0On ne ram\u00e8ne pas un couteau \u00e0 un duel au fusil\u00a0\u00bb.<\/em><\/p>\n","protected":false},"excerpt":{"rendered":"<p>J&rsquo;ai beaucoup parl\u00e9 du Kodak Zi8 ces derniers temps, une solution parfaite pour de la vid\u00e9o mobile, \u00e0 peu de frais. Mais qu&rsquo;en est-il des DSLR, ces appareils photos capables de filmer en HD ? En me basant sur mon exp\u00e9rience lors de la captation du show The Art Of Performing Oral Sex, une synth\u00e8se des raisons qui font que je ne crois pas en cette solution.<\/p>\n","protected":false},"author":2,"featured_media":0,"comment_status":"open","ping_status":"open","sticky":false,"template":"","format":"standard","meta":{"jetpack_post_was_ever_published":false,"footnotes":""},"categories":[4],"tags":[10,15,34,40,63,70,72,107,112,147,148,150,157,216,229,236,239,240,241,248,288,291,299,303,313,377,380,381],"class_list":["post-146","post","type-post","status-publish","format-standard","hentry","category-non-classe","tag-14-fevrier","tag-7d","tag-appareil","tag-art","tag-cafe","tag-campus","tag-canon","tag-dslr","tag-eos","tag-haute-definition","tag-hd","tag-hdv","tag-hvr-z1","tag-montreal","tag-oral","tag-performing","tag-petit","tag-philip-bloom","tag-photo","tag-poesie","tag-scott-bourne","tag-sex","tag-sony","tag-spectacle","tag-teaser","tag-youtube","tag-zoom","tag-zoom-h4"],"aioseo_notices":[],"jetpack_featured_media_url":"","jetpack_shortlink":"https:\/\/wp.me\/p97UKg-2m","jetpack-related-posts":[{"id":191,"url":"https:\/\/hespel.fr\/?p=191","url_meta":{"origin":146,"position":0},"title":"La Rel\u00e8ve ou la Sony NEX-VG10","author":"R. Hespel","date":"novembre 1, 2010","format":false,"excerpt":"J'ai d\u00e9couvert ce week-end une nouvelle cam\u00e9ra semi-professionnelle de Sony : la handycam NEX-VG10. Un mod\u00e8le qui se classe dans la cat\u00e9gorie grand public, s'adressant aux amateurs \u00e9clair\u00e9s et \u00e0 ceux qui aspirent \u00e0 la vid\u00e9o professionnelle \u00e0 peu de frais. Ces derniers temps, sur ce segment, on ne parlait\u2026","rel":"","context":"Dans &quot;Nouvelles technologies&quot;","block_context":{"text":"Nouvelles technologies","link":"https:\/\/hespel.fr\/?cat=5"},"img":{"alt_text":"Sony NEX VG10","src":"https:\/\/i0.wp.com\/hespel.fr\/wp-content\/uploads\/2010\/11\/artoff4797-25173-300x132.jpg?resize=350%2C200","width":350,"height":200},"classes":[]},{"id":4783,"url":"https:\/\/hespel.fr\/?p=4783","url_meta":{"origin":146,"position":1},"title":"GoldenEye ou faire du live streaming en 2020","author":"R. Hespel","date":"juillet 8, 2020","format":false,"excerpt":"On me demande souvent comment capter un \u00e9v\u00e9nement en direct et le diffuser en simultan\u00e9 sur Internet. Depuis 2009, ann\u00e9e \u00e0 partir de laquelle j'ai commenc\u00e9 \u00e0 exp\u00e9rimenter sur le sujet, les choses ont beaucoup \u00e9volu\u00e9es. A l'\u00e9poque, mon mat\u00e9riel de pr\u00e9dilection \u00e9tait une cam\u00e9ra professionnelle reli\u00e9e \u00e0 un ordinateur\u2026","rel":"","context":"Dans &quot;Nouvelles technologies&quot;","block_context":{"text":"Nouvelles technologies","link":"https:\/\/hespel.fr\/?cat=5"},"img":{"alt_text":"","src":"https:\/\/i0.wp.com\/hespel.fr\/wp-content\/uploads\/2020\/07\/CanonEOSwebcamUtility-1024x767.jpg?resize=350%2C200&ssl=1","width":350,"height":200,"srcset":"https:\/\/i0.wp.com\/hespel.fr\/wp-content\/uploads\/2020\/07\/CanonEOSwebcamUtility-1024x767.jpg?resize=350%2C200&ssl=1 1x, https:\/\/i0.wp.com\/hespel.fr\/wp-content\/uploads\/2020\/07\/CanonEOSwebcamUtility-1024x767.jpg?resize=525%2C300&ssl=1 1.5x, https:\/\/i0.wp.com\/hespel.fr\/wp-content\/uploads\/2020\/07\/CanonEOSwebcamUtility-1024x767.jpg?resize=700%2C400&ssl=1 2x"},"classes":[]},{"id":360,"url":"https:\/\/hespel.fr\/?p=360","url_meta":{"origin":146,"position":2},"title":"One Hour Photo ou des objectifs pour monture Sony E","author":"R. Hespel","date":"d\u00e9cembre 24, 2012","format":false,"excerpt":"En 2010, Sony sortait son premier mod\u00e8le de cam\u00e9ra \u00e0 optiques interchangeables pour le grand public, le Sony NEX-VG10. L'objectif avou\u00e9 : concurrencer les DSLR de Canon en offrant aux vid\u00e9astes une alternative aux attraits certains. \u00c0 l'aube de 2013, Sony annon\u00e7ait la troisi\u00e8me mise \u00e0 niveau de son mod\u00e8le,\u2026","rel":"","context":"Dans &quot;Nouvelles technologies&quot;","block_context":{"text":"Nouvelles technologies","link":"https:\/\/hespel.fr\/?cat=5"},"img":{"alt_text":"Avec l'objectif 18-200mm","src":"https:\/\/i0.wp.com\/hespel.fr\/wp-content\/uploads\/2012\/12\/DSC00029-1024x574.jpg?resize=350%2C200&ssl=1","width":350,"height":200,"srcset":"https:\/\/i0.wp.com\/hespel.fr\/wp-content\/uploads\/2012\/12\/DSC00029-1024x574.jpg?resize=350%2C200&ssl=1 1x, https:\/\/i0.wp.com\/hespel.fr\/wp-content\/uploads\/2012\/12\/DSC00029-1024x574.jpg?resize=525%2C300&ssl=1 1.5x, https:\/\/i0.wp.com\/hespel.fr\/wp-content\/uploads\/2012\/12\/DSC00029-1024x574.jpg?resize=700%2C400&ssl=1 2x"},"classes":[]},{"id":450,"url":"https:\/\/hespel.fr\/?p=450","url_meta":{"origin":146,"position":3},"title":"Marathon Man ou faire un film en 48h","author":"R. Hespel","date":"avril 18, 2013","format":false,"excerpt":"Une fois n'est pas coutume, parlons de court-m\u00e9trage sur ce blog. La semaine pass\u00e9e, j'ai enfin eu la possibilit\u00e9 de participer \u00e0 un Kino Kabaret et de relever le d\u00e9fi de r\u00e9aliser un film en 48 heures. Mais d'abord, quelques explications. Kino, comme nous l'apprend wikip\u00e9dia, est un mouvement qui\u2026","rel":"","context":"Dans &quot;Cinema&quot;","block_context":{"text":"Cinema","link":"https:\/\/hespel.fr\/?cat=3"},"img":{"alt_text":"SONY DSC","src":"https:\/\/i0.wp.com\/hespel.fr\/wp-content\/uploads\/2013\/04\/DSC00010-300x168.jpg?resize=350%2C200","width":350,"height":200},"classes":[]},{"id":1783,"url":"https:\/\/hespel.fr\/?p=1783","url_meta":{"origin":146,"position":4},"title":"La doublure ou la Sony RX0 Mark II","author":"R. Hespel","date":"f\u00e9vrier 3, 2020","format":false,"excerpt":"Sortie au milieu de l'ann\u00e9e derni\u00e8re, la Sony RX0 II est pass\u00e9e relativement inaper\u00e7ue. Etait-ce \u00e0 cause de son format qui l'assimile d'office \u00e0 une action cam (une GoPro de plus ?), de son c\u00f4t\u00e9 inclassable (beaucoup l'ont envisag\u00e9 comme une cam\u00e9ra pour Youtubeurs), ou de son prix relativement \u00e9lev\u00e9\u2026","rel":"","context":"Dans &quot;Nouvelles technologies&quot;","block_context":{"text":"Nouvelles technologies","link":"https:\/\/hespel.fr\/?cat=5"},"img":{"alt_text":"","src":"https:\/\/i0.wp.com\/hespel.fr\/wp-content\/uploads\/2020\/01\/sonyrx0II_hespel01_resultat-1024x576.jpg?resize=350%2C200&ssl=1","width":350,"height":200,"srcset":"https:\/\/i0.wp.com\/hespel.fr\/wp-content\/uploads\/2020\/01\/sonyrx0II_hespel01_resultat-1024x576.jpg?resize=350%2C200&ssl=1 1x, https:\/\/i0.wp.com\/hespel.fr\/wp-content\/uploads\/2020\/01\/sonyrx0II_hespel01_resultat-1024x576.jpg?resize=525%2C300&ssl=1 1.5x, https:\/\/i0.wp.com\/hespel.fr\/wp-content\/uploads\/2020\/01\/sonyrx0II_hespel01_resultat-1024x576.jpg?resize=700%2C400&ssl=1 2x"},"classes":[]},{"id":177,"url":"https:\/\/hespel.fr\/?p=177","url_meta":{"origin":146,"position":5},"title":"Suspicion ou choisir son vid\u00e9aste","author":"R. Hespel","date":"avril 28, 2010","format":false,"excerpt":"Essayer de conseiller comment choisir son vid\u00e9aste quand on vend soi-m\u00eame ses services comme tel, cela peut para\u00eetre vain. Pourtant, mon but n'est pas ici de vous inviter \u00e0 m'engager mais plut\u00f4t de vous \u00e9viter de tomber sur un charlatan. Il en existe dans tous les domaines et il s'agit\u2026","rel":"","context":"Dans &quot;R\u00e9flexions&quot;","block_context":{"text":"R\u00e9flexions","link":"https:\/\/hespel.fr\/?cat=4"},"img":{"alt_text":"","src":"","width":0,"height":0},"classes":[]}],"_links":{"self":[{"href":"https:\/\/hespel.fr\/index.php?rest_route=\/wp\/v2\/posts\/146","targetHints":{"allow":["GET"]}}],"collection":[{"href":"https:\/\/hespel.fr\/index.php?rest_route=\/wp\/v2\/posts"}],"about":[{"href":"https:\/\/hespel.fr\/index.php?rest_route=\/wp\/v2\/types\/post"}],"author":[{"embeddable":true,"href":"https:\/\/hespel.fr\/index.php?rest_route=\/wp\/v2\/users\/2"}],"replies":[{"embeddable":true,"href":"https:\/\/hespel.fr\/index.php?rest_route=%2Fwp%2Fv2%2Fcomments&post=146"}],"version-history":[{"count":13,"href":"https:\/\/hespel.fr\/index.php?rest_route=\/wp\/v2\/posts\/146\/revisions"}],"predecessor-version":[{"id":57210,"href":"https:\/\/hespel.fr\/index.php?rest_route=\/wp\/v2\/posts\/146\/revisions\/57210"}],"wp:attachment":[{"href":"https:\/\/hespel.fr\/index.php?rest_route=%2Fwp%2Fv2%2Fmedia&parent=146"}],"wp:term":[{"taxonomy":"category","embeddable":true,"href":"https:\/\/hespel.fr\/index.php?rest_route=%2Fwp%2Fv2%2Fcategories&post=146"},{"taxonomy":"post_tag","embeddable":true,"href":"https:\/\/hespel.fr\/index.php?rest_route=%2Fwp%2Fv2%2Ftags&post=146"}],"curies":[{"name":"wp","href":"https:\/\/api.w.org\/{rel}","templated":true}]}}