{"id":134,"date":"2010-02-08T13:17:22","date_gmt":"2010-02-08T18:17:22","guid":{"rendered":"http:\/\/rhespel.perso.sfr.fr\/?p=134"},"modified":"2021-11-20T23:44:30","modified_gmt":"2021-11-20T22:44:30","slug":"apparences-ou-votre-brand-en-video","status":"publish","type":"post","link":"https:\/\/hespel.fr\/?p=134","title":{"rendered":"Apparences ou votre brand en vid\u00e9o"},"content":{"rendered":"<p>Lors de mon passage au dernier <a title=\"Focus20 sur Facebook\" href=\"https:\/\/www.facebook.com\/Focus20web\" target=\"_blank\" rel=\"noopener noreferrer\">Focus 20<\/a>, \u00e0 Drummondville, je me suis pos\u00e9 une question simple. <strong>Combien de ces personnes communiquent par vid\u00e9o ?<\/strong> Le <strong>Focus 20<\/strong> est un r\u00e9seau de professionnels du Web et de chefs d&rsquo;entreprise exploitant ou souhaitant exploiter des applications Web 2.0 pour le d\u00e9veloppement d&rsquo;affaires.\u00a0 Chaque deuxi\u00e8me jeudi du mois, tous ceux et celles qui g\u00e8rent activement un blogue, un r\u00e9seau social ou autre (SlideShare, YouTube, Flickr, etc.), \u00e0 des fins de d\u00e9veloppement d&rsquo;affaires, sont invit\u00e9s \u00e0 s&rsquo;y rendre.<\/p>\n<p>Des professionnels, des ind\u00e9pendants, des chefs d&rsquo;entreprises&#8230; Des personnes qui d\u00e9veloppent leurs affaires par Internet, qui communiquent par Internet. Un public tout d\u00e9sign\u00e9 pour la communication par la vid\u00e9o. Le sujet de la rencontre \u00e9tait pr\u00e9sent\u00e9 par Hicham Souilmi, sp\u00e9cialiste en ce qui concerne l&rsquo;identit\u00e9 num\u00e9rique et le personal branding. Ce sujet, quel \u00e9tait-il ? <em><strong>Cibler et personnaliser vos conversations avec vos diff\u00e9rentes tribus web<\/strong><\/em>. Mon grain de sel : <strong>et si ces conversations s&rsquo;effectuaient par vid\u00e9o ?\u00a0 <!--more--><br \/>\n<\/strong><\/p>\n<p>Tout le monde utilise la vid\u00e9o pour communiquer. Si vous avez une webcam, il y a des chances que vous l&rsquo;ayez d\u00e9j\u00e0 utilis\u00e9 pour converser via Skype ou Windows Live Messenger. Ce \u00e0 quoi je pense d\u00e9passe cette utilisation. Je l&rsquo;ai d\u00e9j\u00e0 dit, la vid\u00e9o est un m\u00e9dia aux multiples avantages. Elle peut v\u00e9hiculer un message par image, par texte et par son, tr\u00e8s rapidement, ce qui est d\u00e9terminant sur Internet. Dans un futur proche, <strong>tout le monde va communiquer par vid\u00e9o<\/strong> : les entreprises, les professionnels&#8230; Les blogueurs le font d\u00e9j\u00e0. <strong>Pourquoi pas vous ?<\/strong><\/p>\n<p>Attention \u00e0 ne pas faire de la vid\u00e9o \u00e0 tout prix : une vid\u00e9o rat\u00e9e tue dans l&rsquo;oeuf toute une strat\u00e9gie de communication. On se souviendra autant d&rsquo;une mauvaise que d&rsquo;une bonne vid\u00e9o, avec les cons\u00e9quences que cela implique. En fonction du lien, de la conversation qu&rsquo;on veut \u00e9tablir, il faudra r\u00e9fl\u00e9chir \u00e0 la forme que devra prendre la vid\u00e9o. <strong>Il faut adapter sa forme aux personnes que vous souhaitez rejoindre.<\/strong><\/p>\n<p>Je vais prendre quelques exemples pour \u00eatre plus concret. Ce n&rsquo;est pas tout le monde qui peut se permettre d&rsquo;ouvrir son laptop, de brancher sa webcam et de publier les vid\u00e9os ainsi captur\u00e9es. <a title=\"Site de Bruno Guglielminetti\" href=\"http:\/\/www.guglielminetti.com\/\" target=\"_blank\" rel=\"noopener noreferrer\">Bruno Guglielminetti<\/a>, chroniqueur chez Radio-Canada pour le <a title=\"Le Carnet Techno sur Radio Canada\" href=\"https:\/\/ici.radio-canada.ca\/radio\/techno\/accueil-04-15-2008.shtml\" target=\"_blank\" rel=\"noopener noreferrer\">Carnet Techno<\/a>, le peut. Pour pr\u00e9senter \u00e0 ses auditeurs ses d\u00e9couvertes au <a title=\"CES Official website\" href=\"https:\/\/web.archive.org\/web\/20120519102001\/http:\/\/www.cesweb.org\/\" target=\"_blank\" rel=\"noopener noreferrer\">CES 2010<\/a> de Las Vegas, il a publi\u00e9 jour par jour son avis sur <a title=\"Ses capsules, sur Youtube\" href=\"http:\/\/www.youtube.com\/user\/carnettechno#p\/a\/u\/1\/c0pAWJtcqxA\" target=\"_blank\" rel=\"noopener noreferrer\">Youtube<\/a>, via webcam.<\/p>\n<p><strong>Steve Garfield<\/strong> utilise un dispositif assez similaire lorsqu&rsquo;il communique via <strong>Ustream<\/strong>, comme pour faire un billet pour <a title=\"Choosing a Video Camera by Steve Garfield\" href=\"http:\/\/www.ustream.tv\/recorded\/2289242\" target=\"_blank\" rel=\"noopener noreferrer\">choisir une cam\u00e9ra vid\u00e9o<\/a>. Lui aussi peut se le permettre car, l&rsquo;un comme l&rsquo;autre, ils s&rsquo;adressent \u00e0 des personnes que cette forme ne rebutera pas. Des passionn\u00e9s, des technophiles, des geeks&#8230; Commercialement, ce n&rsquo;est pas la cible de tout le monde.<\/p>\n<p>Pour \u00ab\u00a0communiquer avec ses tribus\u00a0\u00bb, et en \u00e9vitant le c\u00f4t\u00e9 webcam, on peut pourtant simplement prendre une cam\u00e9ra, se mettre face \u00e0 elle et lui parler directement. C&rsquo;est ce qu&rsquo;a choisi de faire <strong>Hicham Souilmi<\/strong> pour ses <a title=\"Blog d&#039;Hicham Souilmi\" href=\"https:\/\/web.archive.org\/web\/20111007080005\/http:\/\/www.webmedias.net:80\/category\/podcast-du-vendredi\/\" target=\"_blank\" rel=\"noopener noreferrer\">vid\u00e9os du vendredi<\/a>. Pas de montage, une forme simple, un message clair. Encore une fois, il conna\u00eet sa cible et s&rsquo;adresse \u00e0 elle avec ses codes. Avec un peu plus de fioritures, <a title=\"Site de Sophie Montminy\" href=\"https:\/\/web.archive.org\/web\/20160313061008\/http:\/\/sophiemontminy.com\/\" target=\"_blank\" rel=\"noopener noreferrer\">Sophie Montminy<\/a> poste aussi chaque vendredi sa vid\u00e9o \u00ab\u00a0Je l\u00e8ve mon verre \u00e0&#8230;\u00a0\u00bb . Pas de montage non plus, mais l&rsquo;ajout de titres. Elle est journaliste\/chroniqueuse et ces vid\u00e9os rentrent parfaitement dans le cadre de ce que chercheraient \u00e0 trouver les visiteurs de son site web.<\/p>\n<p>Notez que pour ces derniers exemples, il s&rsquo;agit d&rsquo;un rendez-vous hebdomadaire. <strong>Selon la conversation que vous souhaitez \u00e9tablir, il peut \u00eatre n\u00e9cessaire de tabler sur un rendez-vous r\u00e9gulier<\/strong>, sous peine de perdre votre auditoire. Vous remarquerez aussi qu&rsquo;elles sont relativement courtes et peu travaill\u00e9es dans la forme. Elles n&rsquo;ont pas besoin de davantage pour atteindre leur but et rencontrer leur public. Mais il est aussi important de pr\u00e9ciser que publier une vid\u00e9o plus travaill\u00e9e, \u00e0 la post-production plus importante, serait difficile \u00e0 un rythme hebdomadaire, \u00e0 moins de ne faire que \u00e7a.<\/p>\n<p><strong>Votre brand, c&rsquo;est l&rsquo;image que vous renvoyez, l&rsquo;image qui transpara\u00eet de vous \u00e0 travers votre communication. Utiliser la vid\u00e9o \u00e0 bon escient est un excellent moyen d&rsquo;avoir un brand fort. Que ce soit avec une webcam ou avec une cam\u00e9ra professionnelle, l&rsquo;important est de conna\u00eetre votre cible et de savoir comment lui parler. Alors, sous quelle forme passera votre prochain message ?<\/strong><\/p>\n<p><em>Bonus : la pr\u00e9sentation de Hicham Souilmi au Focus 20, divis\u00e9e en trois parties pour contourner les limitations de Youtube.<\/em><\/p>\n<ul>\n<li><a title=\"Pr\u00e9sentation sur Youtube 1\/3\" href=\"http:\/\/www.youtube.com\/watch?v=dQogbLp0xy4\" target=\"_blank\" rel=\"noopener noreferrer\"><em>Partie 1<\/em><\/a><\/li>\n<li><a title=\"Pr\u00e9sentation sur Youtube 2\/3\" href=\"http:\/\/www.youtube.com\/watch?v=N0a7p-5lpdM\" target=\"_blank\" rel=\"noopener noreferrer\"><em>Partie 2<\/em><\/a><\/li>\n<li><a title=\"Pr\u00e9sentation sur Youtube 3\/3\" href=\"http:\/\/www.youtube.com\/watch?v=ZiDKZnHnV9w\" target=\"_blank\" rel=\"noopener noreferrer\"><em>Partie 3<\/em><\/a><\/li>\n<\/ul>\n","protected":false},"excerpt":{"rendered":"<p>Lors de mon passage au dernier Focus 20, \u00e0 Drummondville, je me suis pos\u00e9 une question simple. Combien de personnes, dans la salle, communiquent par vid\u00e9o ? Le Focus 20 est un r\u00e9seau de professionnels du Web et de chefs d&rsquo;entreprise exploitant ou souhaitant exploiter des applications Web 2.0 pour le d\u00e9veloppement d&rsquo;affaires.  Chaque deuxi\u00e8me jeudi du mois, tous ceux et celles qui g\u00e8rent activement un blogue, un r\u00e9seau social ou autre (SlideShare, YouTube, Flickr, etc.), \u00e0 des fins de d\u00e9veloppement d&rsquo;affaires, sont invit\u00e9s \u00e0 s&rsquo;y rendre. Pourquoi ne sont-ils alors pas davantage \u00e0 communiquer par vid\u00e9o ?<\/p>\n","protected":false},"author":2,"featured_media":0,"comment_status":"open","ping_status":"open","sticky":false,"template":"","format":"standard","meta":{"jetpack_post_was_ever_published":false,"footnotes":""},"categories":[4,6,7],"tags":[57,58,59,61,71,73,78,106,116,127,129,130,152,158,159,227,237,238,268,293,294,300,308,338,637,638,365,366,373,377],"class_list":["post-134","post","type-post","status-publish","format-standard","hentry","category-non-classe","category-video","category-web","tag-brand","tag-branding","tag-brn","tag-bruno-guglielminetti","tag-canada","tag-carnet-techno","tag-ces","tag-drummondville","tag-facebook","tag-flickr","tag-focus-20","tag-focus20","tag-hicham-souilmi","tag-identite","tag-identite-numerique","tag-numerique","tag-personal","tag-personal-branding","tag-radio","tag-skype","tag-slideshare","tag-sophie-montminy","tag-steve-garfield","tag-twitter","tag-video","tag-web","tag-web-2-0","tag-webcam","tag-windows-live-messenger","tag-youtube"],"aioseo_notices":[],"jetpack_featured_media_url":"","jetpack_shortlink":"https:\/\/wp.me\/p97UKg-2a","jetpack-related-posts":[{"id":20,"url":"https:\/\/hespel.fr\/?p=20","url_meta":{"origin":134,"position":0},"title":"Jason Bourne ou l&rsquo;Identit\u00e9 Num\u00e9rique","author":"R. Hespel","date":"octobre 26, 2009","format":false,"excerpt":"Ce n'est \u00e0 mon avis qu'une question de temps avant que tout \u00e0 chacun ne fasse usage de sa v\u00e9ritable identit\u00e9 sur Internet. C'est la direction qu'a pris Internet et c'est une direction qu'il faut prendre si on veut en faire un espace important, un espace d\u00e9cisionnel, un espace en\u2026","rel":"","context":"Dans &quot;Nouvelles technologies&quot;","block_context":{"text":"Nouvelles technologies","link":"https:\/\/hespel.fr\/?cat=5"},"img":{"alt_text":"","src":"","width":0,"height":0},"classes":[]},{"id":173,"url":"https:\/\/hespel.fr\/?p=173","url_meta":{"origin":134,"position":1},"title":"Le 3e Homme ou la diffusion live \u00e0 outrance","author":"R. Hespel","date":"avril 18, 2010","format":false,"excerpt":"Depuis quelques semaines, je suis bien occup\u00e9. Des mandats s'installent sur le long terme, ce qui explique une diminution de ma pr\u00e9sence web. Une diminution paradoxale puisque je suis toujours tr\u00e8s pr\u00e9sent, mais plus en mon nom. A deux reprises, la semaine pass\u00e9e, j'ai effectu\u00e9 des captations sur Ustream \u00e0\u2026","rel":"","context":"Dans &quot;Video&quot;","block_context":{"text":"Video","link":"https:\/\/hespel.fr\/?cat=6"},"img":{"alt_text":"","src":"","width":0,"height":0},"classes":[]},{"id":61,"url":"https:\/\/hespel.fr\/?p=61","url_meta":{"origin":134,"position":2},"title":"The Truman Show ou la diffusion en direct","author":"R. Hespel","date":"d\u00e9cembre 7, 2009","format":false,"excerpt":"Diffuser une vid\u00e9o en direct sur Internet n'est aujourd'hui plus si complexe et il m'a sembl\u00e9 opportun, \u00e0 la veille de la diffusion de l'IdentityCamp, de faire le point sur les diff\u00e9rentes plateformes existantes et sur leurs possibilit\u00e9s. Je vais commencer par les solutions les plus faciles \u00e0 utiliser et\u2026","rel":"","context":"Dans &quot;Nouvelles technologies&quot;","block_context":{"text":"Nouvelles technologies","link":"https:\/\/hespel.fr\/?cat=5"},"img":{"alt_text":"","src":"","width":0,"height":0},"classes":[]},{"id":180,"url":"https:\/\/hespel.fr\/?p=180","url_meta":{"origin":134,"position":3},"title":"Heat ou l&rsquo;importance d&rsquo;\u00eatre pr\u00e9sent en vid\u00e9o","author":"R. Hespel","date":"mai 14, 2010","format":false,"excerpt":"Suite \u00e0 un contrat cette semaine, j'ai pris le temps de r\u00e9fl\u00e9chir plus amplement sur l'importance d'\u00eatre pr\u00e9sent sur Internet, particuli\u00e8rement en vid\u00e9o. C'est un sujet majeur, une \u00e9vidence pour certains, mais qui demande des exemples concrets pour convaincre les autres. Pourquoi faut-il \u00eatre pr\u00e9sent sur Internet ? Que vous\u2026","rel":"","context":"Dans &quot;Video&quot;","block_context":{"text":"Video","link":"https:\/\/hespel.fr\/?cat=6"},"img":{"alt_text":"","src":"","width":0,"height":0},"classes":[]},{"id":197,"url":"https:\/\/hespel.fr\/?p=197","url_meta":{"origin":134,"position":4},"title":"Bon Cop, Bad Cop ou la Caisse d&rsquo;Epargne","author":"R. Hespel","date":"f\u00e9vrier 13, 2011","format":false,"excerpt":"Client de la Caisse d\u2019Epargne depuis ma naissance, il ne me viendrait jamais \u00e0 l\u2019esprit de faire de la publicit\u00e9 pour cette banque fran\u00e7aise sur mon blog. Je vais n\u00e9anmoins en parler, mais plut\u00f4t pour r\u00e9agir sur la toute nouvelle image de la caisse, dont la campagne a commenc\u00e9 la\u2026","rel":"","context":"Dans &quot;R\u00e9flexions&quot;","block_context":{"text":"R\u00e9flexions","link":"https:\/\/hespel.fr\/?cat=4"},"img":{"alt_text":"","src":"https:\/\/i0.wp.com\/hespel.fr\/wp-content\/uploads\/2020\/01\/caisse-d-epargne-ecureuil.jpg?resize=350%2C200&ssl=1","width":350,"height":200,"srcset":"https:\/\/i0.wp.com\/hespel.fr\/wp-content\/uploads\/2020\/01\/caisse-d-epargne-ecureuil.jpg?resize=350%2C200&ssl=1 1x, https:\/\/i0.wp.com\/hespel.fr\/wp-content\/uploads\/2020\/01\/caisse-d-epargne-ecureuil.jpg?resize=525%2C300&ssl=1 1.5x, https:\/\/i0.wp.com\/hespel.fr\/wp-content\/uploads\/2020\/01\/caisse-d-epargne-ecureuil.jpg?resize=700%2C400&ssl=1 2x"},"classes":[]},{"id":53,"url":"https:\/\/hespel.fr\/?p=53","url_meta":{"origin":134,"position":5},"title":"Rosebud ou la vid\u00e9o en ligne","author":"R. Hespel","date":"novembre 23, 2009","format":false,"excerpt":"Il y a de nombreux param\u00e8tres \u00e0 prendre en compte lorsqu'on pense \"communication web\", surtout lorsque c'est en terme de vid\u00e9o. Avec le web 2.0, on ne peut plus juste proposer un contenu. Il faut l'amener \u00e0 l'utilisateur, et amener avec lui une interaction. La vid\u00e9o sera regard\u00e9e, seul ou\u2026","rel":"","context":"Dans &quot;Video&quot;","block_context":{"text":"Video","link":"https:\/\/hespel.fr\/?cat=6"},"img":{"alt_text":"","src":"","width":0,"height":0},"classes":[]}],"_links":{"self":[{"href":"https:\/\/hespel.fr\/index.php?rest_route=\/wp\/v2\/posts\/134","targetHints":{"allow":["GET"]}}],"collection":[{"href":"https:\/\/hespel.fr\/index.php?rest_route=\/wp\/v2\/posts"}],"about":[{"href":"https:\/\/hespel.fr\/index.php?rest_route=\/wp\/v2\/types\/post"}],"author":[{"embeddable":true,"href":"https:\/\/hespel.fr\/index.php?rest_route=\/wp\/v2\/users\/2"}],"replies":[{"embeddable":true,"href":"https:\/\/hespel.fr\/index.php?rest_route=%2Fwp%2Fv2%2Fcomments&post=134"}],"version-history":[{"count":7,"href":"https:\/\/hespel.fr\/index.php?rest_route=\/wp\/v2\/posts\/134\/revisions"}],"predecessor-version":[{"id":10032,"href":"https:\/\/hespel.fr\/index.php?rest_route=\/wp\/v2\/posts\/134\/revisions\/10032"}],"wp:attachment":[{"href":"https:\/\/hespel.fr\/index.php?rest_route=%2Fwp%2Fv2%2Fmedia&parent=134"}],"wp:term":[{"taxonomy":"category","embeddable":true,"href":"https:\/\/hespel.fr\/index.php?rest_route=%2Fwp%2Fv2%2Fcategories&post=134"},{"taxonomy":"post_tag","embeddable":true,"href":"https:\/\/hespel.fr\/index.php?rest_route=%2Fwp%2Fv2%2Ftags&post=134"}],"curies":[{"name":"wp","href":"https:\/\/api.w.org\/{rel}","templated":true}]}}