{"id":114,"date":"2010-02-01T16:44:24","date_gmt":"2010-02-01T21:44:24","guid":{"rendered":"http:\/\/rhespel.perso.sfr.fr\/?p=114"},"modified":"2023-10-27T12:28:07","modified_gmt":"2023-10-27T10:28:07","slug":"tou-tv-ou-un-nouvel-espoir","status":"publish","type":"post","link":"https:\/\/hespel.fr\/?p=114","title":{"rendered":"Un Nouvel Espoir ou Tou.Tv"},"content":{"rendered":"<p>L&rsquo;actualit\u00e9 a \u00e9t\u00e9 tr\u00e8s riche la semaine pass\u00e9e, entre la pr\u00e9sentation tr\u00e8s attendue du nouveau concept d&rsquo;Apple, l&rsquo;<strong>iPad<\/strong>, et l&rsquo;arriv\u00e9e au Qu\u00e9bec d&rsquo;une solution vid\u00e9o in\u00e9dite en ligne, intitul\u00e9e <strong>TOU.TV<\/strong>. Entre les deux sujets, mon coeur balance, lequel allais-je aborder ? Le choix a \u00e9t\u00e9 plus simple que pr\u00e9vu. Du point de vue de la vid\u00e9o, l&rsquo;<a title=\"L'iPad sur Wikip\u00e9dia\" href=\"http:\/\/fr.wikipedia.org\/wiki\/Ipad\" target=\"_blank\" rel=\"noopener noreferrer\">iPad<\/a> est tr\u00e8s peu int\u00e9ressant. Certes, il joue les vid\u00e9os de Youtube, et en HD s&rsquo;il vous plait, mais ne poss\u00e8de pas de webcam, ni de solution pour \u00eatre interfac\u00e9 avec un quelconque p\u00e9riph\u00e9rique vid\u00e9o, puisqu&rsquo;il est d\u00e9pourvu de port USB ou de lecteur de cartes. Reste <a title=\"Tou.Tv sur Wikipedia\" href=\"http:\/\/fr.wikipedia.org\/wiki\/TOU.TV\" target=\"_blank\" rel=\"noopener noreferrer\">TOU.TV<\/a>.<\/p>\n<p>Qu&rsquo;est-ce que c&rsquo;est ? <strong>TOU.TV<\/strong> est un site Web de vid\u00e9o sur demande lanc\u00e9 par la Soci\u00e9t\u00e9 Radio-Canada. D\u00e8s son lancement, le site proposait 2\u00a0000 heures de contenu t\u00e9l\u00e9visuel francophone provenant de diff\u00e9rentes cha\u00eenes de t\u00e9l\u00e9vision, comme la t\u00e9l\u00e9vision de <a title=\"Radio Canada\" href=\"http:\/\/www.radio-canada.ca\/\" target=\"_blank\" rel=\"noopener noreferrer\">Radio-Canada<\/a>, <a href=\"http:\/\/www.radio-canada.ca\/rdi\/\" target=\"_blank\" rel=\"noopener noreferrer\">RDI<\/a>, <a title=\"ARTV\" href=\"http:\/\/artv.ca\/\" target=\"_blank\" rel=\"noopener noreferrer\">ARTV<\/a>, <a title=\"T\u00e9l\u00e9Qu\u00e9bec\" href=\"http:\/\/www.telequebec.tv\/\" target=\"_blank\" rel=\"noopener noreferrer\">T\u00e9l\u00e9-Qu\u00e9bec<\/a>, <a title=\"TV5 Monde\" href=\"http:\/\/www.tv5.org\/\" target=\"_blank\" rel=\"noopener noreferrer\">TV5MONDE<\/a>, <a title=\"TV5 Canada\" href=\"http:\/\/www.tv5.ca\/\" target=\"_blank\" rel=\"noopener noreferrer\">TV5 Qu\u00e9bec Canada<\/a>, <a title=\"TFO\" href=\"http:\/\/www.tfo.org\" target=\"_blank\" rel=\"noopener noreferrer\">TFO<\/a>, <a title=\"RCI\" href=\"http:\/\/www.rcinet.ca\/\" target=\"_blank\" rel=\"noopener noreferrer\">Radio Canada International<\/a>, <a title=\"RTS\" href=\"https:\/\/ssrsr.ch\/\" target=\"_blank\" rel=\"noopener noreferrer\">RTS<\/a> (cha\u00eene suisse) et <a title=\"RTBF\" href=\"http:\/\/www.rtbf.be\" target=\"_blank\" rel=\"noopener noreferrer\">RTBF<\/a> (cha\u00eene belge).\u00a0 <!--more--><\/p>\n<p><img decoding=\"async\" src=\"https:\/\/upload.wikimedia.org\/wikipedia\/en\/7\/73\/TOUTV_%28screenshot%29.jpg\" class=\"aligncenter\" alt=\"\" \/><\/p>\n<p>La liste des <a title=\"Liste des \u00e9missions disponibles sur Wikipedia\" href=\"http:\/\/fr.wikipedia.org\/wiki\/TOU.TV#.C3.89missions_disponibles\" target=\"_blank\" rel=\"noopener noreferrer\">\u00e9missions disponibles<\/a> est d\u00e9j\u00e0 longue, et elle promet de s&rsquo;agrandir d&rsquo;ici \u00e0 juin 2010. Au programme, bien s\u00fbr, des \u00e9missions, des reportages, des magazines, des documentaires, mais aussi toutes les s\u00e9ries diffus\u00e9es sur Radio-Canada. Des classiques qu\u00e9b\u00e9cois bien s\u00fbr, comme <a title=\"Les Invincibles sur Radio Canada\" href=\"http:\/\/www.radio-canada.ca\/emissions\/les_invincibles\/\" target=\"_blank\" rel=\"noopener noreferrer\">Les Invincibles<\/a>, mais aussi des grosses s\u00e9ries am\u00e9ricaines, comme <a title=\"Grey's Anatomy sur ABC\" href=\"http:\/\/abc.go.com\/shows\/greys-anatomy\" target=\"_blank\" rel=\"noopener noreferrer\">Grey&rsquo;s Anatomy<\/a>, et m\u00eame du contenu in\u00e9dit comme des webs\u00e9ries. <strong>Le tout en acc\u00e8s gratuit<\/strong>.<\/p>\n<p>La solution est pour l&rsquo;instant en phase b\u00eata. Manque-t-il des fonctionnalit\u00e9s ? Peut-\u00eatre. <strong>Pour l&rsquo;instant, aucune interactivit\u00e9 possible<\/strong>. Impossible de voter, de commenter, d&rsquo;interagir avec les m\u00e9dias sociaux, de proposer de liens&#8230; Manifestement, ces actions devraient \u00eatre possibles par la suite. Il n&rsquo;y a pas de version mobile \u00e0 destination des iPhones (ou des <a title=\"Apple Ipad\" href=\"http:\/\/www.apple.com\/ipad\/\" target=\"_blank\" rel=\"noopener noreferrer\">iPads<\/a>), mais \u00e7a devrait peut-\u00eatre arriver.<\/p>\n<p>Alors, \u00e0 quoi il faut s&rsquo;attendre ? Pour l&rsquo;instant, <strong>le portail fonctionne uniquement via les revenus publicitaires<\/strong> : 30 secondes de publicit\u00e9 avant les vid\u00e9o, des banni\u00e8res sur le site Internet, de la publicit\u00e9 partout. Le contenu, lui reste gratuit. Pour l&rsquo;instant. Car les <a title=\"Article de Canoe.ca\" href=\"http:\/\/www.canoe.com\/techno\/nouvelles\/archives\/2010\/01\/20100127-103435.html\" target=\"_blank\" rel=\"noopener noreferrer\">diff\u00e9rents<\/a> <a title=\"Article de Patrick Dion\" href=\"https:\/\/web.archive.org\/web\/20100130000507\/http:\/\/techno.ca.msn.com:80\/conseils\/article.aspx?cp-documentid=23334048\" target=\"_blank\" rel=\"noopener noreferrer\">articles<\/a> parus depuis sur la toile n&rsquo;oublie pas de relayer la d\u00e9claration du vice-pr\u00e9sident de Radio-Canada selon laquelle il n&rsquo;y a aucune garantie que le service reste gratuit.<\/p>\n<p>Le r\u00e9sultat est fantastique. Je ne parle pas du portail, mais de la r\u00e9action publique. Le trafic de <a title=\"Tou.Tv\" href=\"http:\/\/www.tou.tv\" target=\"_blank\" rel=\"noopener noreferrer\">Tou.Tv<\/a> d\u00e9passe d\u00e9j\u00e0 les attentes originelles. <strong>De quoi donner \u00e0 r\u00e9fl\u00e9chir aux t\u00e9l\u00e9visions de tous les autres pays<\/strong>, o\u00f9 les vid\u00e9os propos\u00e9es par <a title=\"Tou.Tv\" href=\"http:\/\/www.tou.tv\" target=\"_blank\" rel=\"noopener noreferrer\">Tou.Tv<\/a> ne sont pas encore visionnables (seulement 10%, en raison des droits de diffusion).\u00a0 La cha\u00eene nationale belge RTBF a r\u00e9cemment chang\u00e9e son nom en <strong>RTBF.BE<\/strong> pour une orientation plus web. La prise d&rsquo;une direction vers la proposition d&rsquo;une solution vid\u00e9o \u00e9quivalente ? <a title=\"Article de Ecrans.fr\" href=\"http:\/\/www.ecrans.fr\/Le-Quebec-tente-le-tout-pour-le,9055.html\" target=\"_blank\" rel=\"noopener noreferrer\">Ecrans.fr<\/a>, un site du journal Lib\u00e9ration, pr\u00e9sente <a title=\"Tou.Tv\" href=\"http:\/\/www.tou.tv\" target=\"_blank\" rel=\"noopener noreferrer\">Tou.Tv<\/a> en imaginant l&rsquo;\u00e9quivalent que pourrait proposer France T\u00e9l\u00e9visions&#8230; L&rsquo;attente est <em>vraiment<\/em> l\u00e0.<\/p>\n<p>Sur Internet, les esprits s&rsquo;\u00e9chauffent vite : <strong>est-ce le d\u00e9but de la fin de la t\u00e9l\u00e9vision traditionnelle ?<\/strong> Il n&rsquo;existe pas encore de r\u00e9ponse pr\u00e9cise \u00e0 cette question. Ce qui est certain, c&rsquo;est qu&rsquo;il existe un pan de la population qui utilise le web pour regarder la t\u00e9l\u00e9vision, <a title=\"Mon article sur les s\u00e9ries gratuites en ligne\" href=\"https:\/\/hespel.fr\/?p=72\" target=\"_blank\" rel=\"noopener noreferrer\">moi le premier<\/a> pour certaines s\u00e9ries que je ne verrais pas autrement, et qu&rsquo;une solution l\u00e9gale et pratique ne peut qu&rsquo;int\u00e9resser.<\/p>\n<p><strong>Pourra-t-on regarder Tou.Tv sur l&rsquo;iPad ? Je ne vois pas comment en l&rsquo;\u00e9tat actuel des choses, vu que le portail de Radio-Canada n&rsquo;utilise que du Flash, ce que ne supporte pas l&rsquo;iPad. Par contre, sur un netbook, c&rsquo;est d\u00e9j\u00e0 un moyen de regarder ses \u00e9missions de t\u00e9l\u00e9vision partout, et ce gratuitement. Enfin, partout&#8230; C&rsquo;est l&rsquo;objectif de Radio-Canada, qui esp\u00e8re proposer une plus grande partie de son catalogue \u00e0 une plus grande partie de la plan\u00e8te dans un futur proche. Et gratuitement&#8230; Pour l&rsquo;instant ! Alors profitez-en !<\/strong><\/p>\n","protected":false},"excerpt":{"rendered":"<p>L&rsquo;actualit\u00e9 a \u00e9t\u00e9 tr\u00e8s riche la semaine pass\u00e9e, entre la pr\u00e9sentation tr\u00e8s attendue du nouveau concept d&rsquo;Apple, l&rsquo;iPad, et l&rsquo;arriv\u00e9e au Qu\u00e9bec d&rsquo;une solution vid\u00e9o in\u00e9dite en ligne, intitul\u00e9e TOU.TV. Entre les deux sujets, mon coeur balance, lequel allais-je aborder ? Le choix a \u00e9t\u00e9 plus simple que pr\u00e9vu. Du point de vue de la vid\u00e9o, l&rsquo;iPad est tr\u00e8s peu int\u00e9ressant. Certes, il joue les vid\u00e9os de Youtube, et en HD s&rsquo;il vous plait, mais ne poss\u00e8de pas de webcam, ni de solution pour \u00eatre interfac\u00e9 avec un quelconque p\u00e9riph\u00e9rique vid\u00e9o, puisqu&rsquo;il est d\u00e9pourvu de port USB ou de lecteur de cartes. Reste TOU.TV.<\/p>\n","protected":false},"author":2,"featured_media":0,"comment_status":"open","ping_status":"open","sticky":false,"template":"","format":"standard","meta":{"jetpack_post_was_ever_published":false,"footnotes":""},"categories":[4,6,7],"tags":[35,133,145,148,156,169,184,267,269,285,286,289,324,325,335,347,637,366,377],"class_list":["post-114","post","type-post","status-publish","format-standard","hentry","category-non-classe","category-video","category-web","tag-apple","tag-france-television","tag-greys-anatomy","tag-hd","tag-hulu","tag-ipad","tag-les-invincibles","tag-quebec","tag-radio-canada","tag-rtbf","tag-rtbf-be","tag-sd","tag-tou","tag-tou-tv","tag-tv","tag-usb","tag-video","tag-webcam","tag-youtube"],"aioseo_notices":[],"jetpack_featured_media_url":"","jetpack_shortlink":"https:\/\/wp.me\/p97UKg-1Q","jetpack-related-posts":[{"id":195,"url":"https:\/\/hespel.fr\/?p=195","url_meta":{"origin":114,"position":0},"title":"Les Temps Modernes ou l&rsquo;Archos 70it","author":"R. Hespel","date":"novembre 26, 2010","format":false,"excerpt":"S'il y a bien un cadeau qui va se retrouver sous bon nombre de sapins cette fin d'ann\u00e9e 2010, c'est la tablette. Apple a frapp\u00e9 fort en lan\u00e7ant une mouvance avec son iPad, mais depuis peu, le march\u00e9 bouge beaucoup et \u00e9volue dans le bon sens. L'iPad avait deux inconv\u00e9nients\u2026","rel":"","context":"Dans &quot;Nouvelles technologies&quot;","block_context":{"text":"Nouvelles technologies","link":"https:\/\/hespel.fr\/?cat=5"},"img":{"alt_text":"","src":"https:\/\/i0.wp.com\/hespel.fr\/wp-content\/uploads\/2010\/11\/Iarchos-70-it-back.jpg?resize=350%2C200&ssl=1","width":350,"height":200,"srcset":"https:\/\/i0.wp.com\/hespel.fr\/wp-content\/uploads\/2010\/11\/Iarchos-70-it-back.jpg?resize=350%2C200&ssl=1 1x, https:\/\/i0.wp.com\/hespel.fr\/wp-content\/uploads\/2010\/11\/Iarchos-70-it-back.jpg?resize=525%2C300&ssl=1 1.5x"},"classes":[]},{"id":182,"url":"https:\/\/hespel.fr\/?p=182","url_meta":{"origin":114,"position":1},"title":"La Firme ou TV5MONDE + Cin\u00e9ma","author":"R. Hespel","date":"mai 18, 2010","format":false,"excerpt":"C'est \u00e0 l'occasion du Festival de Cannes 2010 qu'est n\u00e9e la 1\u00e8re offre internationale des cin\u00e9mas francophones \u00e0 la demande : TV5 lance TV5 MONDE + Cin\u00e9ma, qui propose de louer ou d'acheter des films francophones (donc de France, de Belgique, du Qu\u00e9bec, ...). L'initiative est int\u00e9ressante, puisqu'il est vrai\u2026","rel":"","context":"Dans &quot;Cinema&quot;","block_context":{"text":"Cinema","link":"https:\/\/hespel.fr\/?cat=3"},"img":{"alt_text":"","src":"","width":0,"height":0},"classes":[]},{"id":4783,"url":"https:\/\/hespel.fr\/?p=4783","url_meta":{"origin":114,"position":2},"title":"GoldenEye ou faire du live streaming en 2020","author":"R. Hespel","date":"juillet 8, 2020","format":false,"excerpt":"On me demande souvent comment capter un \u00e9v\u00e9nement en direct et le diffuser en simultan\u00e9 sur Internet. Depuis 2009, ann\u00e9e \u00e0 partir de laquelle j'ai commenc\u00e9 \u00e0 exp\u00e9rimenter sur le sujet, les choses ont beaucoup \u00e9volu\u00e9es. A l'\u00e9poque, mon mat\u00e9riel de pr\u00e9dilection \u00e9tait une cam\u00e9ra professionnelle reli\u00e9e \u00e0 un ordinateur\u2026","rel":"","context":"Dans &quot;Nouvelles technologies&quot;","block_context":{"text":"Nouvelles technologies","link":"https:\/\/hespel.fr\/?cat=5"},"img":{"alt_text":"","src":"https:\/\/i0.wp.com\/hespel.fr\/wp-content\/uploads\/2020\/07\/CanonEOSwebcamUtility-1024x767.jpg?resize=350%2C200&ssl=1","width":350,"height":200,"srcset":"https:\/\/i0.wp.com\/hespel.fr\/wp-content\/uploads\/2020\/07\/CanonEOSwebcamUtility-1024x767.jpg?resize=350%2C200&ssl=1 1x, https:\/\/i0.wp.com\/hespel.fr\/wp-content\/uploads\/2020\/07\/CanonEOSwebcamUtility-1024x767.jpg?resize=525%2C300&ssl=1 1.5x, https:\/\/i0.wp.com\/hespel.fr\/wp-content\/uploads\/2020\/07\/CanonEOSwebcamUtility-1024x767.jpg?resize=700%2C400&ssl=1 2x"},"classes":[]},{"id":134,"url":"https:\/\/hespel.fr\/?p=134","url_meta":{"origin":114,"position":3},"title":"Apparences ou votre brand en vid\u00e9o","author":"R. Hespel","date":"f\u00e9vrier 8, 2010","format":false,"excerpt":"Lors de mon passage au dernier Focus 20, \u00e0 Drummondville, je me suis pos\u00e9 une question simple. Combien de personnes, dans la salle, communiquent par vid\u00e9o ? Le Focus 20 est un r\u00e9seau de professionnels du Web et de chefs d'entreprise exploitant ou souhaitant exploiter des applications Web 2.0 pour\u2026","rel":"","context":"Dans &quot;R\u00e9flexions&quot;","block_context":{"text":"R\u00e9flexions","link":"https:\/\/hespel.fr\/?cat=4"},"img":{"alt_text":"","src":"","width":0,"height":0},"classes":[]},{"id":287,"url":"https:\/\/hespel.fr\/?p=287","url_meta":{"origin":114,"position":4},"title":"Les 7 Samoura\u00efs ou de nouvelles webs\u00e9ries","author":"R. Hespel","date":"juin 10, 2012","format":false,"excerpt":"J'ai par le pass\u00e9 (il y a plus de deux ans !) dress\u00e9 un constat assez d\u00e9sabus\u00e9 de la cr\u00e9ation vid\u00e9o pour le web, notamment des webs\u00e9ries. J'ai depuis fait quelques d\u00e9couvertes, comme Le Visiteur du Futur ou En Audition avec Simon qui, si elles ne reprenaient pas mes id\u00e9es\u2026","rel":"","context":"Dans &quot;R\u00e9flexions&quot;","block_context":{"text":"R\u00e9flexions","link":"https:\/\/hespel.fr\/?cat=4"},"img":{"alt_text":"","src":"https:\/\/i0.wp.com\/img.youtube.com\/vi\/wrM53tIktwA\/0.jpg?resize=350%2C200","width":350,"height":200},"classes":[]},{"id":61,"url":"https:\/\/hespel.fr\/?p=61","url_meta":{"origin":114,"position":5},"title":"The Truman Show ou la diffusion en direct","author":"R. Hespel","date":"d\u00e9cembre 7, 2009","format":false,"excerpt":"Diffuser une vid\u00e9o en direct sur Internet n'est aujourd'hui plus si complexe et il m'a sembl\u00e9 opportun, \u00e0 la veille de la diffusion de l'IdentityCamp, de faire le point sur les diff\u00e9rentes plateformes existantes et sur leurs possibilit\u00e9s. Je vais commencer par les solutions les plus faciles \u00e0 utiliser et\u2026","rel":"","context":"Dans &quot;Nouvelles technologies&quot;","block_context":{"text":"Nouvelles technologies","link":"https:\/\/hespel.fr\/?cat=5"},"img":{"alt_text":"","src":"","width":0,"height":0},"classes":[]}],"_links":{"self":[{"href":"https:\/\/hespel.fr\/index.php?rest_route=\/wp\/v2\/posts\/114","targetHints":{"allow":["GET"]}}],"collection":[{"href":"https:\/\/hespel.fr\/index.php?rest_route=\/wp\/v2\/posts"}],"about":[{"href":"https:\/\/hespel.fr\/index.php?rest_route=\/wp\/v2\/types\/post"}],"author":[{"embeddable":true,"href":"https:\/\/hespel.fr\/index.php?rest_route=\/wp\/v2\/users\/2"}],"replies":[{"embeddable":true,"href":"https:\/\/hespel.fr\/index.php?rest_route=%2Fwp%2Fv2%2Fcomments&post=114"}],"version-history":[{"count":7,"href":"https:\/\/hespel.fr\/index.php?rest_route=\/wp\/v2\/posts\/114\/revisions"}],"predecessor-version":[{"id":56605,"href":"https:\/\/hespel.fr\/index.php?rest_route=\/wp\/v2\/posts\/114\/revisions\/56605"}],"wp:attachment":[{"href":"https:\/\/hespel.fr\/index.php?rest_route=%2Fwp%2Fv2%2Fmedia&parent=114"}],"wp:term":[{"taxonomy":"category","embeddable":true,"href":"https:\/\/hespel.fr\/index.php?rest_route=%2Fwp%2Fv2%2Fcategories&post=114"},{"taxonomy":"post_tag","embeddable":true,"href":"https:\/\/hespel.fr\/index.php?rest_route=%2Fwp%2Fv2%2Ftags&post=114"}],"curies":[{"name":"wp","href":"https:\/\/api.w.org\/{rel}","templated":true}]}}