{"id":108,"date":"2010-01-25T19:44:47","date_gmt":"2010-01-26T00:44:47","guid":{"rendered":"http:\/\/rhespel.perso.sfr.fr\/?p=108"},"modified":"2018-04-20T13:31:03","modified_gmt":"2018-04-20T11:31:03","slug":"rec%c2%b2-ou-le-kodak-zi8-avec-un-netbook","status":"publish","type":"post","link":"https:\/\/hespel.fr\/?p=108","title":{"rendered":"[Rec]\u00b2 ou le Kodak Zi8 avec un Netbook"},"content":{"rendered":"<p>Apr\u00e8s ma pr\u00e9sentation de la <strong>Kodak Zi8<\/strong> la semaine derni\u00e8re, j&rsquo;ai souhait\u00e9 aborder la cam\u00e9ra de poche dans un angle plus pratique. Du point de vue de la mobilit\u00e9, l&rsquo;engin de Kodak est parfait. On le glisse dans sa poche et il se fait vite oublier. Mais si on est souvent en mouvement, <strong>on arrive vite \u00e0 avoir besoin d&rsquo;un ordinateur<\/strong> : il faut pouvoir vider ses cartes m\u00e9moires, visionner les vid\u00e9os pour les trier&#8230; Voil\u00e0 pourquoi j&rsquo;en viens \u00e0 parler de netbook.<!--more--><\/p>\n<p><a title=\"Netbook on Wikipedia\" href=\"http:\/\/en.wikipedia.org\/wiki\/Netbook\" target=\"_blank\">Le netbook<\/a> n&rsquo;a pas vraiment de d\u00e9finition propre. C&rsquo;est un mini-ordinateur, dont la diagonale d&rsquo;\u00e9cran va aujourd&rsquo;hui de 7 \u00e0 12 pouces, au prix bas qui le classe dans la cat\u00e9gorie lowcost. Pas de processeur Intel derni\u00e8re g\u00e9n\u00e9ration ni de carte graphique haut de gamme, non, <strong>le netbook a au d\u00e9part pour principe de permettre de se connecter partout \u00e0 Internet<\/strong> pour du surf lambda et pour v\u00e9rifier ses mails.<\/p>\n<p>Si le concept de d\u00e9part a depuis \u00e9volu\u00e9, la taille des \u00e9crans s&rsquo;approchant de plus en plus d&rsquo;un ordinateur portable traditionnel, il n&rsquo;en reste pas moins qu&rsquo;<strong>un netbook peut s&rsquo;av\u00e9rer \u00eatre un compagnon de choix pour un photographe ou un vid\u00e9aste<\/strong>. Ils disposent tous d&rsquo;un port pour cartes multim\u00e9dias, d&rsquo;un espace disque suffisant pour y copier ses cr\u00e9ations, et de la possibilit\u00e9 de se connecter \u00e0 Internet pour uploader ses cr\u00e9ations, tout en \u00e9tant suffisamment compact pour \u00eatre emport\u00e9 partout \u00e0 travers le monde.<\/p>\n<p>Si le <a title=\"Medion Akoya unboxed on Slashgear\" href=\"http:\/\/www.slashgear.com\/medion-akoya-mini-e1210-unboxed-0112340\/\" target=\"_blank\">Medion Akoya<\/a> que j&rsquo;utilise, clone du MSI Wind, ne poss\u00e8de que les qualit\u00e9s de base, les derniers netbook en date ont une autonomie de folie (jusqu&rsquo;\u00e0 plus de 10h sur une seule charge !), et <strong>certains permettent m\u00eame d&rsquo;afficher une vid\u00e9o en 1080p<\/strong> sans broncher, gr\u00e2ce au chipset ION de Nvidia. Le mat\u00e9riel parfait pour transf\u00e9rer les vid\u00e9os r\u00e9alis\u00e9es avec une cam\u00e9ra de poche telle que la Kodak Zi8 et les visionner pour effectuer un premier tri.<\/p>\n<p>Par contre, limit\u00e9 par leurs processeurs Intel (N270, N280, Z520 ou les derniers Pinetrail), <strong>les netbooks ne sont actuellement en aucun cas une solution de montage vid\u00e9o cr\u00e9dible<\/strong>. Une solution d&rsquo;appoint, peut-\u00eatre, mais rien de plus. Si Adobe Premiere Pro 2 se lance sans soucis, tout montage un tant soit peu \u00e9labor\u00e9 ralentira jusqu&rsquo;\u00e0 faire souffrir l&rsquo;ordinateur. Et c&rsquo;est sans compter la taille de l&rsquo;\u00e9cran, qui ne permet pas vraiment d&rsquo;afficher dans de bonnes conditions l&rsquo;interface souvent charg\u00e9e d&rsquo;un logiciel de montage.<\/p>\n<p><strong>Il n&rsquo;en reste pas moins que le couple cam\u00e9ra de poche \/ netbook convient parfaitement \u00e0 mes objectifs de mobilit\u00e9. Parfait pour partir en voyages ! Et comme <a title=\"Netbook &amp; Kodak Zi8 sur Yahoo Vid\u00e9o\" href=\"https:\/\/www.flickr.com\/photos\/rhespel\/10593803406\/in\/dateposted\/\" target=\"_blank\">une vid\u00e9o<\/a> en dit souvent bien plus long qu&rsquo;un texte, en voici une petite r\u00e9alis\u00e9e pour l&rsquo;occasion :<\/strong><\/p>\n<p><object type=\"application\/x-shockwave-flash\" width=\"800\" height=\"450\" data=\"http:\/\/www.flickr.com\/apps\/video\/stewart.swf?v=137118\" classid=\"clsid:D27CDB6E-AE6D-11cf-96B8-444553540000\"><param name=\"flashvars\" value=\"intl_lang=fr-fr&#038;photo_secret=0c4693649d&#038;photo_id=10593803406\"><\/param><param name=\"movie\" value=\"http:\/\/www.flickr.com\/apps\/video\/stewart.swf?v=137118\"><\/param><param name=\"bgcolor\" value=\"#000000\"><\/param><param name=\"allowFullScreen\" value=\"true\"><\/param><\/object><\/p>\n<p><em>Je n&rsquo;en ai pas parl\u00e9, mais la branchant au netbook via son c\u00e2ble USB fourni, on peut aussi recharger la Kodak Zi8. Plus de probl\u00e8me d&rsquo;autonomie !<\/em><\/p>\n","protected":false},"excerpt":{"rendered":"<p>Apr\u00e8s ma pr\u00e9sentation de la Kodak Zi8 la semaine derni\u00e8re, j&rsquo;ai souhait\u00e9 aborder la cam\u00e9ra de poche dans un angle plus pratique. Du point de vue de la mobilit\u00e9, l&rsquo;engin de Kodak est parfait. On le glisse dans sa poche et il se fait vite oublier. Mais si on est souvent en mouvement, on arrive vite \u00e0 avoir besoin d&rsquo;un ordinateur : il faut pouvoir vider ses cartes m\u00e9moires, visionner les vid\u00e9os pour les trier&#8230; Voil\u00e0 pourquoi j&rsquo;en viens \u00e0 parler de netbook.<\/p>\n","protected":false},"author":2,"featured_media":0,"comment_status":"open","ping_status":"open","sticky":false,"template":"","format":"standard","meta":{"jetpack_post_was_ever_published":false,"footnotes":""},"categories":[5,4,6],"tags":[9,27,82,103,104,109,116,148,168,177,205,210,215,218,223,228,230,289,347,348,637,371,377,379],"class_list":["post-108","post","type-post","status-publish","format-standard","hentry","category-nouvelles-technologies","category-non-classe","category-video","tag-1080p","tag-akoya","tag-chipset","tag-diffusion","tag-direct","tag-e1210","tag-facebook","tag-hd","tag-ion","tag-kodak","tag-medion","tag-mini","tag-montage","tag-msi","tag-netbook","tag-nvidia","tag-ordinateur","tag-sd","tag-usb","tag-ustream","tag-video","tag-wind","tag-youtube","tag-zi8"],"aioseo_notices":[],"jetpack_featured_media_url":"","jetpack_shortlink":"https:\/\/wp.me\/p97UKg-1K","jetpack-related-posts":[{"id":171,"url":"https:\/\/hespel.fr\/?p=171","url_meta":{"origin":108,"position":0},"title":"Mrs Doubtfire ou une cam\u00e9ra dans toutes les poches","author":"R. Hespel","date":"mars 29, 2010","format":false,"excerpt":"C'est \u00e0 l'occasion d'une promotion sur le site de Dell Canada la semaine pass\u00e9e qu'on m'a demand\u00e9 pour la premi\u00e8re fois, de fa\u00e7on directe, des conseils sur une cam\u00e9ra de poche. Les cam\u00e9ras de poche, j'en ai d\u00e9j\u00e0 parl\u00e9 avant sur ce blog. J'ai largement explor\u00e9 ce nouveau petit monde\u2026","rel":"","context":"Dans &quot;Nouvelles technologies&quot;","block_context":{"text":"Nouvelles technologies","link":"https:\/\/hespel.fr\/?cat=5"},"img":{"alt_text":"","src":"https:\/\/i0.wp.com\/hespel.fr\/wp-content\/uploads\/2010\/03\/937_0811.jpg?resize=350%2C200&ssl=1","width":350,"height":200,"srcset":"https:\/\/i0.wp.com\/hespel.fr\/wp-content\/uploads\/2010\/03\/937_0811.jpg?resize=350%2C200&ssl=1 1x, https:\/\/i0.wp.com\/hespel.fr\/wp-content\/uploads\/2010\/03\/937_0811.jpg?resize=525%2C300&ssl=1 1.5x, https:\/\/i0.wp.com\/hespel.fr\/wp-content\/uploads\/2010\/03\/937_0811.jpg?resize=700%2C400&ssl=1 2x"},"classes":[]},{"id":92,"url":"https:\/\/hespel.fr\/?p=92","url_meta":{"origin":108,"position":1},"title":"[Rec] ou une pr\u00e9sentation du Kodak Zi8","author":"R. Hespel","date":"janvier 18, 2010","format":false,"excerpt":"La Kodak Zi8 n'a rien de nouveau. Sortie au mois de septembre 2009, le mod\u00e8le est d\u00e9j\u00e0 \u00e2g\u00e9 de 4 mois ; une \u00e9ternit\u00e9, tant dans le monde de la vid\u00e9o que dans celui des nouvelles technologies. Pourtant, ses concurrents se comptent encore sur les doigts d'une seule main et\u2026","rel":"","context":"Dans &quot;Nouvelles technologies&quot;","block_context":{"text":"Nouvelles technologies","link":"https:\/\/hespel.fr\/?cat=5"},"img":{"alt_text":"","src":"https:\/\/i0.wp.com\/hespel.fr\/wp-content\/uploads\/2010\/01\/IMG_3522-300x225.jpg?resize=350%2C200","width":350,"height":200},"classes":[]},{"id":204,"url":"https:\/\/hespel.fr\/?p=204","url_meta":{"origin":108,"position":2},"title":"La Fin des Temps ou les cam\u00e9ras Flip","author":"R. Hespel","date":"avril 13, 2011","format":false,"excerpt":"Les cam\u00e9ras de poche - ou pocket cameras - ont d\u00e9j\u00e0 eu leur moment de gloire sur ce blog. J'ai cru d\u00e8s le d\u00e9but et crois toujours fortement au concept, que j'ai moi-m\u00eame illustr\u00e9 avec la Kodak Zi8. Lors de son achat, j'avais longtemps tergivers\u00e9 entre ce mod\u00e8le et le\u2026","rel":"","context":"Dans &quot;Nouvelles technologies&quot;","block_context":{"text":"Nouvelles technologies","link":"https:\/\/hespel.fr\/?cat=5"},"img":{"alt_text":"Flip Mino HD","src":"https:\/\/i0.wp.com\/live.staticflickr.com\/3012\/3026387619_68050f397f_o.jpg?resize=350%2C200&ssl=1","width":350,"height":200},"classes":[]},{"id":177,"url":"https:\/\/hespel.fr\/?p=177","url_meta":{"origin":108,"position":3},"title":"Suspicion ou choisir son vid\u00e9aste","author":"R. Hespel","date":"avril 28, 2010","format":false,"excerpt":"Essayer de conseiller comment choisir son vid\u00e9aste quand on vend soi-m\u00eame ses services comme tel, cela peut para\u00eetre vain. Pourtant, mon but n'est pas ici de vous inviter \u00e0 m'engager mais plut\u00f4t de vous \u00e9viter de tomber sur un charlatan. Il en existe dans tous les domaines et il s'agit\u2026","rel":"","context":"Dans &quot;R\u00e9flexions&quot;","block_context":{"text":"R\u00e9flexions","link":"https:\/\/hespel.fr\/?cat=4"},"img":{"alt_text":"","src":"","width":0,"height":0},"classes":[]},{"id":776,"url":"https:\/\/hespel.fr\/?p=776","url_meta":{"origin":108,"position":4},"title":"Volte\/Face ou la vid\u00e9o \u00e0 360\u00b0","author":"R. Hespel","date":"mars 31, 2017","format":false,"excerpt":"Comment d\u00e9buter avec une cam\u00e9ra 360 ? J'en ai parl\u00e9 en d\u00e9but d'ann\u00e9e, \u00e0 mon sens, le 360\u00b0 sera l'une des tendances fortes de l'ann\u00e9e. Les g\u00e9ants du web supportent tous d\u00e9j\u00e0 ce format (et m\u00eame le direct en 360\u00b0), les outils de r\u00e9alit\u00e9 virtuelle se d\u00e9mocratisent et les cam\u00e9ras\u2026","rel":"","context":"Dans &quot;Nouvelles technologies&quot;","block_context":{"text":"Nouvelles technologies","link":"https:\/\/hespel.fr\/?cat=5"},"img":{"alt_text":"","src":"https:\/\/i0.wp.com\/hespel.fr\/wp-content\/uploads\/2017\/03\/lg360cam.jpg?resize=350%2C200","width":350,"height":200},"classes":[]},{"id":146,"url":"https:\/\/hespel.fr\/?p=146","url_meta":{"origin":108,"position":5},"title":"Les Incorruptibles ou filmer avec un DSLR","author":"R. Hespel","date":"f\u00e9vrier 15, 2010","format":false,"excerpt":"J'ai beaucoup parl\u00e9 du Kodak Zi8 ces derniers temps, une solution parfaite pour de la vid\u00e9o mobile, \u00e0 peu de frais. Mais qu'en est-il des DSLR, ces appareils photos capables de filmer en HD ? En me basant sur mon exp\u00e9rience lors de la captation du show The Art Of\u2026","rel":"","context":"Dans &quot;R\u00e9flexions&quot;","block_context":{"text":"R\u00e9flexions","link":"https:\/\/hespel.fr\/?cat=4"},"img":{"alt_text":"The Art Of Performing Oral Sex","src":"https:\/\/i0.wp.com\/hespel.fr\/wp-content\/uploads\/2010\/02\/ecbimcoanchidcif.jpg?resize=350%2C200&ssl=1","width":350,"height":200},"classes":[]}],"_links":{"self":[{"href":"https:\/\/hespel.fr\/index.php?rest_route=\/wp\/v2\/posts\/108","targetHints":{"allow":["GET"]}}],"collection":[{"href":"https:\/\/hespel.fr\/index.php?rest_route=\/wp\/v2\/posts"}],"about":[{"href":"https:\/\/hespel.fr\/index.php?rest_route=\/wp\/v2\/types\/post"}],"author":[{"embeddable":true,"href":"https:\/\/hespel.fr\/index.php?rest_route=\/wp\/v2\/users\/2"}],"replies":[{"embeddable":true,"href":"https:\/\/hespel.fr\/index.php?rest_route=%2Fwp%2Fv2%2Fcomments&post=108"}],"version-history":[{"count":7,"href":"https:\/\/hespel.fr\/index.php?rest_route=\/wp\/v2\/posts\/108\/revisions"}],"predecessor-version":[{"id":992,"href":"https:\/\/hespel.fr\/index.php?rest_route=\/wp\/v2\/posts\/108\/revisions\/992"}],"wp:attachment":[{"href":"https:\/\/hespel.fr\/index.php?rest_route=%2Fwp%2Fv2%2Fmedia&parent=108"}],"wp:term":[{"taxonomy":"category","embeddable":true,"href":"https:\/\/hespel.fr\/index.php?rest_route=%2Fwp%2Fv2%2Fcategories&post=108"},{"taxonomy":"post_tag","embeddable":true,"href":"https:\/\/hespel.fr\/index.php?rest_route=%2Fwp%2Fv2%2Ftags&post=108"}],"curies":[{"name":"wp","href":"https:\/\/api.w.org\/{rel}","templated":true}]}}