{"id":104365,"date":"2025-10-16T19:14:56","date_gmt":"2025-10-16T17:14:56","guid":{"rendered":"https:\/\/hespel.fr\/?p=104365"},"modified":"2025-10-24T10:41:40","modified_gmt":"2025-10-24T08:41:40","slug":"the-conversation-ou-le-dji-mic-mini","status":"publish","type":"post","link":"https:\/\/hespel.fr\/?p=104365","title":{"rendered":"The Conversation ou le DJI Mic Mini"},"content":{"rendered":"<p>Oui, je sais, le <a href=\"https:\/\/store.dji.com\/be\/product\/dji-mic-3?vid=197721\" rel=\"noopener\" target=\"_blank\">DJI Mic 3<\/a> vient de sortir et voil\u00e0 seulement que je vous parle du <a href=\"https:\/\/www.dji.com\/be\/mic-mini\" rel=\"noopener\" target=\"_blank\">DJI Mic Mini<\/a>, sorti l&rsquo;ann\u00e9e derni\u00e8re. <\/p>\n<p>Qu&rsquo;est-ce qui m&rsquo;a pris de soudainement m&rsquo;int\u00e9resser au DJI Mic Mini ? Tout a commenc\u00e9 avec cette vid\u00e9o, dans laquelle Nigel explique qu&rsquo;apr\u00e8s de nombreuses ann\u00e9es \u00e0 travailler dans l&rsquo;audiovisuel, il a finalement abandonn\u00e9 son fid\u00e8le couple de micros sans-fil Sennheiser pour passer \u00e0 un DJI Mic Mini, et que ce dernier fonctionne aussi bien, sans les inconv\u00e9nients de son ancienne solution. J&rsquo;avoue, \u00e7a m&rsquo;a intrigu\u00e9.<!--more--><\/p>\n<div class=\"jetpack-video-wrapper\"><span class=\"embed-youtube\" style=\"text-align:center; display: block;\"><iframe loading=\"lazy\" class=\"youtube-player\" width=\"780\" height=\"439\" src=\"https:\/\/www.youtube.com\/embed\/GMvwpCiTdfg?version=3&#038;rel=1&#038;showsearch=0&#038;showinfo=1&#038;iv_load_policy=1&#038;fs=1&#038;hl=fr-FR&#038;autohide=2&#038;wmode=transparent\" allowfullscreen=\"true\" style=\"border:0;\" sandbox=\"allow-scripts allow-same-origin allow-popups allow-presentation allow-popups-to-escape-sandbox\"><\/iframe><\/span><\/div>\n<p>J&rsquo;utilise moi-m\u00eame depuis de nombreuses ann\u00e9es un duo de micros sans-fil Sennheiser et si j&rsquo;en ai toujours \u00e9t\u00e9 globalement satisfait, j&rsquo;ai parfois rencontr\u00e9 quelques soucis. Micro qui frotte au moindre mouvement, piles qui tombent \u00e0 plat de mani\u00e8re intempestive, parasites, je me suis m\u00eame d\u00e9j\u00e0 retrouv\u00e9 sur la m\u00eame fr\u00e9quence que des talkies-walkies. Et \u00e7a, c&rsquo;est sans compter l&rsquo;obsolescence du micro, dont les c\u00e2bles et les antennes s&rsquo;ab\u00eement en quelques ann\u00e9es (certains diront mois), obligeant \u00e0 remplacer le micro lavalier, voire l&rsquo;\u00e9metteur tout entier. \u00c7a devient vite un budget.<\/p>\n<figure id=\"attachment_104369\" aria-describedby=\"caption-attachment-104369\" style=\"width: 780px\" class=\"wp-caption aligncenter\"><a href=\"https:\/\/hespel.fr\/wp-content\/uploads\/2025\/09\/DSC02113.jpg\"><img loading=\"lazy\" decoding=\"async\" data-attachment-id=\"104369\" data-permalink=\"https:\/\/hespel.fr\/?attachment_id=104369\" data-orig-file=\"https:\/\/hespel.fr\/wp-content\/uploads\/2025\/09\/DSC02113.jpg\" data-orig-size=\"1920,1280\" data-comments-opened=\"1\" data-image-meta=\"{&quot;aperture&quot;:&quot;4&quot;,&quot;credit&quot;:&quot;&quot;,&quot;camera&quot;:&quot;ILCE-6500&quot;,&quot;caption&quot;:&quot;&quot;,&quot;created_timestamp&quot;:&quot;1757333673&quot;,&quot;copyright&quot;:&quot;&quot;,&quot;focal_length&quot;:&quot;18&quot;,&quot;iso&quot;:&quot;800&quot;,&quot;shutter_speed&quot;:&quot;0.00625&quot;,&quot;title&quot;:&quot;&quot;,&quot;orientation&quot;:&quot;1&quot;}\" data-image-title=\"DSC02113\" data-image-description=\"\" data-image-caption=\"&lt;p&gt;Mon Sennheiser, qui a d\u00e9j\u00e0 bien v\u00e9cu.&lt;\/p&gt;\n\" data-large-file=\"https:\/\/hespel.fr\/wp-content\/uploads\/2025\/09\/DSC02113-1024x683.jpg\" src=\"https:\/\/hespel.fr\/wp-content\/uploads\/2025\/09\/DSC02113-1024x683.jpg\" alt=\"\" width=\"780\" height=\"520\" class=\"size-large wp-image-104369\" srcset=\"https:\/\/hespel.fr\/wp-content\/uploads\/2025\/09\/DSC02113-1024x683.jpg 1024w, https:\/\/hespel.fr\/wp-content\/uploads\/2025\/09\/DSC02113-300x200.jpg 300w, https:\/\/hespel.fr\/wp-content\/uploads\/2025\/09\/DSC02113-768x512.jpg 768w, https:\/\/hespel.fr\/wp-content\/uploads\/2025\/09\/DSC02113-1536x1024.jpg 1536w, https:\/\/hespel.fr\/wp-content\/uploads\/2025\/09\/DSC02113.jpg 1920w\" sizes=\"auto, (max-width: 780px) 100vw, 780px\" \/><\/a><figcaption id=\"caption-attachment-104369\" class=\"wp-caption-text\">Mon Sennheiser, qui a d\u00e9j\u00e0 bien v\u00e9cu.<\/figcaption><\/figure>\n<p>\u00c0 c\u00f4t\u00e9 de \u00e7a, le march\u00e9 a accueilli ces derni\u00e8res ann\u00e9es une vague de micros Bluetooth, pour r\u00e9pondre au besoin d&rsquo;utilisateurs toujours plus mobiles (et principalement d&rsquo;influenceurs) de pouvoir connecter facilement un micro \u00e0 un smartphone. Au d\u00e9part, je n&rsquo;ai accord\u00e9 que peu d&rsquo;int\u00e9r\u00eat \u00e0 ces appareils. Les premiers micros \u00e9taient assez peu qualitatifs et le Bluetooth ne paraissait pas id\u00e9al pour garder un signal constant et sans coupure, ce qui est un peu essentiel quand on enregistre du son.<\/p>\n<p>Mais les propositions sont vite devenues de plus en plus convaincantes, et l&rsquo;arriv\u00e9e d&rsquo;un acteur comme DJI (dont les stabilisateurs et les drones sont d\u00e9j\u00e0 les m\u00e8tres \u00e9talons dans leurs domaines respectifs) sur le march\u00e9 a suffi \u00e0 me faire passer de la curiosit\u00e9 \u00e0 l&rsquo;envie.<\/p>\n<p>De base, j&rsquo;aurais plut\u00f4t opt\u00e9 pour le <a href=\"https:\/\/www.dji.com\/fr\/mic-2\" rel=\"noopener\" target=\"_blank\">DJI Mic 2<\/a>. Une solution int\u00e9ressante \u00e0 plus d&rsquo;un titre, si j&rsquo;en crois les tests, et qui permet surtout de brancher un micro filaire pour ne pas d\u00e9pendre uniquement de la capsule DJI. Notez que le <a href=\"https:\/\/www.dji.com\/fr\/mic-3\" rel=\"noopener\" target=\"_blank\">DJI Mic 3<\/a> ne dispose plus de cette entr\u00e9e mini-jack, sans doute parce que le public premier (= les influenceurs) ne l&rsquo;utilisait que rarement. Sorti entre les deux, le DJI Mic Mini se veut une solution plus abordable, minimaliste, mais avec quelques atouts.<\/p>\n<p><a href=\"https:\/\/hespel.fr\/wp-content\/uploads\/2025\/09\/DjiMic_comparaison.jpg\"><img loading=\"lazy\" decoding=\"async\" data-attachment-id=\"104367\" data-permalink=\"https:\/\/hespel.fr\/?attachment_id=104367\" data-orig-file=\"https:\/\/hespel.fr\/wp-content\/uploads\/2025\/09\/DjiMic_comparaison.jpg\" data-orig-size=\"830,946\" data-comments-opened=\"1\" data-image-meta=\"{&quot;aperture&quot;:&quot;0&quot;,&quot;credit&quot;:&quot;&quot;,&quot;camera&quot;:&quot;&quot;,&quot;caption&quot;:&quot;Screenshot&quot;,&quot;created_timestamp&quot;:&quot;0&quot;,&quot;copyright&quot;:&quot;&quot;,&quot;focal_length&quot;:&quot;0&quot;,&quot;iso&quot;:&quot;0&quot;,&quot;shutter_speed&quot;:&quot;0&quot;,&quot;title&quot;:&quot;Screenshot&quot;,&quot;orientation&quot;:&quot;1&quot;}\" data-image-title=\"Comparaison DJI Mic\" data-image-description=\"\" data-image-caption=\"\" data-large-file=\"https:\/\/hespel.fr\/wp-content\/uploads\/2025\/09\/DjiMic_comparaison.jpg\" src=\"https:\/\/hespel.fr\/wp-content\/uploads\/2025\/09\/DjiMic_comparaison.jpg\" alt=\"blog.studiosport.fr\" width=\"830\" height=\"946\" class=\"aligncenter size-full wp-image-104367\" srcset=\"https:\/\/hespel.fr\/wp-content\/uploads\/2025\/09\/DjiMic_comparaison.jpg 830w, https:\/\/hespel.fr\/wp-content\/uploads\/2025\/09\/DjiMic_comparaison-263x300.jpg 263w, https:\/\/hespel.fr\/wp-content\/uploads\/2025\/09\/DjiMic_comparaison-768x875.jpg 768w\" sizes=\"auto, (max-width: 830px) 100vw, 830px\" \/><\/a><\/p>\n<p>Plus petit, plus l\u00e9ger, plus autonome&#8230; On perd en praticit\u00e9 (il faut passer par l&rsquo;app DJI Mimo pour faire des r\u00e9glages), fini la m\u00e9moire interne, etc. Mais pour un usage basique, c&rsquo;est d\u00e9j\u00e0 pas mal ! Surtout quand on peut facilement l&rsquo;acqu\u00e9rir pour <strong>cinquante euros<\/strong>. \u00c0 c\u00f4t\u00e9, mon duo Sennheiser vaut plus de 300 euros&#8230; le m\u00eame prix que le DJI Mic 3.<\/p>\n<h3>Sur le terrain<\/h3>\n<p>Mon premier test sur le terrain avec le DJI Mic Mini m&rsquo;a beaucoup d\u00e9\u00e7u. D\u00e8s le branchement, j&rsquo;avais un bourdonnement tr\u00e8s pr\u00e9sent au casque, qui s&rsquo;att\u00e9nuait cependant d\u00e8s que je tenais le r\u00e9cepteur en main dans une certaine position. J&rsquo;ai tout de suite suspect\u00e9 le c\u00e2ble reliant le r\u00e9cepteur \u00e0 mon appareil. Bingo ! Comme on l&rsquo;entend <a href=\"https:\/\/www.youtube.com\/watch?v=yEb7aewS7BM\" rel=\"noopener\" target=\"_blank\">dans cette vid\u00e9o<\/a>, le bourdonnement dispara\u00eet totalement une fois qu&rsquo;on branche un autre c\u00e2ble que celui fourni par DJI. Une honte ? Oui, compl\u00e8tement. <\/p>\n<p>J&rsquo;ai demand\u00e9 un remplacement \u00e0 DJI, qui s&rsquo;est ex\u00e9cut\u00e9 sans faire d&rsquo;histoire (et sans frais, \u00e9videmment). Pas de chance, le nouveau c\u00e2ble qui m&rsquo;a \u00e9t\u00e9 envoy\u00e9 a exactement le m\u00eame probl\u00e8me. Si vous achetez le DJI Mic Mini pour l&rsquo;utiliser branch\u00e9, pr\u00e9voyez donc de racheter un autre c\u00e2ble mini-jack. Le micro peut aussi \u00eatre branch\u00e9 via un adaptateur USB-C sur un smartphone, ou directement en bluetooth. Ce n&rsquo;est pas mon usage, je n&rsquo;ai donc test\u00e9 le micro que branch\u00e9 en mini-jack.<\/p>\n<p><a href=\"https:\/\/hespel.fr\/wp-content\/uploads\/2025\/09\/DJI-cable-scaled.jpg\"><img loading=\"lazy\" decoding=\"async\" data-attachment-id=\"105251\" data-permalink=\"https:\/\/hespel.fr\/?attachment_id=105251\" data-orig-file=\"https:\/\/hespel.fr\/wp-content\/uploads\/2025\/09\/DJI-cable-scaled.jpg\" data-orig-size=\"2560,1552\" data-comments-opened=\"1\" data-image-meta=\"{&quot;aperture&quot;:&quot;0&quot;,&quot;credit&quot;:&quot;&quot;,&quot;camera&quot;:&quot;&quot;,&quot;caption&quot;:&quot;&quot;,&quot;created_timestamp&quot;:&quot;0&quot;,&quot;copyright&quot;:&quot;&quot;,&quot;focal_length&quot;:&quot;0&quot;,&quot;iso&quot;:&quot;0&quot;,&quot;shutter_speed&quot;:&quot;0&quot;,&quot;title&quot;:&quot;&quot;,&quot;orientation&quot;:&quot;1&quot;}\" data-image-title=\"DJI-cable\" data-image-description=\"\" data-image-caption=\"\" data-large-file=\"https:\/\/hespel.fr\/wp-content\/uploads\/2025\/09\/DJI-cable-1024x621.jpg\" src=\"https:\/\/hespel.fr\/wp-content\/uploads\/2025\/09\/DJI-cable-1024x621.jpg\" alt=\"\" width=\"780\" height=\"473\" class=\"aligncenter size-large wp-image-105251\" srcset=\"https:\/\/hespel.fr\/wp-content\/uploads\/2025\/09\/DJI-cable-1024x621.jpg 1024w, https:\/\/hespel.fr\/wp-content\/uploads\/2025\/09\/DJI-cable-300x182.jpg 300w, https:\/\/hespel.fr\/wp-content\/uploads\/2025\/09\/DJI-cable-768x466.jpg 768w, https:\/\/hespel.fr\/wp-content\/uploads\/2025\/09\/DJI-cable-1536x931.jpg 1536w, https:\/\/hespel.fr\/wp-content\/uploads\/2025\/09\/DJI-cable-2048x1242.jpg 2048w\" sizes=\"auto, (max-width: 780px) 100vw, 780px\" \/><\/a><\/p>\n<p>Une fois ces petits probl\u00e8mes r\u00e9solus, j&rsquo;avoue que j&rsquo;ai \u00e9t\u00e9 assez satisfait de mes enregistrements. Le son est bon, suffisamment clair, peut-\u00eatre pas id\u00e9al dans les environnements tr\u00e8s bruyants, mais \u00e7a n&rsquo;a rien d&rsquo;une surprise. La bonnette s&rsquo;est r\u00e9v\u00e9l\u00e9e tr\u00e8s efficace par temps venteux. Au final, le point le plus n\u00e9gatif pour moi n&rsquo;est pas la qualit\u00e9 sonore, mais bien le branding DJI tr\u00e8s pr\u00e9sent sur le micro. Si j&rsquo;avais opt\u00e9 pour le DJI Mic original (ou la 2e version), j&rsquo;aurais pu y brancher un micro lavalier et rendre la marque invisible. Si \u00e7a vous d\u00e9range, c&rsquo;est peut-\u00eatre une piste \u00e0 consid\u00e9rer.<\/p>\n<p>Compar\u00e9 \u00e0 la qualit\u00e9 de mon ancien Sennheiser, le DJI Mic Mini fait un peu grise mine, mais pas autant qu&rsquo;on aurait pu le croire. Dans bien des cas, le DJI Mic Mini donne un r\u00e9sultat satisfaisant, suffisamment pour ne pas me donner envie de le ranger dans un tiroir pour retourner \u00e0 mon Sennheiser. <\/p>\n<div class=\"jetpack-video-wrapper\"><span class=\"embed-youtube\" style=\"text-align:center; display: block;\"><iframe loading=\"lazy\" class=\"youtube-player\" width=\"780\" height=\"439\" src=\"https:\/\/www.youtube.com\/embed\/L1n-GmtY5T4?version=3&#038;rel=1&#038;showsearch=0&#038;showinfo=1&#038;iv_load_policy=1&#038;fs=1&#038;hl=fr-FR&#038;autohide=2&#038;wmode=transparent\" allowfullscreen=\"true\" style=\"border:0;\" sandbox=\"allow-scripts allow-same-origin allow-popups allow-presentation allow-popups-to-escape-sandbox\"><\/iframe><\/span><\/div>\n<p>Ci-dessus, le premier reportage que j&rsquo;ai r\u00e9alis\u00e9 enti\u00e8rement en utilisant le DJI Mic Mini. Depuis, j&rsquo;ai r\u00e9alis\u00e9 une douzaine d&rsquo;interviews avec, sans avoir encore eu besoin de recharger la batterie. Niveau autonomie, je suis donc ravi. Ce qui \u00e9tonne bien souvent les diff\u00e9rents intervenants que je rencontre, ce sont la taille du micro et la facilit\u00e9 avec laquelle on peut l&rsquo;accrocher (gr\u00e2ce \u00e0 sa pince ou son aimant).<\/p>\n<p>Tout d\u00e9pendra de l&rsquo;usage, mais comme l&rsquo;annon\u00e7ait Nigel, on peut donc tout \u00e0 fait remplacer un bon vieux Sennheiser par un DJI Mic Mini. C&rsquo;est d&rsquo;ailleurs ce que je compte faire et continuer de l&rsquo;utiliser sur mes tournages dans les prochains mois. Je ne pense pas \u00eatre le seul dans ce cas&#8230; Notez que Sennheiser doit \u00eatre conscient du probl\u00e8me, puisqu&rsquo;ils ont leur propre concurrent du DJI Mic, le <a href=\"https:\/\/www.sennheiser.com\/fr-be\/catalog\/products\/systeme-sans-fil\/profile-wireless-2-channel-set\/profile-wireless-2-channel-set-700266\" rel=\"noopener\" target=\"_blank\">Sennheiser Profile Wireless<\/a>. Son prix ? 300 euros, environ. Oui, le m\u00eame prix que le DJI Mic 3 ou que mon ancien Sennheiser. Le DJI Mic Mini a donc de beaux jours devant lui.<\/p>\n<p><span class=\"imdbRatingPlugin\" data-user=\"ur22055856\" data-title=\"tt0209144\" data-style=\"p1\"><a href=\"https:\/\/www.imdb.com\/fr\/title\/tt0071360\/?ref_=plg_rt_1\"><img decoding=\"async\" src=\"https:\/\/ia.media-imdb.com\/images\/G\/01\/imdb\/plugins\/rating\/images\/imdb_46x22.png\" alt=\"The Conversation (1974) on IMDb\" \/><br \/>\n<\/a><\/span><script>(function(d,s,id){var js,stags=d.getElementsByTagName(s)[0];if(d.getElementById(id)){return;}js=d.createElement(s);js.id=id;js.src=\"https:\/\/ia.media-imdb.com\/images\/G\/01\/imdb\/plugins\/rating\/js\/rating.js\";stags.parentNode.insertBefore(js,stags);})(document,\"script\",\"imdb-rating-api\");<\/script><\/p>\n","protected":false},"excerpt":{"rendered":"<p>Oui, je sais, le DJI Mic 3 vient de sortir et voil\u00e0 seulement que je vous parle du DJI Mic Mini, sorti l&rsquo;ann\u00e9e derni\u00e8re. Qu&rsquo;est-ce qui m&rsquo;a pris de soudainement m&rsquo;int\u00e9resser au DJI Mic Mini ? Tout a commenc\u00e9 avec cette vid\u00e9o, dans laquelle Nigel explique qu&rsquo;apr\u00e8s de nombreuses ann\u00e9es \u00e0 travailler dans l&rsquo;audiovisuel, il<\/p>\n<footer class=\"entry-footer index-entry\">\n<div class=\"post-social pull-left\"><a href=\"https:\/\/www.facebook.com\/sharer\/sharer.php?u=https%3A%2F%2Fhespel.fr%2F%3Fp%3D104365\" target=\"_blank\" class=\"social-icons\"><i class=\"fa fa-facebook\" aria-hidden=\"true\"><\/i><\/a><a href=\"https:\/\/twitter.com\/home?status=https%3A%2F%2Fhespel.fr%2F%3Fp%3D104365\" target=\"_blank\" class=\"social-icons\"><i class=\"fa fa-twitter\" aria-hidden=\"true\"><\/i><\/a><a href=\"https:\/\/www.linkedin.com\/shareArticle?mini=true&#038;url=https%3A%2F%2Fhespel.fr%2F%3Fp%3D104365&#038;title=The+Conversation+ou+le+DJI+Mic+Mini\" target=\"_blank\" class=\"social-icons\"><i class=\"fa fa-linkedin\" aria-hidden=\"true\"><\/i><\/a><\/div>\n<p class=\"link-more\"><a href=\"https:\/\/hespel.fr\/?p=104365\" class=\"more-link\">Continue reading <span class=\"meta-nav\">\u2192<\/span><\/a><\/p>\n<\/footer>\n","protected":false},"author":3,"featured_media":0,"comment_status":"open","ping_status":"open","sticky":false,"template":"","format":"standard","meta":{"jetpack_post_was_ever_published":false,"footnotes":""},"categories":[5,448,6],"tags":[643,744,745,210,746],"class_list":["post-104365","post","type-post","status-publish","format-standard","hentry","category-nouvelles-technologies","category-tests","category-video","tag-dji","tag-mic","tag-micro","tag-mini","tag-sennheiser"],"aioseo_notices":[],"jetpack_featured_media_url":"","jetpack_shortlink":"https:\/\/wp.me\/p97UKg-r9j","jetpack-related-posts":[{"id":1700,"url":"https:\/\/hespel.fr\/?p=1700","url_meta":{"origin":104365,"position":0},"title":"Ch\u00e9rie, j&rsquo;ai r\u00e9tr\u00e9ci l&rsquo;Osmo ou l&rsquo;Osmo Pocket","author":"R. Hespel","date":"juillet 25, 2019","format":false,"excerpt":"Sortie en 2015, la DJI Osmo \u00e9tait une r\u00e9volution. Le constructeur chinois offrait la possibilit\u00e9 \u00e0 tout vid\u00e9aste de remplacer une lourde et imposante steadycam par un outil simple et l\u00e9ger, capable de filmer de mani\u00e8re fluide n'importe quel mouvement, ou presque. De nombreux autres fabricants ont suivi pour surfer\u2026","rel":"","context":"Dans &quot;Nouvelles technologies&quot;","block_context":{"text":"Nouvelles technologies","link":"https:\/\/hespel.fr\/?cat=5"},"img":{"alt_text":"","src":"https:\/\/i0.wp.com\/hespel.fr\/wp-content\/uploads\/2019\/07\/OsmoVsOsmoPocket-1024x576.jpg?resize=350%2C200&ssl=1","width":350,"height":200,"srcset":"https:\/\/i0.wp.com\/hespel.fr\/wp-content\/uploads\/2019\/07\/OsmoVsOsmoPocket-1024x576.jpg?resize=350%2C200&ssl=1 1x, https:\/\/i0.wp.com\/hespel.fr\/wp-content\/uploads\/2019\/07\/OsmoVsOsmoPocket-1024x576.jpg?resize=525%2C300&ssl=1 1.5x, https:\/\/i0.wp.com\/hespel.fr\/wp-content\/uploads\/2019\/07\/OsmoVsOsmoPocket-1024x576.jpg?resize=700%2C400&ssl=1 2x"},"classes":[]},{"id":759,"url":"https:\/\/hespel.fr\/?p=759","url_meta":{"origin":104365,"position":1},"title":"In the air ou le drone DJI Phantom 4","author":"R. Hespel","date":"juillet 27, 2016","format":false,"excerpt":"Dire que les drones sont une nouvelle tendance dans le milieu de l'audiovisuel serait une belle erreur. Si on parle de tendances, on peut parler de vid\u00e9o \u00e0 360\u00b0 ou de r\u00e9alit\u00e9 virtuelle, mais certainement pas des drones. Ceux-ci sont sur le march\u00e9 depuis d\u00e9j\u00e0 quelques ann\u00e9es et, si le\u2026","rel":"","context":"Dans &quot;Nouvelles technologies&quot;","block_context":{"text":"Nouvelles technologies","link":"https:\/\/hespel.fr\/?cat=5"},"img":{"alt_text":"maxresdefault","src":"https:\/\/i0.wp.com\/hespel.fr\/wp-content\/uploads\/2016\/07\/maxresdefault-1024x576.jpg?resize=350%2C200","width":350,"height":200},"classes":[]},{"id":1783,"url":"https:\/\/hespel.fr\/?p=1783","url_meta":{"origin":104365,"position":2},"title":"La doublure ou la Sony RX0 Mark II","author":"R. Hespel","date":"f\u00e9vrier 3, 2020","format":false,"excerpt":"Sortie au milieu de l'ann\u00e9e derni\u00e8re, la Sony RX0 II est pass\u00e9e relativement inaper\u00e7ue. Etait-ce \u00e0 cause de son format qui l'assimile d'office \u00e0 une action cam (une GoPro de plus ?), de son c\u00f4t\u00e9 inclassable (beaucoup l'ont envisag\u00e9 comme une cam\u00e9ra pour Youtubeurs), ou de son prix relativement \u00e9lev\u00e9\u2026","rel":"","context":"Dans &quot;Nouvelles technologies&quot;","block_context":{"text":"Nouvelles technologies","link":"https:\/\/hespel.fr\/?cat=5"},"img":{"alt_text":"","src":"https:\/\/i0.wp.com\/hespel.fr\/wp-content\/uploads\/2020\/01\/sonyrx0II_hespel01_resultat-1024x576.jpg?resize=350%2C200&ssl=1","width":350,"height":200,"srcset":"https:\/\/i0.wp.com\/hespel.fr\/wp-content\/uploads\/2020\/01\/sonyrx0II_hespel01_resultat-1024x576.jpg?resize=350%2C200&ssl=1 1x, https:\/\/i0.wp.com\/hespel.fr\/wp-content\/uploads\/2020\/01\/sonyrx0II_hespel01_resultat-1024x576.jpg?resize=525%2C300&ssl=1 1.5x, https:\/\/i0.wp.com\/hespel.fr\/wp-content\/uploads\/2020\/01\/sonyrx0II_hespel01_resultat-1024x576.jpg?resize=700%2C400&ssl=1 2x"},"classes":[]},{"id":195,"url":"https:\/\/hespel.fr\/?p=195","url_meta":{"origin":104365,"position":3},"title":"Les Temps Modernes ou l&rsquo;Archos 70it","author":"R. Hespel","date":"novembre 26, 2010","format":false,"excerpt":"S'il y a bien un cadeau qui va se retrouver sous bon nombre de sapins cette fin d'ann\u00e9e 2010, c'est la tablette. Apple a frapp\u00e9 fort en lan\u00e7ant une mouvance avec son iPad, mais depuis peu, le march\u00e9 bouge beaucoup et \u00e9volue dans le bon sens. L'iPad avait deux inconv\u00e9nients\u2026","rel":"","context":"Dans &quot;Nouvelles technologies&quot;","block_context":{"text":"Nouvelles technologies","link":"https:\/\/hespel.fr\/?cat=5"},"img":{"alt_text":"","src":"https:\/\/i0.wp.com\/hespel.fr\/wp-content\/uploads\/2010\/11\/Iarchos-70-it-back.jpg?resize=350%2C200&ssl=1","width":350,"height":200,"srcset":"https:\/\/i0.wp.com\/hespel.fr\/wp-content\/uploads\/2010\/11\/Iarchos-70-it-back.jpg?resize=350%2C200&ssl=1 1x, https:\/\/i0.wp.com\/hespel.fr\/wp-content\/uploads\/2010\/11\/Iarchos-70-it-back.jpg?resize=525%2C300&ssl=1 1.5x"},"classes":[]},{"id":92,"url":"https:\/\/hespel.fr\/?p=92","url_meta":{"origin":104365,"position":4},"title":"[Rec] ou une pr\u00e9sentation du Kodak Zi8","author":"R. Hespel","date":"janvier 18, 2010","format":false,"excerpt":"La Kodak Zi8 n'a rien de nouveau. Sortie au mois de septembre 2009, le mod\u00e8le est d\u00e9j\u00e0 \u00e2g\u00e9 de 4 mois ; une \u00e9ternit\u00e9, tant dans le monde de la vid\u00e9o que dans celui des nouvelles technologies. Pourtant, ses concurrents se comptent encore sur les doigts d'une seule main et\u2026","rel":"","context":"Dans &quot;Nouvelles technologies&quot;","block_context":{"text":"Nouvelles technologies","link":"https:\/\/hespel.fr\/?cat=5"},"img":{"alt_text":"","src":"https:\/\/i0.wp.com\/hespel.fr\/wp-content\/uploads\/2010\/01\/IMG_3522-300x225.jpg?resize=350%2C200","width":350,"height":200},"classes":[]},{"id":191,"url":"https:\/\/hespel.fr\/?p=191","url_meta":{"origin":104365,"position":5},"title":"La Rel\u00e8ve ou la Sony NEX-VG10","author":"R. Hespel","date":"novembre 1, 2010","format":false,"excerpt":"J'ai d\u00e9couvert ce week-end une nouvelle cam\u00e9ra semi-professionnelle de Sony : la handycam NEX-VG10. Un mod\u00e8le qui se classe dans la cat\u00e9gorie grand public, s'adressant aux amateurs \u00e9clair\u00e9s et \u00e0 ceux qui aspirent \u00e0 la vid\u00e9o professionnelle \u00e0 peu de frais. Ces derniers temps, sur ce segment, on ne parlait\u2026","rel":"","context":"Dans &quot;Nouvelles technologies&quot;","block_context":{"text":"Nouvelles technologies","link":"https:\/\/hespel.fr\/?cat=5"},"img":{"alt_text":"Sony NEX VG10","src":"https:\/\/i0.wp.com\/hespel.fr\/wp-content\/uploads\/2010\/11\/artoff4797-25173-300x132.jpg?resize=350%2C200","width":350,"height":200},"classes":[]}],"_links":{"self":[{"href":"https:\/\/hespel.fr\/index.php?rest_route=\/wp\/v2\/posts\/104365","targetHints":{"allow":["GET"]}}],"collection":[{"href":"https:\/\/hespel.fr\/index.php?rest_route=\/wp\/v2\/posts"}],"about":[{"href":"https:\/\/hespel.fr\/index.php?rest_route=\/wp\/v2\/types\/post"}],"author":[{"embeddable":true,"href":"https:\/\/hespel.fr\/index.php?rest_route=\/wp\/v2\/users\/3"}],"replies":[{"embeddable":true,"href":"https:\/\/hespel.fr\/index.php?rest_route=%2Fwp%2Fv2%2Fcomments&post=104365"}],"version-history":[{"count":14,"href":"https:\/\/hespel.fr\/index.php?rest_route=\/wp\/v2\/posts\/104365\/revisions"}],"predecessor-version":[{"id":106567,"href":"https:\/\/hespel.fr\/index.php?rest_route=\/wp\/v2\/posts\/104365\/revisions\/106567"}],"wp:attachment":[{"href":"https:\/\/hespel.fr\/index.php?rest_route=%2Fwp%2Fv2%2Fmedia&parent=104365"}],"wp:term":[{"taxonomy":"category","embeddable":true,"href":"https:\/\/hespel.fr\/index.php?rest_route=%2Fwp%2Fv2%2Fcategories&post=104365"},{"taxonomy":"post_tag","embeddable":true,"href":"https:\/\/hespel.fr\/index.php?rest_route=%2Fwp%2Fv2%2Ftags&post=104365"}],"curies":[{"name":"wp","href":"https:\/\/api.w.org\/{rel}","templated":true}]}}